{"id":52999,"date":"2025-04-23T17:11:34","date_gmt":"2025-04-23T20:11:34","guid":{"rendered":"https:\/\/radiorevelacionfm.cl\/?p=52999"},"modified":"2025-04-23T17:11:34","modified_gmt":"2025-04-23T20:11:34","slug":"seremi-del-deporte-destaca-avances-y-proyecciones-para-el-centro-de-montana-el-fraile","status":"publish","type":"post","link":"https:\/\/radiorevelacionfm.cl\/?p=52999","title":{"rendered":"Seremi del Deporte destaca avances y proyecciones para el centro de monta\u00f1a El Fraile"},"content":{"rendered":"<div class=\"flex_column av_one_full  flex_column_div av-zero-column-padding first  avia-builder-el-0  el_before_av_one_full  avia-builder-el-first  \" style='border-radius:0px; '><div  class='avia-image-container  av-styling-    avia-builder-el-1  avia-builder-el-no-sibling  avia-align-center '  itemprop=\"image\" itemscope=\"itemscope\" itemtype=\"https:\/\/schema.org\/ImageObject\"  ><div class='avia-image-container-inner'><div class='avia-image-overlay-wrap'><img decoding=\"async\" class='wp-image-53000 avia-img-lazy-loading-not-53000 avia_image' src=\"https:\/\/radiorevelacionfm.cl\/wp-content\/uploads\/2025\/04\/470206417_8625877834190356_7973857801997643296_n-1-1.jpg\" alt='' title='470206417_8625877834190356_7973857801997643296_n (1) (1)' height=\"600\" width=\"802\"  itemprop=\"thumbnailUrl\" srcset=\"https:\/\/radiorevelacionfm.cl\/wp-content\/uploads\/2025\/04\/470206417_8625877834190356_7973857801997643296_n-1-1.jpg 802w, https:\/\/radiorevelacionfm.cl\/wp-content\/uploads\/2025\/04\/470206417_8625877834190356_7973857801997643296_n-1-1-300x224.jpg 300w, https:\/\/radiorevelacionfm.cl\/wp-content\/uploads\/2025\/04\/470206417_8625877834190356_7973857801997643296_n-1-1-768x575.jpg 768w, https:\/\/radiorevelacionfm.cl\/wp-content\/uploads\/2025\/04\/470206417_8625877834190356_7973857801997643296_n-1-1-705x527.jpg 705w, https:\/\/radiorevelacionfm.cl\/wp-content\/uploads\/2025\/04\/470206417_8625877834190356_7973857801997643296_n-1-1-450x337.jpg 450w, https:\/\/radiorevelacionfm.cl\/wp-content\/uploads\/2025\/04\/470206417_8625877834190356_7973857801997643296_n-1-1-600x449.jpg 600w\" sizes=\"(max-width: 802px) 100vw, 802px\" \/><\/div><\/div><\/div><\/div><div class=\"flex_column av_one_full  flex_column_div av-zero-column-padding first  avia-builder-el-2  el_after_av_one_full  el_before_av_one_full  column-top-margin\" style='border-radius:0px; '><section class=\"av_textblock_section \"  itemscope=\"itemscope\" itemtype=\"https:\/\/schema.org\/BlogPosting\" itemprop=\"blogPost\" ><div class='avia_textblock  '   itemprop=\"text\" ><p style=\"text-align: center;\"><strong><span style=\"font-size: 18pt;\">Seremi del Deporte destaca avances y proyecciones para el centro de monta\u00f1a El Fraile<\/span><\/strong><\/p>\n<div id=\"gtx-trans\" style=\"position: absolute; left: -50px; top: 4.31534px;\">\n<div class=\"gtx-trans-icon\"><\/div>\n<\/div>\n<\/div><\/section><\/div><div class=\"flex_column av_one_full  flex_column_div av-zero-column-padding first  avia-builder-el-4  el_after_av_one_full  el_before_av_hr  column-top-margin\" style='border-radius:0px; '><section class=\"av_textblock_section \"  itemscope=\"itemscope\" itemtype=\"https:\/\/schema.org\/BlogPosting\" itemprop=\"blogPost\" ><div class='avia_textblock  '   itemprop=\"text\" ><p style=\"text-align: justify;\"><i>\u00abEl fortalecimiento del Centro de Monta\u00f1a IND no solo impulsa el turismo y el desarrollo regional, sino que tambi\u00e9n promueve estilos de vida activos, saludables y en armon\u00eda con nuestro entorno natural. Avanzamos con responsabilidad para que m\u00e1s personas puedan disfrutar del deporte en la naturaleza, acercando la cultura del movimiento a la poblaci\u00f3n y proyect\u00e1ndonos para el futuro.\u00bb<\/i><\/p>\n<p style=\"text-align: justify;\"><b>Concesi\u00f3n a largo plazo:<\/b><\/p>\n<p style=\"text-align: justify;\">Durante el mes de noviembre del a\u00f1o 2024, la Secretar\u00eda Regional Ministerial del Deporte, Mar\u00eda Eugenia Dur\u00e1n, junto al director de CORFO, Humberto Mar\u00edn Leiva, constituyeron una Mesa Intersectorial de trabajo, con miras a lograr una concesi\u00f3n a largo plazo del Centro de Monta\u00f1a IND. Fruto de estas coordinaciones, la Delegaci\u00f3n Presidencial anunci\u00f3 en enero del presente a\u00f1o, el inicio de un plan de trabajo sistem\u00e1tico y de largo aliento, declarando el compromiso del Gobierno para avanzar decidida y responsablemente en esa direcci\u00f3n.<\/p>\n<p style=\"text-align: justify;\">El primer objetivo que traz\u00f3 esta Mesa fue la elaboraci\u00f3n de Bases T\u00e9cnicas y Administrativas para licitar un Estudio que permita obtener informaci\u00f3n fidedigna referente a la rentabilidad social y econ\u00f3mica del recinto, adem\u00e1s de orientaci\u00f3n sobre las caracter\u00edsticas que debe tener una concesi\u00f3n a largo plazo para el Centro de Monta\u00f1a IND. Durante estos meses, se avanz\u00f3 en aquello y adem\u00e1s se aument\u00f3 el presupuesto comprometido por CORFO, a trav\u00e9s de su Programa Per Turismo, financiado por el Gobierno Regional.<\/p>\n<p style=\"text-align: justify;\">Sobre esta materia, Humberto Mar\u00edn, director de CORFO precis\u00f3:\u00a0<i>\u00abEn el marco de la concesi\u00f3n a largo plazo del Centro de Monta\u00f1a de IND, nosotros como CORFO, a trav\u00e9s de nuestro programa PER Turismo, estamos en condiciones, durante el mes de abril de abrir una licitaci\u00f3n para contratar un estudio que factibiliza dicho proceso\u00bb.<\/i><\/p>\n<p style=\"text-align: justify;\">Por su parte, Mar\u00eda Eugenia Dur\u00e1n, Seremi del Deporte, se\u00f1al\u00f3: \u00ab<i>Estamos cumpliendo con lo comprometido, por cuanto cada integrante de esta Mesa T\u00e9cnica Intersectorial, ha trabajado arduamente y con la mejor disposici\u00f3n para consensuar las bases de este estudio, que est\u00e1 pronto a licitarse. Quiero reconocer y agradecer la colaboraci\u00f3n en primer lugar de CORFO a trav\u00e9s de CODESSER y PER Turismo, al Gobierno Regional, IND, SERNATUR, MOP y al Ministerio de Desarrollo Social y Familia. Esperamos que, en el corto plazo, se logre adjudicar el estudio y antes de finalizar el a\u00f1o, conocer sus resultados, pues en base a ello, se definir\u00e1n los siguientes pasos a seguir\u00bb.<\/i><\/p>\n<p style=\"text-align: justify;\"><b>Administraci\u00f3n actual:<\/b><\/p>\n<p style=\"text-align: justify;\">Por otra parte, y paralelo al trabajo de la Mesa Intersectorial, en el mes de diciembre del 2024, se dio t\u00e9rmino anticipado al convenio de administraci\u00f3n delegada del Centro de Monta\u00f1a, entre IND y el anterior administrador. Motivo por el cual, en enero del 2025, las autoridades del deporte, iniciaron gestiones con el Municipio de Coyhaique y su Corporaci\u00f3n de Deportes que permitieran consensuar una propuesta de administraci\u00f3n a trav\u00e9s de un comodato, desde esta temporada invernal en adelante, mientras contin\u00faa avanzando el proceso de licitaci\u00f3n a largo plazo.<\/p>\n<p style=\"text-align: justify;\">A estas conversaciones, se sumaron los clubes deportivos y operadores tur\u00edsticos vinculados al recinto, luego las y los concejales, dando como resultado la firma de un acuerdo de colaboraci\u00f3n con la nueva administraci\u00f3n, que les permitir\u00e1 contar con la aprobaci\u00f3n de presupuesto municipal, para invertir en el Centro de Monta\u00f1a a corto plazo. Dicha inversi\u00f3n, comprometida por el alcalde Carlos Gatica, bordea los 250 millones de pesos, destinados tanto a costear la operaci\u00f3n del centro, como a realizar mejoras, siendo una de las m\u00e1s destacadas, la instalaci\u00f3n de infraestructura modular, en el lugar donde actualmente se emplaza la cafeter\u00eda.<\/p>\n<p style=\"text-align: justify;\">La primera autoridad de la cartera expres\u00f3: \u00abCon di\u00e1logo y trabajo conjunto, damos un paso clave para asegurar el buen funcionamiento del Centro de Monta\u00f1a de IND desde esta temporada y por los pr\u00f3ximos 4 a\u00f1os, por lo que estamos en condiciones de materializar la firma del Comodato entre el IND y la Corporaci\u00f3n Municipal de Deportes, en los pr\u00f3ximos d\u00edas\u00bb.<\/p>\n<p style=\"text-align: justify;\">El compromiso de la institucionalidad deportiva es avanzar con responsabilidad en fortalecer el Centro de Monta\u00f1a IND, a corto, mediano y largo plazo, resguardando que tanto, su administraci\u00f3n actual, como la futura, mantenga y refuerce el car\u00e1cter social y de acceso p\u00fablico a la actividad f\u00edsica y el deporte, en este recinto.<\/p>\n<\/div><\/section><\/div><div  style='height:50px' class='hr hr-invisible   avia-builder-el-6  el_after_av_one_full  el_before_av_social_share '><span class='hr-inner ' ><span class='hr-inner-style'><\/span><\/span><\/div><\/p>\n<div  class='av-social-sharing-box  avia-builder-el-7  el_after_av_hr  el_before_av_hr  '><div class='av-share-box'><h5 class='av-share-link-description av-no-toc '>Compartir esta noticia<\/h5><ul class='av-share-box-list noLightbox'><li class='av-share-link av-social-link-facebook' ><a target=\"_blank\" aria-label=\"Compartir en Facebook\" href='https:\/\/www.facebook.com\/sharer.php?u=https:\/\/radiorevelacionfm.cl\/?p=52999&#038;t=Seremi%20del%20Deporte%20destaca%20avances%20y%20proyecciones%20para%20el%20centro%20de%20monta%C3%B1a%20El%20Fraile' aria-hidden='false' data-av_icon='\ue8f3' data-av_iconfont='entypo-fontello' title='' data-avia-related-tooltip='Compartir en Facebook' rel=\"noopener\"><span class='avia_hidden_link_text'>Compartir en Facebook<\/span><\/a><\/li><li class='av-share-link av-social-link-twitter' ><a target=\"_blank\" aria-label=\"Compartir en Twitter\" href='https:\/\/twitter.com\/share?text=Seremi%20del%20Deporte%20destaca%20avances%20y%20proyecciones%20para%20el%20centro%20de%20monta%C3%B1a%20El%20Fraile&#038;url=https:\/\/radiorevelacionfm.cl\/?p=52999' aria-hidden='false' data-av_icon='\ue8f1' data-av_iconfont='entypo-fontello' title='' data-avia-related-tooltip='Compartir en Twitter' rel=\"noopener\"><span class='avia_hidden_link_text'>Compartir en Twitter<\/span><\/a><\/li><li class='av-share-link av-social-link-whatsapp' ><a target=\"_blank\" aria-label=\"Compartir en Whatsapp\" href='https:\/\/api.whatsapp.com\/send?text=https:\/\/radiorevelacionfm.cl\/?p=52999' aria-hidden='false' data-av_icon='\uf232' data-av_iconfont='entypo-fontello' title='' data-avia-related-tooltip='Compartir en Whatsapp' rel=\"noopener\"><span class='avia_hidden_link_text'>Compartir en Whatsapp<\/span><\/a><\/li><li class='av-share-link av-social-link-linkedin' ><a target=\"_blank\" aria-label=\"Compartir en LinkedIn\" href='https:\/\/linkedin.com\/shareArticle?mini=true&#038;title=Seremi%20del%20Deporte%20destaca%20avances%20y%20proyecciones%20para%20el%20centro%20de%20monta%C3%B1a%20El%20Fraile&#038;url=https:\/\/radiorevelacionfm.cl\/?p=52999' aria-hidden='false' data-av_icon='\ue8fc' data-av_iconfont='entypo-fontello' title='' data-avia-related-tooltip='Compartir en LinkedIn' rel=\"noopener\"><span class='avia_hidden_link_text'>Compartir en LinkedIn<\/span><\/a><\/li><li class='av-share-link av-social-link-mail' ><a  aria-label=\"Compartir por correo\" href='mailto:?subject=Seremi%20del%20Deporte%20destaca%20avances%20y%20proyecciones%20para%20el%20centro%20de%20monta%C3%B1a%20El%20Fraile&#038;body=https:\/\/radiorevelacionfm.cl\/?p=52999' aria-hidden='false' data-av_icon='\ue805' data-av_iconfont='entypo-fontello' title='' data-avia-related-tooltip='Compartir por correo'><span class='avia_hidden_link_text'>Compartir por correo<\/span><\/a><\/li><\/ul><\/div><\/div>\n<div  style='height:50px' class='hr hr-invisible   avia-builder-el-8  el_after_av_social_share  el_before_av_comments_list '><span class='hr-inner ' ><span class='hr-inner-style'><\/span><\/span><\/div>\n<div  class='av-buildercomment  av-blog-meta-html-info-disabled av-blog-meta-tag-disabled  '><\/div>\n","protected":false},"excerpt":{"rendered":"","protected":false},"author":1,"featured_media":53000,"comment_status":"closed","ping_status":"closed","sticky":false,"template":"","format":"standard","meta":{"footnotes":""},"categories":[40],"tags":[],"class_list":["post-52999","post","type-post","status-publish","format-standard","has-post-thumbnail","hentry","category-deportes"],"jetpack_featured_media_url":"https:\/\/radiorevelacionfm.cl\/wp-content\/uploads\/2025\/04\/470206417_8625877834190356_7973857801997643296_n-1-1.jpg","_links":{"self":[{"href":"https:\/\/radiorevelacionfm.cl\/index.php?rest_route=\/wp\/v2\/posts\/52999","targetHints":{"allow":["GET"]}}],"collection":[{"href":"https:\/\/radiorevelacionfm.cl\/index.php?rest_route=\/wp\/v2\/posts"}],"about":[{"href":"https:\/\/radiorevelacionfm.cl\/index.php?rest_route=\/wp\/v2\/types\/post"}],"author":[{"embeddable":true,"href":"https:\/\/radiorevelacionfm.cl\/index.php?rest_route=\/wp\/v2\/users\/1"}],"replies":[{"embeddable":true,"href":"https:\/\/radiorevelacionfm.cl\/index.php?rest_route=%2Fwp%2Fv2%2Fcomments&post=52999"}],"version-history":[{"count":2,"href":"https:\/\/radiorevelacionfm.cl\/index.php?rest_route=\/wp\/v2\/posts\/52999\/revisions"}],"predecessor-version":[{"id":53006,"href":"https:\/\/radiorevelacionfm.cl\/index.php?rest_route=\/wp\/v2\/posts\/52999\/revisions\/53006"}],"wp:featuredmedia":[{"embeddable":true,"href":"https:\/\/radiorevelacionfm.cl\/index.php?rest_route=\/wp\/v2\/media\/53000"}],"wp:attachment":[{"href":"https:\/\/radiorevelacionfm.cl\/index.php?rest_route=%2Fwp%2Fv2%2Fmedia&parent=52999"}],"wp:term":[{"taxonomy":"category","embeddable":true,"href":"https:\/\/radiorevelacionfm.cl\/index.php?rest_route=%2Fwp%2Fv2%2Fcategories&post=52999"},{"taxonomy":"post_tag","embeddable":true,"href":"https:\/\/radiorevelacionfm.cl\/index.php?rest_route=%2Fwp%2Fv2%2Ftags&post=52999"}],"curies":[{"name":"wp","href":"https:\/\/api.w.org\/{rel}","templated":true}]}}