{"id":52992,"date":"2025-04-23T21:35:58","date_gmt":"2025-04-24T00:35:58","guid":{"rendered":"https:\/\/radiorevelacionfm.cl\/?p=52992"},"modified":"2025-04-23T21:35:58","modified_gmt":"2025-04-24T00:35:58","slug":"profesionales-de-todo-el-pais-asistiran-a-las-xviii-jornadas-patagonicas-de-derecho-penal","status":"publish","type":"post","link":"https:\/\/radiorevelacionfm.cl\/?p=52992","title":{"rendered":"Profesionales de todo el pa\u00eds asistir\u00e1n a las XVIII Jornadas Patag\u00f3nicas de Derecho Penal"},"content":{"rendered":"<div class=\"flex_column av_one_full  flex_column_div av-zero-column-padding first  avia-builder-el-0  el_before_av_one_full  avia-builder-el-first  \" style='border-radius:0px; '><div  class='avia-image-container  av-styling-    avia-builder-el-1  avia-builder-el-no-sibling  avia-align-center '  itemprop=\"image\" itemscope=\"itemscope\" itemtype=\"https:\/\/schema.org\/ImageObject\"  ><div class='avia-image-container-inner'><div class='avia-image-overlay-wrap'><img decoding=\"async\" class='wp-image-52539 avia-img-lazy-loading-not-52539 avia_image' src=\"https:\/\/radiorevelacionfm.cl\/wp-content\/uploads\/2025\/04\/afiche_con_nombres-2_optimized-1.jpg\" alt='' title='afiche_con_nombres-(2)_optimized (1)' height=\"600\" width=\"1067\"  itemprop=\"thumbnailUrl\" srcset=\"https:\/\/radiorevelacionfm.cl\/wp-content\/uploads\/2025\/04\/afiche_con_nombres-2_optimized-1.jpg 1067w, https:\/\/radiorevelacionfm.cl\/wp-content\/uploads\/2025\/04\/afiche_con_nombres-2_optimized-1-300x169.jpg 300w, https:\/\/radiorevelacionfm.cl\/wp-content\/uploads\/2025\/04\/afiche_con_nombres-2_optimized-1-1030x579.jpg 1030w, https:\/\/radiorevelacionfm.cl\/wp-content\/uploads\/2025\/04\/afiche_con_nombres-2_optimized-1-768x432.jpg 768w, https:\/\/radiorevelacionfm.cl\/wp-content\/uploads\/2025\/04\/afiche_con_nombres-2_optimized-1-705x396.jpg 705w, https:\/\/radiorevelacionfm.cl\/wp-content\/uploads\/2025\/04\/afiche_con_nombres-2_optimized-1-450x253.jpg 450w, https:\/\/radiorevelacionfm.cl\/wp-content\/uploads\/2025\/04\/afiche_con_nombres-2_optimized-1-600x337.jpg 600w\" sizes=\"(max-width: 1067px) 100vw, 1067px\" \/><\/div><\/div><\/div><\/div><div class=\"flex_column av_one_full  flex_column_div av-zero-column-padding first  avia-builder-el-2  el_after_av_one_full  el_before_av_one_full  column-top-margin\" style='border-radius:0px; '><section class=\"av_textblock_section \"  itemscope=\"itemscope\" itemtype=\"https:\/\/schema.org\/BlogPosting\" itemprop=\"blogPost\" ><div class='avia_textblock  '   itemprop=\"text\" ><p style=\"text-align: center;\"><strong><span style=\"font-size: 18pt;\">Profesionales de todo el pa\u00eds asistir\u00e1n a las XVIII Jornadas Patag\u00f3nicas de Derecho Penal<\/span><\/strong><\/p>\n<div id=\"gtx-trans\" style=\"position: absolute; left: -50px; top: 4.31534px;\">\n<div class=\"gtx-trans-icon\"><\/div>\n<\/div>\n<\/div><\/section><\/div><div class=\"flex_column av_one_full  flex_column_div av-zero-column-padding first  avia-builder-el-4  el_after_av_one_full  el_before_av_hr  column-top-margin\" style='border-radius:0px; '><section class=\"av_textblock_section \"  itemscope=\"itemscope\" itemtype=\"https:\/\/schema.org\/BlogPosting\" itemprop=\"blogPost\" ><div class='avia_textblock  '   itemprop=\"text\" ><p style=\"font-weight: 400; text-align: justify;\"><em>Se inician este jueves 24 de abril a las 14.30 horas en el auditorio del Ej\u00e9rcito.<\/em><\/p>\n<p style=\"font-weight: 400; text-align: justify;\">Las XVIII Jornadas Patag\u00f3nicas de Derecho Penal, con abogados y profesionales de todo Chile, se realizar\u00e1n este jueves 24 de abril, desde las 14.30 horas y el viernes 25 todo el d\u00eda, en el auditorio del Ej\u00e9rcito en Coyhaique.<\/p>\n<p style=\"font-weight: 400; text-align: justify;\">Seg\u00fan detall\u00f3 el Fiscal Regional (s), Jos\u00e9 Moris, esta actividad acad\u00e9mica incluye la presentaci\u00f3n de ponencias de reconocidos acad\u00e9micos y acad\u00e9micas, quienes analizar\u00e1n diversas tem\u00e1ticas de inter\u00e9s asociadas al Derecho Penal.<\/p>\n<p style=\"font-weight: 400; text-align: justify;\">PROGRAMA<\/p>\n<p style=\"font-weight: 400; text-align: justify;\">El programa contempla que el jueves 24 de abril, desde las 14:30 horas, expondr\u00e1 la Dra. Diva Serra Cruz, quien abordar\u00e1 la \u201cEficacia persecutoria y tipicidad en el delito de fraude al fisco\u201d y luego el Dr. Nicol\u00e1s Oxman Vilches, con la tem\u00e1tica denominada \u201cConsentimiento y medios de comisi\u00f3n en los delitos de violaci\u00f3n y abuso sexuales\u201d.<\/p>\n<p style=\"font-weight: 400; text-align: justify;\">El viernes 25 de abril a las 09:30 horas, el Dr. Carlos Castellv\u00ed Monserrat, analizar\u00e1 \u201cLa relevancia penal del stealthing y de otros enga\u00f1os sexuales\u201d y el Dr. Juan Pablo Ma\u00f1alich Raffo expondr\u00e1 sobre \u201cLa funci\u00f3n penol\u00f3gica del concepto legal de delito econ\u00f3mico\u201d.<\/p>\n<p style=\"font-weight: 400; text-align: justify;\">En la tarde del mismo viernes 25 de abril, desde las 14:30 horas, la Dra. Alejandra Castillo Ara, presentar\u00e1 los \u201cAspectos dogm\u00e1ticos del delito de secuestro\u201d y el Dr. H\u00e9ctor Hern\u00e1ndez Basualto abordar\u00e1 la \u201cResponsabilidad penal de los abogados por conductas de sus clientes. Algunas aclaraciones\u201d.<\/p>\n<p style=\"font-weight: 400; text-align: justify;\">Estas Jornadas Patag\u00f3nicas de Derecho Penal, las cuales no tienen costo de inscripci\u00f3n, constituyen una importante oportunidad de formaci\u00f3n jur\u00eddica para estudiantes, profesionales del Derecho, acad\u00e9micos y funcionarios p\u00fablicos, debido a la relevancia que ha alcanzado esta actividad a nivel nacional. Las personas interesadas en participar pueden escribir al correo\u00a0<a href=\"mailto:fnunez@minpublico.cl\">fnunez@minpublico.cl<\/a>\u00a0 para solicitar su registro.<\/p>\n<\/div><\/section><\/div><div  style='height:50px' class='hr hr-invisible   avia-builder-el-6  el_after_av_one_full  el_before_av_social_share '><span class='hr-inner ' ><span class='hr-inner-style'><\/span><\/span><\/div><\/p>\n<div  class='av-social-sharing-box  avia-builder-el-7  el_after_av_hr  el_before_av_hr  '><div class='av-share-box'><h5 class='av-share-link-description av-no-toc '>Compartir esta noticia<\/h5><ul class='av-share-box-list noLightbox'><li class='av-share-link av-social-link-facebook' ><a target=\"_blank\" aria-label=\"Compartir en Facebook\" href='https:\/\/www.facebook.com\/sharer.php?u=https:\/\/radiorevelacionfm.cl\/?p=52992&#038;t=Profesionales%20de%20todo%20el%20pa%C3%ADs%20asistir%C3%A1n%20a%20las%20XVIII%20Jornadas%20Patag%C3%B3nicas%20de%20Derecho%20Penal' aria-hidden='false' data-av_icon='\ue8f3' data-av_iconfont='entypo-fontello' title='' data-avia-related-tooltip='Compartir en Facebook' rel=\"noopener\"><span class='avia_hidden_link_text'>Compartir en Facebook<\/span><\/a><\/li><li class='av-share-link av-social-link-twitter' ><a target=\"_blank\" aria-label=\"Compartir en Twitter\" href='https:\/\/twitter.com\/share?text=Profesionales%20de%20todo%20el%20pa%C3%ADs%20asistir%C3%A1n%20a%20las%20XVIII%20Jornadas%20Patag%C3%B3nicas%20de%20Derecho%20Penal&#038;url=https:\/\/radiorevelacionfm.cl\/?p=52992' aria-hidden='false' data-av_icon='\ue8f1' data-av_iconfont='entypo-fontello' title='' data-avia-related-tooltip='Compartir en Twitter' rel=\"noopener\"><span class='avia_hidden_link_text'>Compartir en Twitter<\/span><\/a><\/li><li class='av-share-link av-social-link-whatsapp' ><a target=\"_blank\" aria-label=\"Compartir en Whatsapp\" href='https:\/\/api.whatsapp.com\/send?text=https:\/\/radiorevelacionfm.cl\/?p=52992' aria-hidden='false' data-av_icon='\uf232' data-av_iconfont='entypo-fontello' title='' data-avia-related-tooltip='Compartir en Whatsapp' rel=\"noopener\"><span class='avia_hidden_link_text'>Compartir en Whatsapp<\/span><\/a><\/li><li class='av-share-link av-social-link-linkedin' ><a target=\"_blank\" aria-label=\"Compartir en LinkedIn\" href='https:\/\/linkedin.com\/shareArticle?mini=true&#038;title=Profesionales%20de%20todo%20el%20pa%C3%ADs%20asistir%C3%A1n%20a%20las%20XVIII%20Jornadas%20Patag%C3%B3nicas%20de%20Derecho%20Penal&#038;url=https:\/\/radiorevelacionfm.cl\/?p=52992' aria-hidden='false' data-av_icon='\ue8fc' data-av_iconfont='entypo-fontello' title='' data-avia-related-tooltip='Compartir en LinkedIn' rel=\"noopener\"><span class='avia_hidden_link_text'>Compartir en LinkedIn<\/span><\/a><\/li><li class='av-share-link av-social-link-mail' ><a  aria-label=\"Compartir por correo\" href='mailto:?subject=Profesionales%20de%20todo%20el%20pa%C3%ADs%20asistir%C3%A1n%20a%20las%20XVIII%20Jornadas%20Patag%C3%B3nicas%20de%20Derecho%20Penal&#038;body=https:\/\/radiorevelacionfm.cl\/?p=52992' aria-hidden='false' data-av_icon='\ue805' data-av_iconfont='entypo-fontello' title='' data-avia-related-tooltip='Compartir por correo'><span class='avia_hidden_link_text'>Compartir por correo<\/span><\/a><\/li><\/ul><\/div><\/div>\n<div  style='height:50px' class='hr hr-invisible   avia-builder-el-8  el_after_av_social_share  el_before_av_comments_list '><span class='hr-inner ' ><span class='hr-inner-style'><\/span><\/span><\/div>\n<div  class='av-buildercomment  av-blog-meta-html-info-disabled av-blog-meta-tag-disabled  '><\/div>\n","protected":false},"excerpt":{"rendered":"","protected":false},"author":1,"featured_media":52539,"comment_status":"closed","ping_status":"closed","sticky":false,"template":"","format":"standard","meta":{"footnotes":""},"categories":[55],"tags":[],"class_list":["post-52992","post","type-post","status-publish","format-standard","has-post-thumbnail","hentry","category-justicia"],"jetpack_featured_media_url":"https:\/\/radiorevelacionfm.cl\/wp-content\/uploads\/2025\/04\/afiche_con_nombres-2_optimized-1.jpg","_links":{"self":[{"href":"https:\/\/radiorevelacionfm.cl\/index.php?rest_route=\/wp\/v2\/posts\/52992","targetHints":{"allow":["GET"]}}],"collection":[{"href":"https:\/\/radiorevelacionfm.cl\/index.php?rest_route=\/wp\/v2\/posts"}],"about":[{"href":"https:\/\/radiorevelacionfm.cl\/index.php?rest_route=\/wp\/v2\/types\/post"}],"author":[{"embeddable":true,"href":"https:\/\/radiorevelacionfm.cl\/index.php?rest_route=\/wp\/v2\/users\/1"}],"replies":[{"embeddable":true,"href":"https:\/\/radiorevelacionfm.cl\/index.php?rest_route=%2Fwp%2Fv2%2Fcomments&post=52992"}],"version-history":[{"count":2,"href":"https:\/\/radiorevelacionfm.cl\/index.php?rest_route=\/wp\/v2\/posts\/52992\/revisions"}],"predecessor-version":[{"id":53039,"href":"https:\/\/radiorevelacionfm.cl\/index.php?rest_route=\/wp\/v2\/posts\/52992\/revisions\/53039"}],"wp:featuredmedia":[{"embeddable":true,"href":"https:\/\/radiorevelacionfm.cl\/index.php?rest_route=\/wp\/v2\/media\/52539"}],"wp:attachment":[{"href":"https:\/\/radiorevelacionfm.cl\/index.php?rest_route=%2Fwp%2Fv2%2Fmedia&parent=52992"}],"wp:term":[{"taxonomy":"category","embeddable":true,"href":"https:\/\/radiorevelacionfm.cl\/index.php?rest_route=%2Fwp%2Fv2%2Fcategories&post=52992"},{"taxonomy":"post_tag","embeddable":true,"href":"https:\/\/radiorevelacionfm.cl\/index.php?rest_route=%2Fwp%2Fv2%2Ftags&post=52992"}],"curies":[{"name":"wp","href":"https:\/\/api.w.org\/{rel}","templated":true}]}}