{"id":52986,"date":"2025-04-23T15:25:51","date_gmt":"2025-04-23T18:25:51","guid":{"rendered":"https:\/\/radiorevelacionfm.cl\/?p=52986"},"modified":"2025-04-23T15:25:51","modified_gmt":"2025-04-23T18:25:51","slug":"obras-de-gabriela-mistral-protagonizan-un-nuevo-dia-del-libro-y-la-lectura-en-aysen","status":"publish","type":"post","link":"https:\/\/radiorevelacionfm.cl\/?p=52986","title":{"rendered":"Obras de Gabriela Mistral protagonizan un nuevo D\u00eda del Libro y la Lectura en Ays\u00e9n"},"content":{"rendered":"<div class=\"flex_column av_one_full  flex_column_div av-zero-column-padding first  avia-builder-el-0  el_before_av_one_full  avia-builder-el-first  \" style='border-radius:0px; '><div  class='avia-image-container  av-styling-    avia-builder-el-1  avia-builder-el-no-sibling  avia-align-center '  itemprop=\"image\" itemscope=\"itemscope\" itemtype=\"https:\/\/schema.org\/ImageObject\"  ><div class='avia-image-container-inner'><div class='avia-image-overlay-wrap'><img decoding=\"async\" class='wp-image-52987 avia-img-lazy-loading-not-52987 avia_image' src=\"https:\/\/radiorevelacionfm.cl\/wp-content\/uploads\/2025\/04\/DIA-LIBRO5-1-1.jpg\" alt='' title='DIA LIBRO5 (1) (1)' height=\"600\" width=\"900\"  itemprop=\"thumbnailUrl\" srcset=\"https:\/\/radiorevelacionfm.cl\/wp-content\/uploads\/2025\/04\/DIA-LIBRO5-1-1.jpg 900w, https:\/\/radiorevelacionfm.cl\/wp-content\/uploads\/2025\/04\/DIA-LIBRO5-1-1-300x200.jpg 300w, https:\/\/radiorevelacionfm.cl\/wp-content\/uploads\/2025\/04\/DIA-LIBRO5-1-1-768x512.jpg 768w, https:\/\/radiorevelacionfm.cl\/wp-content\/uploads\/2025\/04\/DIA-LIBRO5-1-1-705x470.jpg 705w, https:\/\/radiorevelacionfm.cl\/wp-content\/uploads\/2025\/04\/DIA-LIBRO5-1-1-450x300.jpg 450w, https:\/\/radiorevelacionfm.cl\/wp-content\/uploads\/2025\/04\/DIA-LIBRO5-1-1-600x400.jpg 600w\" sizes=\"(max-width: 900px) 100vw, 900px\" \/><\/div><\/div><\/div><\/div><div class=\"flex_column av_one_full  flex_column_div av-zero-column-padding first  avia-builder-el-2  el_after_av_one_full  el_before_av_one_full  column-top-margin\" style='border-radius:0px; '><section class=\"av_textblock_section \"  itemscope=\"itemscope\" itemtype=\"https:\/\/schema.org\/BlogPosting\" itemprop=\"blogPost\" ><div class='avia_textblock  '   itemprop=\"text\" ><div><\/div>\n<div>\n<div class=\"v1elementToProof\" style=\"text-align: center;\"><\/div>\n<\/div>\n<div>\n<p style=\"text-align: center;\"><strong><span style=\"font-size: 18pt;\">Obras de Gabriela Mistral protagonizan un nuevo D\u00eda del Libro y la Lectura en Ays\u00e9n<\/span><\/strong><\/p>\n<\/div>\n<div><\/div>\n<div id=\"gtx-trans\" style=\"position: absolute; left: -50px; top: 4.31534px;\">\n<div class=\"gtx-trans-icon\"><\/div>\n<\/div>\n<\/div><\/section><\/div><div class=\"flex_column av_one_full  flex_column_div av-zero-column-padding first  avia-builder-el-4  el_after_av_one_full  el_before_av_hr  column-top-margin\" style='border-radius:0px; '><section class=\"av_textblock_section \"  itemscope=\"itemscope\" itemtype=\"https:\/\/schema.org\/BlogPosting\" itemprop=\"blogPost\" ><div class='avia_textblock  '   itemprop=\"text\" ><p style=\"text-align: justify;\">Ni\u00f1os, ni\u00f1as, j\u00f3venes, equipos docentes y autoridades llegaron hasta la Biblioteca Regional de Ays\u00e9n para celebrar un nuevo D\u00eda del Libro, la Lectura y el Derecho de Autor, que cada 23 de abril conmemora al principal artefacto de aprendizaje.<\/p>\n<p style=\"text-align: justify;\">Desde 1988, la Unesco estableci\u00f3 este d\u00eda para fomentar la lectura, la industria editorial y proteger la propiedad intelectual por medio del derecho de autor. La fecha coincide con los fallecimientos de Miguel de Cervantes, Inca Garcilaso de la Vega y William Shakespeare, y de otros autores como Vladimir Nabokov y Josep Pla.<\/p>\n<p style=\"text-align: justify;\">En Chile, este 2025 la figura de Gabriela Mistral es el centro de las celebraciones que coinciden con los 80 a\u00f1os desde que la poeta chilena recibi\u00f3 el Premio Nobel de Literatura y se convirti\u00f3, hasta ahora, en la \u00fanica mujer de habla hispana en obtener dicho galard\u00f3n.<\/p>\n<p style=\"text-align: justify;\">Durante los festejos en el templo de la lectura por excelencia de la ciudad de Coyhaique, la Biblioteca Regional, se ofrecieron declamaciones po\u00e9ticas de estudiantes de diversos establecimientos y autoridades, adem\u00e1s de la presentaci\u00f3n de una versi\u00f3n escolar de la fundamental Volver a los 17 de Violeta Parra.<\/p>\n<p style=\"text-align: justify;\">El seremi de Culturas Ays\u00e9n, Felipe Quiroz, dijo que \u00abcomo Ministerio de las Culturas, las Artes y el Patrimonio tenemos la memoria, la obra y la vida de Gabriela Mistral, una gran escritora, poetisa de nuestro territorio que narr\u00f3 desde distintas latitudes las vivencias y los lugares por los cuales atraves\u00f3. A trav\u00e9s de esta, de la lengua madre, como dec\u00eda ella, queremos celebrar la lectura, el libro, los derechos de autor. Estamos, adem\u00e1s, lanzando la 15\u00aa edici\u00f3n de nuestro Concurso Cuentos de Invierno\u00bb.<\/p>\n<p style=\"text-align: justify;\">La directora de la Biblioteca Regional de Ays\u00e9n, Gloria Carrillo, dijo que \u00abestamos en un momento de sue\u00f1os, so\u00f1ando a lo grande, pensando en muchas cosas que se vienen para la biblioteca. Que todas las personas de todas las edades sientan que son parte. El libro debe ser fundamental y puede adquirirlos en esta biblioteca p\u00fablica y gratuita llena de conocimiento\u00bb.<\/p>\n<p style=\"text-align: justify;\">Para las celebraciones de este 2025, la Unesco design\u00f3 a R\u00edo de Janeiro como la ciudad Capital Mundial del Libro.<\/p>\n<\/div><\/section><\/div><div  style='height:50px' class='hr hr-invisible   avia-builder-el-6  el_after_av_one_full  el_before_av_social_share '><span class='hr-inner ' ><span class='hr-inner-style'><\/span><\/span><\/div><\/p>\n<div  class='av-social-sharing-box  avia-builder-el-7  el_after_av_hr  el_before_av_hr  '><div class='av-share-box'><h5 class='av-share-link-description av-no-toc '>Compartir esta noticia<\/h5><ul class='av-share-box-list noLightbox'><li class='av-share-link av-social-link-facebook' ><a target=\"_blank\" aria-label=\"Compartir en Facebook\" href='https:\/\/www.facebook.com\/sharer.php?u=https:\/\/radiorevelacionfm.cl\/?p=52986&#038;t=Obras%20de%20Gabriela%20Mistral%20protagonizan%20un%20nuevo%20D%C3%ADa%20del%20Libro%20y%20la%20Lectura%20en%20Ays%C3%A9n' aria-hidden='false' data-av_icon='\ue8f3' data-av_iconfont='entypo-fontello' title='' data-avia-related-tooltip='Compartir en Facebook' rel=\"noopener\"><span class='avia_hidden_link_text'>Compartir en Facebook<\/span><\/a><\/li><li class='av-share-link av-social-link-twitter' ><a target=\"_blank\" aria-label=\"Compartir en Twitter\" href='https:\/\/twitter.com\/share?text=Obras%20de%20Gabriela%20Mistral%20protagonizan%20un%20nuevo%20D%C3%ADa%20del%20Libro%20y%20la%20Lectura%20en%20Ays%C3%A9n&#038;url=https:\/\/radiorevelacionfm.cl\/?p=52986' aria-hidden='false' data-av_icon='\ue8f1' data-av_iconfont='entypo-fontello' title='' data-avia-related-tooltip='Compartir en Twitter' rel=\"noopener\"><span class='avia_hidden_link_text'>Compartir en Twitter<\/span><\/a><\/li><li class='av-share-link av-social-link-whatsapp' ><a target=\"_blank\" aria-label=\"Compartir en Whatsapp\" href='https:\/\/api.whatsapp.com\/send?text=https:\/\/radiorevelacionfm.cl\/?p=52986' aria-hidden='false' data-av_icon='\uf232' data-av_iconfont='entypo-fontello' title='' data-avia-related-tooltip='Compartir en Whatsapp' rel=\"noopener\"><span class='avia_hidden_link_text'>Compartir en Whatsapp<\/span><\/a><\/li><li class='av-share-link av-social-link-linkedin' ><a target=\"_blank\" aria-label=\"Compartir en LinkedIn\" href='https:\/\/linkedin.com\/shareArticle?mini=true&#038;title=Obras%20de%20Gabriela%20Mistral%20protagonizan%20un%20nuevo%20D%C3%ADa%20del%20Libro%20y%20la%20Lectura%20en%20Ays%C3%A9n&#038;url=https:\/\/radiorevelacionfm.cl\/?p=52986' aria-hidden='false' data-av_icon='\ue8fc' data-av_iconfont='entypo-fontello' title='' data-avia-related-tooltip='Compartir en LinkedIn' rel=\"noopener\"><span class='avia_hidden_link_text'>Compartir en LinkedIn<\/span><\/a><\/li><li class='av-share-link av-social-link-mail' ><a  aria-label=\"Compartir por correo\" href='mailto:?subject=Obras%20de%20Gabriela%20Mistral%20protagonizan%20un%20nuevo%20D%C3%ADa%20del%20Libro%20y%20la%20Lectura%20en%20Ays%C3%A9n&#038;body=https:\/\/radiorevelacionfm.cl\/?p=52986' aria-hidden='false' data-av_icon='\ue805' data-av_iconfont='entypo-fontello' title='' data-avia-related-tooltip='Compartir por correo'><span class='avia_hidden_link_text'>Compartir por correo<\/span><\/a><\/li><\/ul><\/div><\/div>\n<div  style='height:50px' class='hr hr-invisible   avia-builder-el-8  el_after_av_social_share  el_before_av_comments_list '><span class='hr-inner ' ><span class='hr-inner-style'><\/span><\/span><\/div>\n<div  class='av-buildercomment  av-blog-meta-html-info-disabled av-blog-meta-tag-disabled  '><\/div>\n","protected":false},"excerpt":{"rendered":"","protected":false},"author":1,"featured_media":52987,"comment_status":"closed","ping_status":"closed","sticky":false,"template":"","format":"standard","meta":{"footnotes":""},"categories":[52],"tags":[],"class_list":["post-52986","post","type-post","status-publish","format-standard","has-post-thumbnail","hentry","category-cultura"],"jetpack_featured_media_url":"https:\/\/radiorevelacionfm.cl\/wp-content\/uploads\/2025\/04\/DIA-LIBRO5-1-1.jpg","_links":{"self":[{"href":"https:\/\/radiorevelacionfm.cl\/index.php?rest_route=\/wp\/v2\/posts\/52986","targetHints":{"allow":["GET"]}}],"collection":[{"href":"https:\/\/radiorevelacionfm.cl\/index.php?rest_route=\/wp\/v2\/posts"}],"about":[{"href":"https:\/\/radiorevelacionfm.cl\/index.php?rest_route=\/wp\/v2\/types\/post"}],"author":[{"embeddable":true,"href":"https:\/\/radiorevelacionfm.cl\/index.php?rest_route=\/wp\/v2\/users\/1"}],"replies":[{"embeddable":true,"href":"https:\/\/radiorevelacionfm.cl\/index.php?rest_route=%2Fwp%2Fv2%2Fcomments&post=52986"}],"version-history":[{"count":2,"href":"https:\/\/radiorevelacionfm.cl\/index.php?rest_route=\/wp\/v2\/posts\/52986\/revisions"}],"predecessor-version":[{"id":52989,"href":"https:\/\/radiorevelacionfm.cl\/index.php?rest_route=\/wp\/v2\/posts\/52986\/revisions\/52989"}],"wp:featuredmedia":[{"embeddable":true,"href":"https:\/\/radiorevelacionfm.cl\/index.php?rest_route=\/wp\/v2\/media\/52987"}],"wp:attachment":[{"href":"https:\/\/radiorevelacionfm.cl\/index.php?rest_route=%2Fwp%2Fv2%2Fmedia&parent=52986"}],"wp:term":[{"taxonomy":"category","embeddable":true,"href":"https:\/\/radiorevelacionfm.cl\/index.php?rest_route=%2Fwp%2Fv2%2Fcategories&post=52986"},{"taxonomy":"post_tag","embeddable":true,"href":"https:\/\/radiorevelacionfm.cl\/index.php?rest_route=%2Fwp%2Fv2%2Ftags&post=52986"}],"curies":[{"name":"wp","href":"https:\/\/api.w.org\/{rel}","templated":true}]}}