{"id":52977,"date":"2025-04-23T15:46:51","date_gmt":"2025-04-23T18:46:51","guid":{"rendered":"https:\/\/radiorevelacionfm.cl\/?p=52977"},"modified":"2025-04-23T15:46:51","modified_gmt":"2025-04-23T18:46:51","slug":"consejera-andrea-ponce-indefinicion-del-gobierno-tiene-en-el-aire-proyecto-del-centro-de-ski-el-fraile","status":"publish","type":"post","link":"https:\/\/radiorevelacionfm.cl\/?p=52977","title":{"rendered":"Consejera Andrea Ponce: \u00abIndefinici\u00f3n del Gobierno tiene en el aire proyecto del centro de ski El Fraile\u00bb"},"content":{"rendered":"<div class=\"flex_column av_one_full  flex_column_div av-zero-column-padding first  avia-builder-el-0  el_before_av_one_full  avia-builder-el-first  \" style='border-radius:0px; '><div  class='avia-image-container  av-styling-    avia-builder-el-1  avia-builder-el-no-sibling  avia-align-center '  itemprop=\"image\" itemscope=\"itemscope\" itemtype=\"https:\/\/schema.org\/ImageObject\"  ><div class='avia-image-container-inner'><div class='avia-image-overlay-wrap'><img decoding=\"async\" class='wp-image-52978 avia-img-lazy-loading-not-52978 avia_image' src=\"https:\/\/radiorevelacionfm.cl\/wp-content\/uploads\/2025\/04\/CONSEJERA-ANDREA-PONCE-1-1.jpg\" alt='' title='CONSEJERA ANDREA PONCE (1) (1)' height=\"600\" width=\"901\"  itemprop=\"thumbnailUrl\" srcset=\"https:\/\/radiorevelacionfm.cl\/wp-content\/uploads\/2025\/04\/CONSEJERA-ANDREA-PONCE-1-1.jpg 901w, https:\/\/radiorevelacionfm.cl\/wp-content\/uploads\/2025\/04\/CONSEJERA-ANDREA-PONCE-1-1-300x200.jpg 300w, https:\/\/radiorevelacionfm.cl\/wp-content\/uploads\/2025\/04\/CONSEJERA-ANDREA-PONCE-1-1-768x511.jpg 768w, https:\/\/radiorevelacionfm.cl\/wp-content\/uploads\/2025\/04\/CONSEJERA-ANDREA-PONCE-1-1-705x469.jpg 705w, https:\/\/radiorevelacionfm.cl\/wp-content\/uploads\/2025\/04\/CONSEJERA-ANDREA-PONCE-1-1-450x300.jpg 450w, https:\/\/radiorevelacionfm.cl\/wp-content\/uploads\/2025\/04\/CONSEJERA-ANDREA-PONCE-1-1-600x400.jpg 600w\" sizes=\"(max-width: 901px) 100vw, 901px\" \/><\/div><\/div><\/div><\/div><div class=\"flex_column av_one_full  flex_column_div av-zero-column-padding first  avia-builder-el-2  el_after_av_one_full  el_before_av_one_full  column-top-margin\" style='border-radius:0px; '><section class=\"av_textblock_section \"  itemscope=\"itemscope\" itemtype=\"https:\/\/schema.org\/BlogPosting\" itemprop=\"blogPost\" ><div class='avia_textblock  '   itemprop=\"text\" ><p style=\"text-align: center;\"><strong><span style=\"font-size: 18pt;\">Consejera Andrea Ponce: \u00abIndefinici\u00f3n del Gobierno tiene en el aire proyecto del centro de ski El Fraile\u00bb<\/span><\/strong><\/p>\n<div id=\"gtx-trans\" style=\"position: absolute; left: -50px; top: 4.31534px;\">\n<div class=\"gtx-trans-icon\"><\/div>\n<\/div>\n<\/div><\/section><\/div><div class=\"flex_column av_one_full  flex_column_div av-zero-column-padding first  avia-builder-el-4  el_after_av_one_full  el_before_av_hr  column-top-margin\" style='border-radius:0px; '><section class=\"av_textblock_section \"  itemscope=\"itemscope\" itemtype=\"https:\/\/schema.org\/BlogPosting\" itemprop=\"blogPost\" ><div class='avia_textblock  '   itemprop=\"text\" ><p style=\"text-align: justify;\"><em>Sin avances se encuentra el proyecto de concesi\u00f3n a largo plazo para El Fraile anunciado en enero por el delegado presidencial regional de Ays\u00e9n.<\/em><\/p>\n<p style=\"text-align: justify;\">Quedando pocas\u00a0 semanas para el inicio de la temporada de invierno, el proyecto de concesi\u00f3n a largo plazo para potenciar el futuro Centro de Actividades de Monta\u00f1a El Fraile, se encuentra sin avances.<\/p>\n<p style=\"text-align: justify;\">La iniciativa que fue anunciada en enero de este a\u00f1o por el delegado presidencial regional de Ays\u00e9n, contemplaba el inicio de un estudio para otorgar una concesi\u00f3n a largo plazo del centro deportivo.<\/p>\n<p style=\"text-align: justify;\">El estudio, a cargo de Corfo con financiamiento del Gobierno Regional, hasta el momento no existe, declar\u00f3 Andrea Ponce, presidenta de la Comisi\u00f3n de Infraestructura del Consejo Regional. \u00c9ste ten\u00eda como objetivo determinar las caracter\u00edsticas que debe tener la concesi\u00f3n, de manera que tuviera proyecci\u00f3n a largo plazo y con ello, alto impacto econ\u00f3mico y social para la regi\u00f3n de Ays\u00e9n.<\/p>\n<p style=\"text-align: justify;\">En la oportunidad, el delegado anunci\u00f3 el proyecto en conjunto con los seremis del Deporte y Obras P\u00fablicas, adem\u00e1s de los directores regionales de Corfo y Sernatur.<\/p>\n<p style=\"text-align: justify;\">\u201cHasta la fecha el estudio no se ha iniciado y ni siquiera se han hecho las gestiones para ello. El Gobierno Regional entreg\u00f3 los recursos y todo el apoyo para impulsar este proyecto. Sin embargo, tal como ocurre con la mayor\u00eda de los anuncios de este Gobierno, esta iniciativa no ha tenido una gesti\u00f3n para ejecutarla\u201d, declar\u00f3 la consejera regional.<\/p>\n<p style=\"text-align: justify;\">El centro, que actualmente es de propiedad del Instituto Nacional del Deporte (IND), est\u00e1 ubicado a 29 kil\u00f3metros de Coyhaique, a 1.559 metros sobre el nivel del mar y recibe 15 mil usuarios por temporada. \u201cTiene un enorme potencial para convertirse en polo tur\u00edstico a nivel nacional e internacional y configurarse como un espacio de esparcimiento para toda la comunidad de Ays\u00e9n. Para esto es fundamental proponer un proyecto atractivo y sostenible econ\u00f3micamente, que permita atraer inversionistas y no s\u00f3lo mejorar lo que existe, sino que instalar infraestructura de primer nivel para el desarrollo del ski y otros deportes\u201d, agreg\u00f3 Andrea Ponce.<\/p>\n<p style=\"text-align: justify;\">Hace unos d\u00edas, la Corporaci\u00f3n Municipal de Deportes de la Municipalidad de Coyhaique suscribi\u00f3 un compromiso para administrar durante un a\u00f1o el Centro de Ski El Fraile. Respecto de este anuncio, la consejera regional valor\u00f3 el esfuerzo, pero expres\u00f3 su descontento con la falta de soluciones de largo plazo.<\/p>\n<p style=\"text-align: justify;\">\u201cEste a\u00f1o nuevamente nos encontramos salvando la situaci\u00f3n sin tomar decisiones adecuadas que asegure un centro de ski de alto nivel. Contin\u00faan perdiendo el tiempo, haciendo promesas que crean expectativas y, finalmente, no se ven medidas concretas que nos permitan salir del actual estancamiento econ\u00f3mico en el cual nos encontramos como regi\u00f3n y pa\u00eds. M\u00e1s a\u00fan considerando que el turismo debiera ser uno de los polos de desarrollo regional y por tanto, junto a la conectividad, tener la m\u00e1s alta prioridad. Como Gobierno Regional estamos dispuestos a apoyar, por el bien de nuestra comunidad y del desarrollo regional, este tipo de iniciativas, sin embargo, las gestiones deben realizarse con sentido de urgencia y proyectos concretos, no s\u00f3lo ideas\u00bb,\u00a0 declar\u00f3 Ponce.<\/p>\n<\/div><\/section><\/div><div  style='height:50px' class='hr hr-invisible   avia-builder-el-6  el_after_av_one_full  el_before_av_social_share '><span class='hr-inner ' ><span class='hr-inner-style'><\/span><\/span><\/div><\/p>\n<div  class='av-social-sharing-box  avia-builder-el-7  el_after_av_hr  el_before_av_hr  '><div class='av-share-box'><h5 class='av-share-link-description av-no-toc '>Compartir esta noticia<\/h5><ul class='av-share-box-list noLightbox'><li class='av-share-link av-social-link-facebook' ><a target=\"_blank\" aria-label=\"Compartir en Facebook\" href='https:\/\/www.facebook.com\/sharer.php?u=https:\/\/radiorevelacionfm.cl\/?p=52977&#038;t=Consejera%20Andrea%20Ponce%3A%20%C2%ABIndefinici%C3%B3n%20del%20Gobierno%20tiene%20en%20el%20aire%20proyecto%20del%20centro%20de%20ski%20El%20Fraile%C2%BB' aria-hidden='false' data-av_icon='\ue8f3' data-av_iconfont='entypo-fontello' title='' data-avia-related-tooltip='Compartir en Facebook' rel=\"noopener\"><span class='avia_hidden_link_text'>Compartir en Facebook<\/span><\/a><\/li><li class='av-share-link av-social-link-twitter' ><a target=\"_blank\" aria-label=\"Compartir en Twitter\" href='https:\/\/twitter.com\/share?text=Consejera%20Andrea%20Ponce%3A%20%C2%ABIndefinici%C3%B3n%20del%20Gobierno%20tiene%20en%20el%20aire%20proyecto%20del%20centro%20de%20ski%20El%20Fraile%C2%BB&#038;url=https:\/\/radiorevelacionfm.cl\/?p=52977' aria-hidden='false' data-av_icon='\ue8f1' data-av_iconfont='entypo-fontello' title='' data-avia-related-tooltip='Compartir en Twitter' rel=\"noopener\"><span class='avia_hidden_link_text'>Compartir en Twitter<\/span><\/a><\/li><li class='av-share-link av-social-link-whatsapp' ><a target=\"_blank\" aria-label=\"Compartir en Whatsapp\" href='https:\/\/api.whatsapp.com\/send?text=https:\/\/radiorevelacionfm.cl\/?p=52977' aria-hidden='false' data-av_icon='\uf232' data-av_iconfont='entypo-fontello' title='' data-avia-related-tooltip='Compartir en Whatsapp' rel=\"noopener\"><span class='avia_hidden_link_text'>Compartir en Whatsapp<\/span><\/a><\/li><li class='av-share-link av-social-link-linkedin' ><a target=\"_blank\" aria-label=\"Compartir en LinkedIn\" href='https:\/\/linkedin.com\/shareArticle?mini=true&#038;title=Consejera%20Andrea%20Ponce%3A%20%C2%ABIndefinici%C3%B3n%20del%20Gobierno%20tiene%20en%20el%20aire%20proyecto%20del%20centro%20de%20ski%20El%20Fraile%C2%BB&#038;url=https:\/\/radiorevelacionfm.cl\/?p=52977' aria-hidden='false' data-av_icon='\ue8fc' data-av_iconfont='entypo-fontello' title='' data-avia-related-tooltip='Compartir en LinkedIn' rel=\"noopener\"><span class='avia_hidden_link_text'>Compartir en LinkedIn<\/span><\/a><\/li><li class='av-share-link av-social-link-mail' ><a  aria-label=\"Compartir por correo\" href='mailto:?subject=Consejera%20Andrea%20Ponce%3A%20%C2%ABIndefinici%C3%B3n%20del%20Gobierno%20tiene%20en%20el%20aire%20proyecto%20del%20centro%20de%20ski%20El%20Fraile%C2%BB&#038;body=https:\/\/radiorevelacionfm.cl\/?p=52977' aria-hidden='false' data-av_icon='\ue805' data-av_iconfont='entypo-fontello' title='' data-avia-related-tooltip='Compartir por correo'><span class='avia_hidden_link_text'>Compartir por correo<\/span><\/a><\/li><\/ul><\/div><\/div>\n<div  style='height:50px' class='hr hr-invisible   avia-builder-el-8  el_after_av_social_share  el_before_av_comments_list '><span class='hr-inner ' ><span class='hr-inner-style'><\/span><\/span><\/div>\n<div  class='av-buildercomment  av-blog-meta-html-info-disabled av-blog-meta-tag-disabled  '><\/div>\n","protected":false},"excerpt":{"rendered":"","protected":false},"author":1,"featured_media":52978,"comment_status":"closed","ping_status":"closed","sticky":false,"template":"","format":"standard","meta":{"footnotes":""},"categories":[38],"tags":[],"class_list":["post-52977","post","type-post","status-publish","format-standard","has-post-thumbnail","hentry","category-regional"],"jetpack_featured_media_url":"https:\/\/radiorevelacionfm.cl\/wp-content\/uploads\/2025\/04\/CONSEJERA-ANDREA-PONCE-1-1.jpg","_links":{"self":[{"href":"https:\/\/radiorevelacionfm.cl\/index.php?rest_route=\/wp\/v2\/posts\/52977","targetHints":{"allow":["GET"]}}],"collection":[{"href":"https:\/\/radiorevelacionfm.cl\/index.php?rest_route=\/wp\/v2\/posts"}],"about":[{"href":"https:\/\/radiorevelacionfm.cl\/index.php?rest_route=\/wp\/v2\/types\/post"}],"author":[{"embeddable":true,"href":"https:\/\/radiorevelacionfm.cl\/index.php?rest_route=\/wp\/v2\/users\/1"}],"replies":[{"embeddable":true,"href":"https:\/\/radiorevelacionfm.cl\/index.php?rest_route=%2Fwp%2Fv2%2Fcomments&post=52977"}],"version-history":[{"count":2,"href":"https:\/\/radiorevelacionfm.cl\/index.php?rest_route=\/wp\/v2\/posts\/52977\/revisions"}],"predecessor-version":[{"id":52991,"href":"https:\/\/radiorevelacionfm.cl\/index.php?rest_route=\/wp\/v2\/posts\/52977\/revisions\/52991"}],"wp:featuredmedia":[{"embeddable":true,"href":"https:\/\/radiorevelacionfm.cl\/index.php?rest_route=\/wp\/v2\/media\/52978"}],"wp:attachment":[{"href":"https:\/\/radiorevelacionfm.cl\/index.php?rest_route=%2Fwp%2Fv2%2Fmedia&parent=52977"}],"wp:term":[{"taxonomy":"category","embeddable":true,"href":"https:\/\/radiorevelacionfm.cl\/index.php?rest_route=%2Fwp%2Fv2%2Fcategories&post=52977"},{"taxonomy":"post_tag","embeddable":true,"href":"https:\/\/radiorevelacionfm.cl\/index.php?rest_route=%2Fwp%2Fv2%2Ftags&post=52977"}],"curies":[{"name":"wp","href":"https:\/\/api.w.org\/{rel}","templated":true}]}}