{"id":5297,"date":"2021-06-16T10:16:54","date_gmt":"2021-06-16T13:16:54","guid":{"rendered":"https:\/\/radiorevelacionfm.cl\/?p=5297"},"modified":"2021-06-16T10:16:54","modified_gmt":"2021-06-16T13:16:54","slug":"pymes-de-coyhaique-por-propuesta-del-colmed-es-centralista-y-lejana-a-la-realidad","status":"publish","type":"post","link":"https:\/\/radiorevelacionfm.cl\/?p=5297","title":{"rendered":"Pymes de Coyhaique por propuesta del COLMED: \u201cEs centralista y lejana a la realidad\u201d"},"content":{"rendered":"<div class=\"flex_column av_one_full  flex_column_div av-zero-column-padding first  avia-builder-el-0  el_before_av_one_full  avia-builder-el-first  \" style='border-radius:0px; '><div  class='avia-image-container  av-styling-    avia-builder-el-1  avia-builder-el-no-sibling  avia-align-center '  itemprop=\"image\" itemscope=\"itemscope\" itemtype=\"https:\/\/schema.org\/ImageObject\"  ><div class='avia-image-container-inner'><div class='avia-image-overlay-wrap'><img decoding=\"async\" class='wp-image-5299 avia-img-lazy-loading-not-5299 avia_image' src=\"https:\/\/radiorevelacionfm.cl\/wp-content\/uploads\/2021\/06\/Guillermo-Perez_-Pymes-Coyhaique2-1-1.jpg\" alt='' title='Guillermo P\u00e9rez_ Pymes Coyhaique2 (1) (1)' height=\"590\" width=\"838\"  itemprop=\"thumbnailUrl\" srcset=\"https:\/\/radiorevelacionfm.cl\/wp-content\/uploads\/2021\/06\/Guillermo-Perez_-Pymes-Coyhaique2-1-1.jpg 838w, https:\/\/radiorevelacionfm.cl\/wp-content\/uploads\/2021\/06\/Guillermo-Perez_-Pymes-Coyhaique2-1-1-300x211.jpg 300w, https:\/\/radiorevelacionfm.cl\/wp-content\/uploads\/2021\/06\/Guillermo-Perez_-Pymes-Coyhaique2-1-1-768x541.jpg 768w, https:\/\/radiorevelacionfm.cl\/wp-content\/uploads\/2021\/06\/Guillermo-Perez_-Pymes-Coyhaique2-1-1-705x496.jpg 705w, https:\/\/radiorevelacionfm.cl\/wp-content\/uploads\/2021\/06\/Guillermo-Perez_-Pymes-Coyhaique2-1-1-600x422.jpg 600w\" sizes=\"(max-width: 838px) 100vw, 838px\" \/><\/div><\/div><\/div><\/div><div class=\"flex_column av_one_full  flex_column_div av-zero-column-padding first  avia-builder-el-2  el_after_av_one_full  el_before_av_one_full  column-top-margin\" style='border-radius:0px; '><section class=\"av_textblock_section \"  itemscope=\"itemscope\" itemtype=\"https:\/\/schema.org\/BlogPosting\" itemprop=\"blogPost\" ><div class='avia_textblock  '   itemprop=\"text\" ><p style=\"text-align: center;\"><span style=\"font-size: 18pt;\"><b>Pymes de Coyhaique por propuesta del COLMED: \u201cEs centralista y lejana a la realidad\u201d<\/b><\/span><\/p>\n<div id=\"gtx-trans\" style=\"position: absolute; left: -50px; top: 4.31534px;\">\n<div class=\"gtx-trans-icon\"><\/div>\n<\/div>\n<\/div><\/section><\/div><div class=\"flex_column av_one_full  flex_column_div av-zero-column-padding first  avia-builder-el-4  el_after_av_one_full  el_before_av_hr  column-top-margin\" style='border-radius:0px; '><section class=\"av_textblock_section \"  itemscope=\"itemscope\" itemtype=\"https:\/\/schema.org\/BlogPosting\" itemprop=\"blogPost\" ><div class='avia_textblock  '   itemprop=\"text\" ><p style=\"font-weight: 400; text-align: justify;\">Desde la Asociaci\u00f3n Gremial de Pymes de Coyhaique a trav\u00e9s de su vocero y secretario administrativo, salieron a responder a la propuesta recientemente presentada por el Colegio M\u00e9dico (COLMED) para la contenci\u00f3n de la pandemia que afecta al pa\u00eds. Tras analizarla desde el gremio que agrupa al comercio local manifestaron que es un documento poco cercano a la realidad y centralista, lo que de concretarse afectar\u00eda a diversos rubros que contin\u00faan cerrados y sin poder funcionar debido a las restricciones vigentes.<\/p>\n<p style=\"font-weight: 400; text-align: justify;\">Respecto de la propuesta que se present\u00f3 al Ministerio de Salud por parte del COLMED, el vocero y secretario administrativo de la Asociaci\u00f3n de Pymes de Coyhaique, Guillermo P\u00e9rez Pacheco, coment\u00f3 que \u201chemos revisado el documento que fue publicado desde el Colegio M\u00e9dico y consideramos que es bastante centralista y poco cercano a la realidad que se vive en las regiones del pa\u00eds, principalmente, en nuestra Patagonia. Son medidas que si bien es cierto,\u00a0 tratan de afirmarse en un p\u00e1rrafo de 3 l\u00edneas en el que hacen un llamado a la protecci\u00f3n social y familiar, no se sustentan el cuanto al c\u00f3mo y d\u00f3nde, por tanto, no es m\u00e1s que un discurso bien decorado sin fundamentaci\u00f3n y tremendamente irresponsable\u201d.<\/p>\n<p style=\"font-weight: 400; text-align: justify;\">En esa l\u00ednea, el dirigente gremial agreg\u00f3 que \u201cel gran error que hemos cometido en todo este tiempo de pandemia es que siempre copiamos lo de afuera, pero no pensamos en la aplicaci\u00f3n de ideas desde una mirada m\u00e1s local. Desde Santiago se terminan tomando decisiones que muchas veces nada tienen que ver con lo que ocurre en la Patagonia. Nuestros colegas del rubro gastron\u00f3mico, turismo y de la belleza est\u00e1n en agon\u00eda y sus trabajadores sobreviviendo de bonos asistencialistas que no dan el ancho para vivir dignamente, nunca olvidemos que nuestras circunstancias de clima y otros factores hacen ver esta propuesta como una burla para quienes trabajamos en los rubros m\u00e1s afectados. Quiz\u00e1s ser\u00eda necesario invitar al Colegio M\u00e9dico central a la Patagonia, para que conozcan de lo que hablan\u201d.<\/p>\n<p style=\"font-weight: 400; text-align: justify;\">Finalmente, Guillermo P\u00e9rez Pacheco, enfatiz\u00f3 que desde la Asociaci\u00f3n Gremial de Pymes de Coyhaique continuar\u00e1n haciendo todos los esfuerzos para continuar trabajando con los protocolos y exigencias de la autoridad sanitaria para entregar a la comunidad sus servicios, instando no s\u00f3lo a los diversos colegios del sector salud sino que tambi\u00e9n a las autoridades a tener presente que son las Pymes la que desde nuestra regi\u00f3n y en todo el pa\u00eds ante la adversidad contin\u00faan sosteniendo la econom\u00eda local y a diversas familias trabajadoras.<\/p>\n<\/div><\/section><\/div><div  style='height:50px' class='hr hr-invisible   avia-builder-el-6  el_after_av_one_full  el_before_av_social_share '><span class='hr-inner ' ><span class='hr-inner-style'><\/span><\/span><\/div><\/p>\n<div  class='av-social-sharing-box  avia-builder-el-7  el_after_av_hr  el_before_av_hr  '><div class='av-share-box'><h5 class='av-share-link-description av-no-toc '>Compartir esta noticia<\/h5><ul class='av-share-box-list noLightbox'><li class='av-share-link av-social-link-facebook' ><a target=\"_blank\" aria-label=\"Compartir en Facebook\" href='https:\/\/www.facebook.com\/sharer.php?u=https:\/\/radiorevelacionfm.cl\/?p=5297&#038;t=Pymes%20de%20Coyhaique%20por%20propuesta%20del%20COLMED%3A%20%E2%80%9CEs%20centralista%20y%20lejana%20a%20la%20realidad%E2%80%9D' aria-hidden='false' data-av_icon='\ue8f3' data-av_iconfont='entypo-fontello' title='' data-avia-related-tooltip='Compartir en Facebook' rel=\"noopener\"><span class='avia_hidden_link_text'>Compartir en Facebook<\/span><\/a><\/li><li class='av-share-link av-social-link-twitter' ><a target=\"_blank\" aria-label=\"Compartir en Twitter\" href='https:\/\/twitter.com\/share?text=Pymes%20de%20Coyhaique%20por%20propuesta%20del%20COLMED%3A%20%E2%80%9CEs%20centralista%20y%20lejana%20a%20la%20realidad%E2%80%9D&#038;url=https:\/\/radiorevelacionfm.cl\/?p=5297' aria-hidden='false' data-av_icon='\ue8f1' data-av_iconfont='entypo-fontello' title='' data-avia-related-tooltip='Compartir en Twitter' rel=\"noopener\"><span class='avia_hidden_link_text'>Compartir en Twitter<\/span><\/a><\/li><li class='av-share-link av-social-link-whatsapp' ><a target=\"_blank\" aria-label=\"Compartir en Whatsapp\" href='https:\/\/api.whatsapp.com\/send?text=https:\/\/radiorevelacionfm.cl\/?p=5297' aria-hidden='false' data-av_icon='\uf232' data-av_iconfont='entypo-fontello' title='' data-avia-related-tooltip='Compartir en Whatsapp' rel=\"noopener\"><span class='avia_hidden_link_text'>Compartir en Whatsapp<\/span><\/a><\/li><li class='av-share-link av-social-link-linkedin' ><a target=\"_blank\" aria-label=\"Compartir en LinkedIn\" href='https:\/\/linkedin.com\/shareArticle?mini=true&#038;title=Pymes%20de%20Coyhaique%20por%20propuesta%20del%20COLMED%3A%20%E2%80%9CEs%20centralista%20y%20lejana%20a%20la%20realidad%E2%80%9D&#038;url=https:\/\/radiorevelacionfm.cl\/?p=5297' aria-hidden='false' data-av_icon='\ue8fc' data-av_iconfont='entypo-fontello' title='' data-avia-related-tooltip='Compartir en LinkedIn' rel=\"noopener\"><span class='avia_hidden_link_text'>Compartir en LinkedIn<\/span><\/a><\/li><li class='av-share-link av-social-link-mail' ><a  aria-label=\"Compartir por correo\" href='mailto:?subject=Pymes%20de%20Coyhaique%20por%20propuesta%20del%20COLMED%3A%20%E2%80%9CEs%20centralista%20y%20lejana%20a%20la%20realidad%E2%80%9D&#038;body=https:\/\/radiorevelacionfm.cl\/?p=5297' aria-hidden='false' data-av_icon='\ue805' data-av_iconfont='entypo-fontello' title='' data-avia-related-tooltip='Compartir por correo'><span class='avia_hidden_link_text'>Compartir por correo<\/span><\/a><\/li><\/ul><\/div><\/div>\n<div  style='height:50px' class='hr hr-invisible   avia-builder-el-8  el_after_av_social_share  el_before_av_comments_list '><span class='hr-inner ' ><span class='hr-inner-style'><\/span><\/span><\/div>\n<div  class='av-buildercomment  av-blog-meta-html-info-disabled av-blog-meta-tag-disabled  '><\/div>\n","protected":false},"excerpt":{"rendered":"","protected":false},"author":1,"featured_media":5299,"comment_status":"open","ping_status":"open","sticky":false,"template":"","format":"standard","meta":{"footnotes":""},"categories":[45],"tags":[],"class_list":["post-5297","post","type-post","status-publish","format-standard","has-post-thumbnail","hentry","category-comercio"],"jetpack_featured_media_url":"https:\/\/radiorevelacionfm.cl\/wp-content\/uploads\/2021\/06\/Guillermo-Perez_-Pymes-Coyhaique2-1-1.jpg","_links":{"self":[{"href":"https:\/\/radiorevelacionfm.cl\/index.php?rest_route=\/wp\/v2\/posts\/5297","targetHints":{"allow":["GET"]}}],"collection":[{"href":"https:\/\/radiorevelacionfm.cl\/index.php?rest_route=\/wp\/v2\/posts"}],"about":[{"href":"https:\/\/radiorevelacionfm.cl\/index.php?rest_route=\/wp\/v2\/types\/post"}],"author":[{"embeddable":true,"href":"https:\/\/radiorevelacionfm.cl\/index.php?rest_route=\/wp\/v2\/users\/1"}],"replies":[{"embeddable":true,"href":"https:\/\/radiorevelacionfm.cl\/index.php?rest_route=%2Fwp%2Fv2%2Fcomments&post=5297"}],"version-history":[{"count":1,"href":"https:\/\/radiorevelacionfm.cl\/index.php?rest_route=\/wp\/v2\/posts\/5297\/revisions"}],"predecessor-version":[{"id":5300,"href":"https:\/\/radiorevelacionfm.cl\/index.php?rest_route=\/wp\/v2\/posts\/5297\/revisions\/5300"}],"wp:featuredmedia":[{"embeddable":true,"href":"https:\/\/radiorevelacionfm.cl\/index.php?rest_route=\/wp\/v2\/media\/5299"}],"wp:attachment":[{"href":"https:\/\/radiorevelacionfm.cl\/index.php?rest_route=%2Fwp%2Fv2%2Fmedia&parent=5297"}],"wp:term":[{"taxonomy":"category","embeddable":true,"href":"https:\/\/radiorevelacionfm.cl\/index.php?rest_route=%2Fwp%2Fv2%2Fcategories&post=5297"},{"taxonomy":"post_tag","embeddable":true,"href":"https:\/\/radiorevelacionfm.cl\/index.php?rest_route=%2Fwp%2Fv2%2Ftags&post=5297"}],"curies":[{"name":"wp","href":"https:\/\/api.w.org\/{rel}","templated":true}]}}