{"id":52969,"date":"2025-04-24T16:09:04","date_gmt":"2025-04-24T19:09:04","guid":{"rendered":"https:\/\/radiorevelacionfm.cl\/?p=52969"},"modified":"2025-04-24T16:09:04","modified_gmt":"2025-04-24T19:09:04","slug":"senadora-ordenes-destaco-proyecto-de-ley-del-vaso-de-agua-como-una-medida-contra-las-cifras-de-obesidad","status":"publish","type":"post","link":"https:\/\/radiorevelacionfm.cl\/?p=52969","title":{"rendered":"Senadora \u00d3rdenes destac\u00f3 proyecto de Ley del Vaso de Agua como una medida contra las cifras de obesidad"},"content":{"rendered":"<div class=\"flex_column av_one_full  flex_column_div av-zero-column-padding first  avia-builder-el-0  el_before_av_one_full  avia-builder-el-first  \" style='border-radius:0px; '><div  class='avia-image-container  av-styling-    avia-builder-el-1  avia-builder-el-no-sibling  avia-align-center '  itemprop=\"image\" itemscope=\"itemscope\" itemtype=\"https:\/\/schema.org\/ImageObject\"  ><div class='avia-image-container-inner'><div class='avia-image-overlay-wrap'><img decoding=\"async\" class='wp-image-52970 avia-img-lazy-loading-not-52970 avia_image' src=\"https:\/\/radiorevelacionfm.cl\/wp-content\/uploads\/2025\/04\/FOTO-17-1-1.jpeg\" alt='' title='FOTO (17) (1) (1)' height=\"600\" width=\"898\"  itemprop=\"thumbnailUrl\" srcset=\"https:\/\/radiorevelacionfm.cl\/wp-content\/uploads\/2025\/04\/FOTO-17-1-1.jpeg 898w, https:\/\/radiorevelacionfm.cl\/wp-content\/uploads\/2025\/04\/FOTO-17-1-1-300x200.jpeg 300w, https:\/\/radiorevelacionfm.cl\/wp-content\/uploads\/2025\/04\/FOTO-17-1-1-768x513.jpeg 768w, https:\/\/radiorevelacionfm.cl\/wp-content\/uploads\/2025\/04\/FOTO-17-1-1-705x471.jpeg 705w, https:\/\/radiorevelacionfm.cl\/wp-content\/uploads\/2025\/04\/FOTO-17-1-1-450x301.jpeg 450w, https:\/\/radiorevelacionfm.cl\/wp-content\/uploads\/2025\/04\/FOTO-17-1-1-600x401.jpeg 600w\" sizes=\"(max-width: 898px) 100vw, 898px\" \/><\/div><\/div><\/div><\/div><div class=\"flex_column av_one_full  flex_column_div av-zero-column-padding first  avia-builder-el-2  el_after_av_one_full  el_before_av_one_full  column-top-margin\" style='border-radius:0px; '><section class=\"av_textblock_section \"  itemscope=\"itemscope\" itemtype=\"https:\/\/schema.org\/BlogPosting\" itemprop=\"blogPost\" ><div class='avia_textblock  '   itemprop=\"text\" ><p style=\"text-align: center;\"><strong><span style=\"font-size: 18pt;\">Senadora \u00d3rdenes destac\u00f3 proyecto de Ley del Vaso de Agua como una medida contra las cifras de obesidad<\/span><\/strong><\/p>\n<div id=\"gtx-trans\" style=\"position: absolute; left: -50px; top: 4.31534px;\">\n<div class=\"gtx-trans-icon\"><\/div>\n<\/div>\n<\/div><\/section><\/div><div class=\"flex_column av_one_full  flex_column_div av-zero-column-padding first  avia-builder-el-4  el_after_av_one_full  el_before_av_hr  column-top-margin\" style='border-radius:0px; '><section class=\"av_textblock_section \"  itemscope=\"itemscope\" itemtype=\"https:\/\/schema.org\/BlogPosting\" itemprop=\"blogPost\" ><div class='avia_textblock  '   itemprop=\"text\" ><p style=\"text-align: justify;\">En la Comisi\u00f3n de Salud del Senado se aprob\u00f3 este martes, en su primer tr\u00e1mite legislativo, el proyecto de ley que busca establecer la obligaci\u00f3n de ofrecer agua potable gratuita en restaurantes, centros de trabajo y otros establecimientos similares. El objetivo de esta iniciativa es garantizar el acceso gratuito al agua potable en establecimientos que expenden alimentos y bebidas, promoviendo su consumo como una opci\u00f3n saludable.<\/p>\n<p style=\"text-align: justify;\">La senadora por la Regi\u00f3n de Ays\u00e9n e integrante de la comisi\u00f3n, Ximena \u00d3rdenes Neira, destac\u00f3 este proyecto, que ya se encuentra en condiciones de ser visto por la Sala, sosteniendo que busca ser un factor protector contra la obesidad al fomentar el consumo de agua. Sobre esta misma l\u00ednea, record\u00f3 que en Chile y especialmente Ays\u00e9n, la obesidad es un grave problema de salud p\u00fablica.<\/p>\n<p style=\"text-align: justify;\">\u201cEstamos tramitando una nueva iniciativa en la Comisi\u00f3n de Salud, el proyecto de Ley del Vaso de Agua\u201d, indic\u00f3 la representante aisenina en el Senado de Chile, \u201cque busca dar un incentivo al consumo recomendado por la OMS, como un factor protector contra la obesidad\u201d.<\/p>\n<p style=\"text-align: justify;\">\u201cBeber agua es esencial para la salud y el funcionamiento del organismo, pero hoy hay un subconsumo en Chile\u201d, continu\u00f3 \u00d3rdenes, asegurando que el proyecto ir\u00e1 en contra de esta tendencia. \u201cLa iniciativa, que ya existe en otros pa\u00edses, pretende que en aquellos establecimientos donde vendan alimentos se entregue a cada cliente un vaso de agua de manera gratuita y sin requerimiento previo\u201d, explic\u00f3.<\/p>\n<p style=\"text-align: justify;\">\u201cTenemos que generar pol\u00edticas p\u00fablicas que nos permitan avanzar en contra de los altos niveles de obesidad en Chile y en particular en la regi\u00f3n de Ays\u00e9n, donde nuestros ni\u00f1os y ni\u00f1as, menores de seis a\u00f1os, tienen altos \u00edndices de obesidad. Este es un tema del que tenemos que hacernos cargo entre todos\u201d, concluy\u00f3 la parlamentaria, quien ya ha advertido los preocupantes niveles de obesidad infantil y en adultos, en la regi\u00f3n.<\/p>\n<p style=\"text-align: justify;\">De este modo, la propuesta surge para promover h\u00e1bitos de vida saludables, a la vez que busca garantizar el acceso al agua potable como un derecho b\u00e1sico. Seg\u00fan datos de la Encuesta Nacional de Salud, solo el 15% de la poblaci\u00f3n reconoce tomar cinco vasos de agua al d\u00eda, que es la recomendaci\u00f3n de la Organizaci\u00f3n Mundial de la Salud (OMS).<\/p>\n<\/div><\/section><\/div><div  style='height:50px' class='hr hr-invisible   avia-builder-el-6  el_after_av_one_full  el_before_av_social_share '><span class='hr-inner ' ><span class='hr-inner-style'><\/span><\/span><\/div><\/p>\n<div  class='av-social-sharing-box  avia-builder-el-7  el_after_av_hr  el_before_av_hr  '><div class='av-share-box'><h5 class='av-share-link-description av-no-toc '>Compartir esta noticia<\/h5><ul class='av-share-box-list noLightbox'><li class='av-share-link av-social-link-facebook' ><a target=\"_blank\" aria-label=\"Compartir en Facebook\" href='https:\/\/www.facebook.com\/sharer.php?u=https:\/\/radiorevelacionfm.cl\/?p=52969&#038;t=Senadora%20%C3%93rdenes%20destac%C3%B3%20proyecto%20de%20Ley%20del%20Vaso%20de%20Agua%20como%20una%20medida%20contra%20las%20cifras%20de%20obesidad' aria-hidden='false' data-av_icon='\ue8f3' data-av_iconfont='entypo-fontello' title='' data-avia-related-tooltip='Compartir en Facebook' rel=\"noopener\"><span class='avia_hidden_link_text'>Compartir en Facebook<\/span><\/a><\/li><li class='av-share-link av-social-link-twitter' ><a target=\"_blank\" aria-label=\"Compartir en Twitter\" href='https:\/\/twitter.com\/share?text=Senadora%20%C3%93rdenes%20destac%C3%B3%20proyecto%20de%20Ley%20del%20Vaso%20de%20Agua%20como%20una%20medida%20contra%20las%20cifras%20de%20obesidad&#038;url=https:\/\/radiorevelacionfm.cl\/?p=52969' aria-hidden='false' data-av_icon='\ue8f1' data-av_iconfont='entypo-fontello' title='' data-avia-related-tooltip='Compartir en Twitter' rel=\"noopener\"><span class='avia_hidden_link_text'>Compartir en Twitter<\/span><\/a><\/li><li class='av-share-link av-social-link-whatsapp' ><a target=\"_blank\" aria-label=\"Compartir en Whatsapp\" href='https:\/\/api.whatsapp.com\/send?text=https:\/\/radiorevelacionfm.cl\/?p=52969' aria-hidden='false' data-av_icon='\uf232' data-av_iconfont='entypo-fontello' title='' data-avia-related-tooltip='Compartir en Whatsapp' rel=\"noopener\"><span class='avia_hidden_link_text'>Compartir en Whatsapp<\/span><\/a><\/li><li class='av-share-link av-social-link-linkedin' ><a target=\"_blank\" aria-label=\"Compartir en LinkedIn\" href='https:\/\/linkedin.com\/shareArticle?mini=true&#038;title=Senadora%20%C3%93rdenes%20destac%C3%B3%20proyecto%20de%20Ley%20del%20Vaso%20de%20Agua%20como%20una%20medida%20contra%20las%20cifras%20de%20obesidad&#038;url=https:\/\/radiorevelacionfm.cl\/?p=52969' aria-hidden='false' data-av_icon='\ue8fc' data-av_iconfont='entypo-fontello' title='' data-avia-related-tooltip='Compartir en LinkedIn' rel=\"noopener\"><span class='avia_hidden_link_text'>Compartir en LinkedIn<\/span><\/a><\/li><li class='av-share-link av-social-link-mail' ><a  aria-label=\"Compartir por correo\" href='mailto:?subject=Senadora%20%C3%93rdenes%20destac%C3%B3%20proyecto%20de%20Ley%20del%20Vaso%20de%20Agua%20como%20una%20medida%20contra%20las%20cifras%20de%20obesidad&#038;body=https:\/\/radiorevelacionfm.cl\/?p=52969' aria-hidden='false' data-av_icon='\ue805' data-av_iconfont='entypo-fontello' title='' data-avia-related-tooltip='Compartir por correo'><span class='avia_hidden_link_text'>Compartir por correo<\/span><\/a><\/li><\/ul><\/div><\/div>\n<div  style='height:50px' class='hr hr-invisible   avia-builder-el-8  el_after_av_social_share  el_before_av_comments_list '><span class='hr-inner ' ><span class='hr-inner-style'><\/span><\/span><\/div>\n<div  class='av-buildercomment  av-blog-meta-html-info-disabled av-blog-meta-tag-disabled  '><\/div>\n","protected":false},"excerpt":{"rendered":"","protected":false},"author":1,"featured_media":52970,"comment_status":"closed","ping_status":"closed","sticky":false,"template":"","format":"standard","meta":{"footnotes":""},"categories":[35],"tags":[],"class_list":["post-52969","post","type-post","status-publish","format-standard","has-post-thumbnail","hentry","category-politica"],"jetpack_featured_media_url":"https:\/\/radiorevelacionfm.cl\/wp-content\/uploads\/2025\/04\/FOTO-17-1-1.jpeg","_links":{"self":[{"href":"https:\/\/radiorevelacionfm.cl\/index.php?rest_route=\/wp\/v2\/posts\/52969","targetHints":{"allow":["GET"]}}],"collection":[{"href":"https:\/\/radiorevelacionfm.cl\/index.php?rest_route=\/wp\/v2\/posts"}],"about":[{"href":"https:\/\/radiorevelacionfm.cl\/index.php?rest_route=\/wp\/v2\/types\/post"}],"author":[{"embeddable":true,"href":"https:\/\/radiorevelacionfm.cl\/index.php?rest_route=\/wp\/v2\/users\/1"}],"replies":[{"embeddable":true,"href":"https:\/\/radiorevelacionfm.cl\/index.php?rest_route=%2Fwp%2Fv2%2Fcomments&post=52969"}],"version-history":[{"count":2,"href":"https:\/\/radiorevelacionfm.cl\/index.php?rest_route=\/wp\/v2\/posts\/52969\/revisions"}],"predecessor-version":[{"id":53068,"href":"https:\/\/radiorevelacionfm.cl\/index.php?rest_route=\/wp\/v2\/posts\/52969\/revisions\/53068"}],"wp:featuredmedia":[{"embeddable":true,"href":"https:\/\/radiorevelacionfm.cl\/index.php?rest_route=\/wp\/v2\/media\/52970"}],"wp:attachment":[{"href":"https:\/\/radiorevelacionfm.cl\/index.php?rest_route=%2Fwp%2Fv2%2Fmedia&parent=52969"}],"wp:term":[{"taxonomy":"category","embeddable":true,"href":"https:\/\/radiorevelacionfm.cl\/index.php?rest_route=%2Fwp%2Fv2%2Fcategories&post=52969"},{"taxonomy":"post_tag","embeddable":true,"href":"https:\/\/radiorevelacionfm.cl\/index.php?rest_route=%2Fwp%2Fv2%2Ftags&post=52969"}],"curies":[{"name":"wp","href":"https:\/\/api.w.org\/{rel}","templated":true}]}}