{"id":52960,"date":"2025-04-22T18:25:22","date_gmt":"2025-04-22T21:25:22","guid":{"rendered":"https:\/\/radiorevelacionfm.cl\/?p=52960"},"modified":"2025-04-28T21:06:41","modified_gmt":"2025-04-29T00:06:41","slug":"las-incomodas-y-silenciadas-verdades-de-la-salmonera-blumar","status":"publish","type":"post","link":"https:\/\/radiorevelacionfm.cl\/?p=52960","title":{"rendered":"Las inc\u00f3modas (y silenciadas) verdades de la salmonera Blumar"},"content":{"rendered":"<div class=\"flex_column av_one_full  flex_column_div av-zero-column-padding first  avia-builder-el-0  el_before_av_one_full  avia-builder-el-first  \" style='border-radius:0px; '><div  class='avia-image-container  av-styling-    avia-builder-el-1  avia-builder-el-no-sibling  avia-align-center '  itemprop=\"image\" itemscope=\"itemscope\" itemtype=\"https:\/\/schema.org\/ImageObject\"  ><div class='avia-image-container-inner'><div class='avia-image-overlay-wrap'><img decoding=\"async\" class='wp-image-52961 avia-img-lazy-loading-not-52961 avia_image' src=\"https:\/\/radiorevelacionfm.cl\/wp-content\/uploads\/2025\/04\/ponton-1-blumar-1_optimized.jpg\" alt='' title='ponton-1-blumar-(1)_optimized' height=\"600\" width=\"1068\"  itemprop=\"thumbnailUrl\" srcset=\"https:\/\/radiorevelacionfm.cl\/wp-content\/uploads\/2025\/04\/ponton-1-blumar-1_optimized.jpg 1068w, https:\/\/radiorevelacionfm.cl\/wp-content\/uploads\/2025\/04\/ponton-1-blumar-1_optimized-300x169.jpg 300w, https:\/\/radiorevelacionfm.cl\/wp-content\/uploads\/2025\/04\/ponton-1-blumar-1_optimized-1030x579.jpg 1030w, https:\/\/radiorevelacionfm.cl\/wp-content\/uploads\/2025\/04\/ponton-1-blumar-1_optimized-768x431.jpg 768w, https:\/\/radiorevelacionfm.cl\/wp-content\/uploads\/2025\/04\/ponton-1-blumar-1_optimized-705x396.jpg 705w, https:\/\/radiorevelacionfm.cl\/wp-content\/uploads\/2025\/04\/ponton-1-blumar-1_optimized-450x253.jpg 450w, https:\/\/radiorevelacionfm.cl\/wp-content\/uploads\/2025\/04\/ponton-1-blumar-1_optimized-600x337.jpg 600w\" sizes=\"(max-width: 1068px) 100vw, 1068px\" \/><\/div><\/div><\/div><\/div><div class=\"flex_column av_one_full  flex_column_div av-zero-column-padding first  avia-builder-el-2  el_after_av_one_full  el_before_av_one_full  column-top-margin\" style='border-radius:0px; '><section class=\"av_textblock_section \"  itemscope=\"itemscope\" itemtype=\"https:\/\/schema.org\/BlogPosting\" itemprop=\"blogPost\" ><div class='avia_textblock  '   itemprop=\"text\" ><p style=\"text-align: center;\"><span style=\"font-size: 18pt;\"><b><span lang=\"ES-TRAD\">Las inc\u00f3modas (y silenciadas) verdades de la salmonera Blumar<\/span><\/b><\/span><\/p>\n<div id=\"gtx-trans\" style=\"position: absolute; left: -50px; top: 4.31534px;\">\n<div class=\"gtx-trans-icon\"><\/div>\n<\/div>\n<\/div><\/section><\/div><div class=\"flex_column av_one_full  flex_column_div av-zero-column-padding first  avia-builder-el-4  el_after_av_one_full  el_before_av_hr  column-top-margin\" style='border-radius:0px; '><section class=\"av_textblock_section \"  itemscope=\"itemscope\" itemtype=\"https:\/\/schema.org\/BlogPosting\" itemprop=\"blogPost\" ><div class='avia_textblock  '   itemprop=\"text\" ><p><em>Por: Patricio Segura, Periodista.<\/em><\/p>\n<p class=\"v1MsoNormal\" style=\"text-align: justify;\"><span lang=\"ES-TRAD\">En la\u00a0<a href=\"https:\/\/www.blumar.com\/upload\/paginas\/archivos\/informehabitualidadpartesrelacionadas2024.pdf\" target=\"_blank\" rel=\"noopener noreferrer\">Memoria Integrada 2024 de la pesquera y salmonera Blumar<\/a>, el presidente del directorio Rodrigo Sarquis Said hizo una f\u00e9rrea defensa de su empresa y del sector pesquero y acu\u00edcola. En su carta a los inversionistas hizo un repaso por lo que fueron los principales hitos del a\u00f1o que termin\u00f3, abogando fuertemente por menores regulaciones, principalmente en materia ambiental. De paso, las emprendi\u00f3 en contra de las organizaciones de la sociedad civil que han develado la forma de operar del rubro, particularmente dentro de parques y reservas nacionales.<\/span><\/p>\n<p class=\"v1MsoNormal\" style=\"text-align: justify;\"><span lang=\"ES-TRAD\">\u00ab<i>La industria est\u00e1 enfrentada a m\u00faltiples burocracias que frenan el desarrollo y entregan mayor espacio a nuestros competidores de otros pa\u00edses<\/i>\u00bb dijo, dando cuenta de una de sus principales preocupaciones.\u00a0\u00a0\u00a0\u00a0<\/span><\/p>\n<p class=\"v1MsoNormal\" style=\"text-align: justify;\"><span lang=\"ES-TRAD\">Sarquis normalmente act\u00faa fuera de los focos. As\u00ed qued\u00f3 demostrado en un reportaje <a href=\"https:\/\/www.ciperchile.cl\/2023\/12\/29\/en-la-casa-de-pablo-zalaquett-la-reservada-reunion-donde-los-ministros-grau-y-rojas-acercaron-posiciones-con-la-industria-salmonera\/\" target=\"_blank\" rel=\"noopener noreferrer\">publicado en 2023<\/a>\u00a0por CIPER bajo el t\u00edtulo \u00ab<i>En la casa de Pablo Zalaquett: la reservada reuni\u00f3n donde los ministros Grau y Rojas acercaron posiciones con la industria salmonera<\/i>\u00ab. En uno de sus p\u00e1rrafos, el art\u00edculo consigna que \u00ab<i>en la comida estuvo Rodrigo Sarquis Said, director de Blumar, la pesquera que tambi\u00e9n estuvo en la mira de la justicia por financiar ilegalmente campa\u00f1as pol\u00edticas. Sarquis es primo de Pablo Zalaquett, quien figura registrado como lobista de Blumar en reuniones con distintas autoridades durante el segundo gobierno de Sebasti\u00e1n Pi\u00f1era<\/i>\u00ab.<\/span><\/p>\n<p class=\"v1MsoNormal\" style=\"text-align: justify;\"><span lang=\"ES-TRAD\">El actual foco comunicacional y judicial de las grandes empresas en contra de dirigentes y agrupaciones socioambientales da a entender que ser\u00eda injusto todo lo que se dice sobre ellas. Un invento, un mito creado con el fin de torpedear el desarrollo de Chile.\u00a0\u00a0<\/span><\/p>\n<p class=\"v1MsoNormal\" style=\"text-align: justify;\"><span lang=\"ES-TRAD\">Algo de raz\u00f3n tienen: efectivamente un objetivo es interpelar el modelo de desarrollo nacional y regional. Y no s\u00f3lo ambiental. La idea es mostrar lo que empresas y autoridades callan. Blumar es excelente ejemplo para ello. Una corporaci\u00f3n controlada por una de las \u00ab<i><a href=\"https:\/\/radio.uchile.cl\/2012\/11\/11\/quienes-son-las-siete-familias-a-las-que-se-les-acusa-de-apropiarse-del-mar-chileno\/\" target=\"_blank\" rel=\"noopener noreferrer\">7 familias<\/a><\/i>\u00bb que desde hace d\u00e9cadas se reparten el mar chileno.\u00a0<\/span><\/p>\n<p class=\"v1MsoNormal\" style=\"text-align: justify;\"><span lang=\"ES-TRAD\">En la memoria, Rodrigo Sarquis informa que \u00ab<i>en la Regi\u00f3n de Ays\u00e9n operaron 15 centros de cultivo de salmones en 2024 que se encuentran emplazados en la Reserva Nacional Las Guaitecas<\/i>\u00ab. Mientras que \u00ab<i>en la Regi\u00f3n de Magallanes operaron 6 centros de cultivo de salmones en 2024 que se encuentran emplazados en la Reserva Nacional Kaw\u00e9sqar<\/i>\u00ab.<\/span><\/p>\n<p class=\"v1MsoNormal\" style=\"text-align: justify;\"><span lang=\"ES-TRAD\">Lo que no menciona es que ese mismo a\u00f1o la Superintendencia del Medio Ambiente (SMA) inici\u00f3 un\u00a0<a href=\"https:\/\/portal.sma.gob.cl\/index.php\/sma-inicia-procedimiento-sancionatorio-contra-blumar-por-sobreproduccion-en-magallanes\/\" target=\"_blank\" rel=\"noopener noreferrer\">procedimiento sancionatorio<\/a>\u00a0en contra de la compa\u00f1\u00eda \u00ab<i>por sobreproducci\u00f3n en el centro C\u00f3rdova 1, ubicado en la Reserva Nacional Kaw\u00e9sqar, Regi\u00f3n de Magallanes y la Ant\u00e1rtica Chilena<\/i>\u00ab. \u00c9ste ten\u00eda autorizada una producci\u00f3n m\u00e1xima de 5.875 toneladas de acuerdo a su resoluci\u00f3n de calificaci\u00f3n ambiental de 2015, \u00ab<i>sin embargo, durante el ciclo 2019-2021, la producci\u00f3n total alcanz\u00f3 las 6.540 toneladas, excediendo en 665 toneladas (11%) lo autorizado<\/i>\u00ab.<\/span><\/p>\n<p class=\"v1MsoNormal\" style=\"text-align: justify;\"><span lang=\"ES-TRAD\">El ejecutivo, adem\u00e1s, hace una aseveraci\u00f3n temeraria y desinformada para defender su derecho a cultivar salmones en un \u00e1rea protegida: \u00ab<i>A principios del siglo pasado, se estableci\u00f3 la Reserva Nacional Las Guaitecas para proteger el alerce, un \u00e1rbol milenario. Sin embargo, por razones poco claras hace unos a\u00f1os la Contralor\u00eda extendi\u00f3 esta protecci\u00f3n a las aguas colindantes, a pesar de la inexistencia de bosques de alerce en esas zonas, sentando un precedente preocupante sobre la certeza jur\u00eddica que ofrece el Estado para el uso del borde costero<\/i>\u00bb dice en el documento.<\/span><\/p>\n<p class=\"v1MsoNormal\" style=\"text-align: justify;\"><span lang=\"ES-TRAD\">Temeraria porque la Contralor\u00eda es un \u00f3rgano aut\u00f3nomo del Estado, al cual el presidente del directorio cuestiona sin mucho fundamento. Y desinformada porque la Reserva Nacional Las Guaitecas <a href=\"https:\/\/www.bcn.cl\/leychile\/navegar?idNorma=1050847\" target=\"_blank\" rel=\"noopener noreferrer\">no se cre\u00f3 en 1938<\/a> para proteger alerce milenario alguno sino, como su nombre lo indica, el cipr\u00e9s de las Guaitecas. Y m\u00e1s all\u00e1 de ello, incluso, el problema sigue siendo que independiente de la importancia de los objetos de protecci\u00f3n espec\u00edficos, se intenta reducir a su m\u00ednima expresi\u00f3n la relevancia de los sistemas ecol\u00f3gicos, lo cual no s\u00f3lo es un error sino una pr\u00e1ctica com\u00fan en las empresas que se someten a evaluaci\u00f3n ambiental.<\/span><\/p>\n<p class=\"v1MsoNormal\" style=\"text-align: justify;\"><span lang=\"ES-TRAD\">Pero este 2025 a Blumar no le ha ido mejor.<\/span><\/p>\n<p class=\"v1MsoNormal\" style=\"text-align: justify;\"><span lang=\"ES-TRAD\">A su flota pertenece el\u00a0<b>barco Cobra<\/b>, vinculado al\u00a0<a href=\"https:\/\/www.eldinamo.cl\/pais\/2025\/04\/04\/naufragio-en-coronel-que-se-busca-con-la-incautacion-del-barco-cobra\/\" target=\"_blank\" rel=\"noopener noreferrer\">naufragio de la lancha Bruma<\/a> ocurrido el 30 de marzo, cuyos siete tripulantes a\u00fan se encuentran desaparecidos. Hoy el caso es investigado de oficio por el Ministerio P\u00fablico, sum\u00e1ndose en los \u00faltimos d\u00edas una\u00a0<a href=\"https:\/\/www.biobiochile.cl\/noticias\/nacional\/region-del-bio-bio\/2025\/04\/18\/familiares-de-desaparecidos-de-la-bruma-presentan-querella-por-homicidio-contra-capitan-del-cobra.shtml\" target=\"_blank\" rel=\"noopener noreferrer\">querella criminal interpuesta<\/a> por las familias de los trabajadores de la nave siniestrada. Hace poco m\u00e1s de una semana, adem\u00e1s, <a href=\"https:\/\/radio.uchile.cl\/2025\/04\/10\/vigia-de-embarcacion-cobra-habria-muerto-el-mismo-dia-de-su-desaparicion\/\" target=\"_blank\" rel=\"noopener noreferrer\">apareci\u00f3 el cuerpo sin vida<\/a>del vig\u00eda de la embarcaci\u00f3n industrial, circunstancia en que el gerente de Blumar Gerardo Balbont\u00edn apur\u00f3\u00a0<a href=\"https:\/\/www.t13.cl\/noticia\/nacional\/dato-celular-del-vigia-cobra-genera-dudas-familiares-pescadores-del-bruma-16-4-2025\" target=\"_blank\" rel=\"noopener noreferrer\">la teor\u00eda de que<\/a>\u00a0fue suicidio, debido a que \u00e9ste \u00ab<i>no resisti\u00f3 esa presi\u00f3n social, esa presi\u00f3n sicol\u00f3gica<\/i>\u00ab.<\/span><\/p>\n<p class=\"v1MsoNormal\" style=\"text-align: justify;\"><span lang=\"ES-TRAD\">Y este fin de semana es vinculada Blumar a otra tragedia, al ocurrir el\u00a0<a href=\"https:\/\/www.biobiochile.cl\/noticias\/nacional\/region-de-aysen\/2025\/04\/18\/aysen-muere-buzo-que-realizaba-labores-en-centro-de-cultivo-de-empresa-blumar-en-puerto-de-chacabuco.shtml\" target=\"_blank\" rel=\"noopener noreferrer\">fallecimiento en la regi\u00f3n de Ays\u00e9n de un buzo<\/a>, oriundo de Chilo\u00e9, que \u00ab<i>realizaba labores en centro de cultivo de empresa Blumar en Puerto de Chacabuco<\/i>\u00ab.\u00a0<\/span><\/p>\n<p class=\"v1MsoNormal\" style=\"text-align: justify;\"><span lang=\"ES-TRAD\">Desde hace un tiempo diversas autoridades de Ays\u00e9n (electas y designadas) vienen\u00a0<a href=\"https:\/\/www.diarioregionalaysen.cl\/noticia\/diario-acuicola\/2025\/03\/autoridades-destacan-aporte-de-blumar-al-crecimiento-de-la-region-de-aysen\" target=\"_blank\" rel=\"noopener noreferrer\">relevando el aporte de Blumar a lo que entienden por desarrollo<\/a>. Dadas las caracter\u00edsticas de los hechos conocidos, de alcance regional y nacional, ser\u00eda bienvenido que tambi\u00e9n se alzara la voz para pedir mayor fiscalizaci\u00f3n y respuestas. En tragedias que ya no son s\u00f3lo de car\u00e1cter socioambiental, se relacionan con la vida de compatriotas.<\/span><\/p>\n<p class=\"v1MsoNormal\" style=\"text-align: justify;\"><span lang=\"ES-TRAD\">Es el problema de apostar por un desarrollo donde pocos actores controlan la econom\u00eda y buscan flexibilizar el rol del Estado para su beneficio, inventando t\u00e9rminos como \u00ab<i>permisolog\u00eda<\/i>\u00ab, que no es m\u00e1s que manga ancha para el modelo extractivista. El problema es que se silencian, asimismo, las voces ciudadanas. Y tambi\u00e9n las de representantes del Estado, en ocasiones prestos a destacar bondades, al tiempo que callan las verdades inc\u00f3modas para, en este caso, los due\u00f1os del mar.<\/span><\/p>\n<\/div><\/section><\/div><div  style='height:50px' class='hr hr-invisible   avia-builder-el-6  el_after_av_one_full  el_before_av_social_share '><span class='hr-inner ' ><span class='hr-inner-style'><\/span><\/span><\/div><\/p>\n<div  class='av-social-sharing-box  avia-builder-el-7  el_after_av_hr  el_before_av_hr  '><div class='av-share-box'><h5 class='av-share-link-description av-no-toc '>Compartir esta noticia<\/h5><ul class='av-share-box-list noLightbox'><li class='av-share-link av-social-link-facebook' ><a target=\"_blank\" aria-label=\"Compartir en Facebook\" href='https:\/\/www.facebook.com\/sharer.php?u=https:\/\/radiorevelacionfm.cl\/?p=52960&#038;t=Las%20inc%C3%B3modas%20%28y%20silenciadas%29%20verdades%20de%20la%20salmonera%20Blumar' aria-hidden='false' data-av_icon='\ue8f3' data-av_iconfont='entypo-fontello' title='' data-avia-related-tooltip='Compartir en Facebook' rel=\"noopener\"><span class='avia_hidden_link_text'>Compartir en Facebook<\/span><\/a><\/li><li class='av-share-link av-social-link-twitter' ><a target=\"_blank\" aria-label=\"Compartir en Twitter\" href='https:\/\/twitter.com\/share?text=Las%20inc%C3%B3modas%20%28y%20silenciadas%29%20verdades%20de%20la%20salmonera%20Blumar&#038;url=https:\/\/radiorevelacionfm.cl\/?p=52960' aria-hidden='false' data-av_icon='\ue8f1' data-av_iconfont='entypo-fontello' title='' data-avia-related-tooltip='Compartir en Twitter' rel=\"noopener\"><span class='avia_hidden_link_text'>Compartir en Twitter<\/span><\/a><\/li><li class='av-share-link av-social-link-whatsapp' ><a target=\"_blank\" aria-label=\"Compartir en Whatsapp\" href='https:\/\/api.whatsapp.com\/send?text=https:\/\/radiorevelacionfm.cl\/?p=52960' aria-hidden='false' data-av_icon='\uf232' data-av_iconfont='entypo-fontello' title='' data-avia-related-tooltip='Compartir en Whatsapp' rel=\"noopener\"><span class='avia_hidden_link_text'>Compartir en Whatsapp<\/span><\/a><\/li><li class='av-share-link av-social-link-linkedin' ><a target=\"_blank\" aria-label=\"Compartir en LinkedIn\" href='https:\/\/linkedin.com\/shareArticle?mini=true&#038;title=Las%20inc%C3%B3modas%20%28y%20silenciadas%29%20verdades%20de%20la%20salmonera%20Blumar&#038;url=https:\/\/radiorevelacionfm.cl\/?p=52960' aria-hidden='false' data-av_icon='\ue8fc' data-av_iconfont='entypo-fontello' title='' data-avia-related-tooltip='Compartir en LinkedIn' rel=\"noopener\"><span class='avia_hidden_link_text'>Compartir en LinkedIn<\/span><\/a><\/li><li class='av-share-link av-social-link-mail' ><a  aria-label=\"Compartir por correo\" href='mailto:?subject=Las%20inc%C3%B3modas%20%28y%20silenciadas%29%20verdades%20de%20la%20salmonera%20Blumar&#038;body=https:\/\/radiorevelacionfm.cl\/?p=52960' aria-hidden='false' data-av_icon='\ue805' data-av_iconfont='entypo-fontello' title='' data-avia-related-tooltip='Compartir por correo'><span class='avia_hidden_link_text'>Compartir por correo<\/span><\/a><\/li><\/ul><\/div><\/div>\n<div  style='height:50px' class='hr hr-invisible   avia-builder-el-8  el_after_av_social_share  el_before_av_comments_list '><span class='hr-inner ' ><span class='hr-inner-style'><\/span><\/span><\/div>\n<div  class='av-buildercomment  av-blog-meta-html-info-disabled av-blog-meta-tag-disabled  '><\/div>\n","protected":false},"excerpt":{"rendered":"","protected":false},"author":1,"featured_media":52961,"comment_status":"closed","ping_status":"closed","sticky":false,"template":"","format":"standard","meta":{"footnotes":""},"categories":[50],"tags":[],"class_list":["post-52960","post","type-post","status-publish","format-standard","has-post-thumbnail","hentry","category-cartas-y-opinion"],"jetpack_featured_media_url":"https:\/\/radiorevelacionfm.cl\/wp-content\/uploads\/2025\/04\/ponton-1-blumar-1_optimized.jpg","_links":{"self":[{"href":"https:\/\/radiorevelacionfm.cl\/index.php?rest_route=\/wp\/v2\/posts\/52960","targetHints":{"allow":["GET"]}}],"collection":[{"href":"https:\/\/radiorevelacionfm.cl\/index.php?rest_route=\/wp\/v2\/posts"}],"about":[{"href":"https:\/\/radiorevelacionfm.cl\/index.php?rest_route=\/wp\/v2\/types\/post"}],"author":[{"embeddable":true,"href":"https:\/\/radiorevelacionfm.cl\/index.php?rest_route=\/wp\/v2\/users\/1"}],"replies":[{"embeddable":true,"href":"https:\/\/radiorevelacionfm.cl\/index.php?rest_route=%2Fwp%2Fv2%2Fcomments&post=52960"}],"version-history":[{"count":2,"href":"https:\/\/radiorevelacionfm.cl\/index.php?rest_route=\/wp\/v2\/posts\/52960\/revisions"}],"predecessor-version":[{"id":53248,"href":"https:\/\/radiorevelacionfm.cl\/index.php?rest_route=\/wp\/v2\/posts\/52960\/revisions\/53248"}],"wp:featuredmedia":[{"embeddable":true,"href":"https:\/\/radiorevelacionfm.cl\/index.php?rest_route=\/wp\/v2\/media\/52961"}],"wp:attachment":[{"href":"https:\/\/radiorevelacionfm.cl\/index.php?rest_route=%2Fwp%2Fv2%2Fmedia&parent=52960"}],"wp:term":[{"taxonomy":"category","embeddable":true,"href":"https:\/\/radiorevelacionfm.cl\/index.php?rest_route=%2Fwp%2Fv2%2Fcategories&post=52960"},{"taxonomy":"post_tag","embeddable":true,"href":"https:\/\/radiorevelacionfm.cl\/index.php?rest_route=%2Fwp%2Fv2%2Ftags&post=52960"}],"curies":[{"name":"wp","href":"https:\/\/api.w.org\/{rel}","templated":true}]}}