{"id":52957,"date":"2025-04-22T18:09:35","date_gmt":"2025-04-22T21:09:35","guid":{"rendered":"https:\/\/radiorevelacionfm.cl\/?p=52957"},"modified":"2025-04-23T21:52:55","modified_gmt":"2025-04-24T00:52:55","slug":"marcia-raphael-tras-aprobacion-del-proyecto-que-reemplaza-al-cae-este-es-un-mal-proyecto-ideologico-y-perjudicial-para-las-universidades","status":"publish","type":"post","link":"https:\/\/radiorevelacionfm.cl\/?p=52957","title":{"rendered":"Marcia Raphael tras aprobaci\u00f3n del proyecto que reemplaza al CAE: \u00abEste es un mal proyecto, ideol\u00f3gico y perjudicial para las universidades\u00bb"},"content":{"rendered":"<div class=\"flex_column av_one_full  flex_column_div av-zero-column-padding first  avia-builder-el-0  el_before_av_one_full  avia-builder-el-first  \" style='border-radius:0px; '><div  class='avia-image-container  av-styling-    avia-builder-el-1  avia-builder-el-no-sibling  avia-align-center '  itemprop=\"image\" itemscope=\"itemscope\" itemtype=\"https:\/\/schema.org\/ImageObject\"  ><div class='avia-image-container-inner'><div class='avia-image-overlay-wrap'><img decoding=\"async\" class='wp-image-52958 avia-img-lazy-loading-not-52958 avia_image' src=\"https:\/\/radiorevelacionfm.cl\/wp-content\/uploads\/2025\/04\/Foto-diputada-4-1-1.jpeg\" alt='' title='Foto diputada (4) (1) (1)' height=\"800\" width=\"800\"  itemprop=\"thumbnailUrl\" srcset=\"https:\/\/radiorevelacionfm.cl\/wp-content\/uploads\/2025\/04\/Foto-diputada-4-1-1.jpeg 800w, https:\/\/radiorevelacionfm.cl\/wp-content\/uploads\/2025\/04\/Foto-diputada-4-1-1-300x300.jpeg 300w, https:\/\/radiorevelacionfm.cl\/wp-content\/uploads\/2025\/04\/Foto-diputada-4-1-1-80x80.jpeg 80w, https:\/\/radiorevelacionfm.cl\/wp-content\/uploads\/2025\/04\/Foto-diputada-4-1-1-768x768.jpeg 768w, https:\/\/radiorevelacionfm.cl\/wp-content\/uploads\/2025\/04\/Foto-diputada-4-1-1-36x36.jpeg 36w, https:\/\/radiorevelacionfm.cl\/wp-content\/uploads\/2025\/04\/Foto-diputada-4-1-1-180x180.jpeg 180w, https:\/\/radiorevelacionfm.cl\/wp-content\/uploads\/2025\/04\/Foto-diputada-4-1-1-705x705.jpeg 705w, https:\/\/radiorevelacionfm.cl\/wp-content\/uploads\/2025\/04\/Foto-diputada-4-1-1-120x120.jpeg 120w, https:\/\/radiorevelacionfm.cl\/wp-content\/uploads\/2025\/04\/Foto-diputada-4-1-1-450x450.jpeg 450w, https:\/\/radiorevelacionfm.cl\/wp-content\/uploads\/2025\/04\/Foto-diputada-4-1-1-600x600.jpeg 600w, https:\/\/radiorevelacionfm.cl\/wp-content\/uploads\/2025\/04\/Foto-diputada-4-1-1-100x100.jpeg 100w\" sizes=\"(max-width: 800px) 100vw, 800px\" \/><\/div><\/div><\/div><\/div><div class=\"flex_column av_one_full  flex_column_div av-zero-column-padding first  avia-builder-el-2  el_after_av_one_full  el_before_av_one_full  column-top-margin\" style='border-radius:0px; '><section class=\"av_textblock_section \"  itemscope=\"itemscope\" itemtype=\"https:\/\/schema.org\/BlogPosting\" itemprop=\"blogPost\" ><div class='avia_textblock  '   itemprop=\"text\" ><p style=\"text-align: center;\"><strong><span style=\"font-size: 18pt;\">Marcia Raphael tras aprobaci\u00f3n del proyecto que reemplaza al CAE: \u00abEste es un mal proyecto, ideol\u00f3gico y perjudicial para las universidades\u00bb<\/span><\/strong><\/p>\n<div id=\"gtx-trans\" style=\"position: absolute; left: -50px; top: 4.31534px;\">\n<div class=\"gtx-trans-icon\"><\/div>\n<\/div>\n<\/div><\/section><\/div><div class=\"flex_column av_one_full  flex_column_div av-zero-column-padding first  avia-builder-el-4  el_after_av_one_full  el_before_av_hr  column-top-margin\" style='border-radius:0px; '><section class=\"av_textblock_section \"  itemscope=\"itemscope\" itemtype=\"https:\/\/schema.org\/BlogPosting\" itemprop=\"blogPost\" ><div class='avia_textblock  '   itemprop=\"text\" ><p style=\"text-align: justify;\">La diputada Marcia Raphael (RN), integrante de la Comisi\u00f3n de Educaci\u00f3n de la C\u00e1mara de Diputados, lament\u00f3 la aprobaci\u00f3n en dicha instancia del proyecto que crea el Fondo de Financiamiento Solidario de la Educaci\u00f3n Superior (FES), iniciativa que busca reemplazar el Cr\u00e9dito con Aval del Estado (CAE) y que ahora pasar\u00e1 a ser discutida en la Comisi\u00f3n de Hacienda.<\/p>\n<p style=\"text-align: justify;\">Desde la oposici\u00f3n, la parlamentaria reafirm\u00f3 su rechazo a este proyecto impulsado por el Gobierno, se\u00f1alando que la propuesta no s\u00f3lo carece de sustento t\u00e9cnico y financiero, sino que responde a un enfoque ideol\u00f3gico que debilita gravemente la autonom\u00eda de las instituciones de educaci\u00f3n superior.<\/p>\n<p style=\"text-align: justify;\">\u201cExiste un consenso transversal que tenemos que modificar el CAE, pero no con un proyecto como este, que limita el proyecto de cada universidad, eliminando el copago. Estas van a perder su autonom\u00eda, no contar\u00e1n con recursos para infraestructura o para investigaci\u00f3n, por ejemplo. Si el alumno no tiene gratuidad, deber\u00e1 obligadamente endeudarse en un 100% de su carrera, ya que no van a existir las becas ni la posibilidad de financiamiento propio. Que va a hacer una deuda por 20 a\u00f1os, tampoco va a tener la posibilidad de prepagar. Su deuda ser\u00e1 por 20 a\u00f1os\u201d, expres\u00f3 la diputada Raphael tras la sesi\u00f3n.<\/p>\n<p style=\"text-align: justify;\">Asimismo, la parlamentaria enfatiz\u00f3 que, durante la tramitaci\u00f3n, desde la oposici\u00f3n se hicieron m\u00faltiples esfuerzos por mejorar la iniciativa y advertir al Ejecutivo sobre sus deficiencias, sin embargo, el Gobierno opt\u00f3 por mantener una postura inflexible, desoyendo incluso las voces cr\u00edticas desde el mundo acad\u00e9mico.<\/p>\n<p style=\"text-align: justify;\">\u201cEn la oposici\u00f3n trabajamos fuertemente en hacer entender al gobierno que este es un mal proyecto, que incluso rectores a nivel general no est\u00e1n de acuerdo. Es un proyecto ideol\u00f3gico, que lo que persigue es similar a la reforma vocacional, que existan universidades dependientes del Estado y universidades privadas\u201d, agreg\u00f3.<\/p>\n<p style=\"text-align: justify;\">Finalmente, cabe destacar que el proyecto continuar\u00e1 ahora su tramitaci\u00f3n en la Comisi\u00f3n de Hacienda, instancia donde la bancada de Renovaci\u00f3n Nacional insistir\u00e1 en introducir cambios que permitan mejorar esta iniciativa que, a juicio de sus parlamentarios, pone en riesgo la calidad, la diversidad y la sustentabilidad del sistema de educaci\u00f3n superior chileno.<\/p>\n<\/div><\/section><\/div><div  style='height:50px' class='hr hr-invisible   avia-builder-el-6  el_after_av_one_full  el_before_av_social_share '><span class='hr-inner ' ><span class='hr-inner-style'><\/span><\/span><\/div><\/p>\n<div  class='av-social-sharing-box  avia-builder-el-7  el_after_av_hr  el_before_av_hr  '><div class='av-share-box'><h5 class='av-share-link-description av-no-toc '>Compartir esta noticia<\/h5><ul class='av-share-box-list noLightbox'><li class='av-share-link av-social-link-facebook' ><a target=\"_blank\" aria-label=\"Compartir en Facebook\" href='https:\/\/www.facebook.com\/sharer.php?u=https:\/\/radiorevelacionfm.cl\/?p=52957&#038;t=Marcia%20Raphael%20tras%20aprobaci%C3%B3n%20del%20proyecto%20que%20reemplaza%20al%20CAE%3A%20%C2%ABEste%20es%20un%20mal%20proyecto%2C%20ideol%C3%B3gico%20y%20perjudicial%20para%20las%20universidades%C2%BB' aria-hidden='false' data-av_icon='\ue8f3' data-av_iconfont='entypo-fontello' title='' data-avia-related-tooltip='Compartir en Facebook' rel=\"noopener\"><span class='avia_hidden_link_text'>Compartir en Facebook<\/span><\/a><\/li><li class='av-share-link av-social-link-twitter' ><a target=\"_blank\" aria-label=\"Compartir en Twitter\" href='https:\/\/twitter.com\/share?text=Marcia%20Raphael%20tras%20aprobaci%C3%B3n%20del%20proyecto%20que%20reemplaza%20al%20CAE%3A%20%C2%ABEste%20es%20un%20mal%20proyecto%2C%20ideol%C3%B3gico%20y%20perjudicial%20para%20las%20universidades%C2%BB&#038;url=https:\/\/radiorevelacionfm.cl\/?p=52957' aria-hidden='false' data-av_icon='\ue8f1' data-av_iconfont='entypo-fontello' title='' data-avia-related-tooltip='Compartir en Twitter' rel=\"noopener\"><span class='avia_hidden_link_text'>Compartir en Twitter<\/span><\/a><\/li><li class='av-share-link av-social-link-whatsapp' ><a target=\"_blank\" aria-label=\"Compartir en Whatsapp\" href='https:\/\/api.whatsapp.com\/send?text=https:\/\/radiorevelacionfm.cl\/?p=52957' aria-hidden='false' data-av_icon='\uf232' data-av_iconfont='entypo-fontello' title='' data-avia-related-tooltip='Compartir en Whatsapp' rel=\"noopener\"><span class='avia_hidden_link_text'>Compartir en Whatsapp<\/span><\/a><\/li><li class='av-share-link av-social-link-linkedin' ><a target=\"_blank\" aria-label=\"Compartir en LinkedIn\" href='https:\/\/linkedin.com\/shareArticle?mini=true&#038;title=Marcia%20Raphael%20tras%20aprobaci%C3%B3n%20del%20proyecto%20que%20reemplaza%20al%20CAE%3A%20%C2%ABEste%20es%20un%20mal%20proyecto%2C%20ideol%C3%B3gico%20y%20perjudicial%20para%20las%20universidades%C2%BB&#038;url=https:\/\/radiorevelacionfm.cl\/?p=52957' aria-hidden='false' data-av_icon='\ue8fc' data-av_iconfont='entypo-fontello' title='' data-avia-related-tooltip='Compartir en LinkedIn' rel=\"noopener\"><span class='avia_hidden_link_text'>Compartir en LinkedIn<\/span><\/a><\/li><li class='av-share-link av-social-link-mail' ><a  aria-label=\"Compartir por correo\" href='mailto:?subject=Marcia%20Raphael%20tras%20aprobaci%C3%B3n%20del%20proyecto%20que%20reemplaza%20al%20CAE%3A%20%C2%ABEste%20es%20un%20mal%20proyecto%2C%20ideol%C3%B3gico%20y%20perjudicial%20para%20las%20universidades%C2%BB&#038;body=https:\/\/radiorevelacionfm.cl\/?p=52957' aria-hidden='false' data-av_icon='\ue805' data-av_iconfont='entypo-fontello' title='' data-avia-related-tooltip='Compartir por correo'><span class='avia_hidden_link_text'>Compartir por correo<\/span><\/a><\/li><\/ul><\/div><\/div>\n<div  style='height:50px' class='hr hr-invisible   avia-builder-el-8  el_after_av_social_share  el_before_av_comments_list '><span class='hr-inner ' ><span class='hr-inner-style'><\/span><\/span><\/div>\n<div  class='av-buildercomment  av-blog-meta-html-info-disabled av-blog-meta-tag-disabled  '><\/div>\n","protected":false},"excerpt":{"rendered":"","protected":false},"author":1,"featured_media":52958,"comment_status":"closed","ping_status":"closed","sticky":false,"template":"","format":"standard","meta":{"footnotes":""},"categories":[35],"tags":[],"class_list":["post-52957","post","type-post","status-publish","format-standard","has-post-thumbnail","hentry","category-politica"],"jetpack_featured_media_url":"https:\/\/radiorevelacionfm.cl\/wp-content\/uploads\/2025\/04\/Foto-diputada-4-1-1.jpeg","_links":{"self":[{"href":"https:\/\/radiorevelacionfm.cl\/index.php?rest_route=\/wp\/v2\/posts\/52957","targetHints":{"allow":["GET"]}}],"collection":[{"href":"https:\/\/radiorevelacionfm.cl\/index.php?rest_route=\/wp\/v2\/posts"}],"about":[{"href":"https:\/\/radiorevelacionfm.cl\/index.php?rest_route=\/wp\/v2\/types\/post"}],"author":[{"embeddable":true,"href":"https:\/\/radiorevelacionfm.cl\/index.php?rest_route=\/wp\/v2\/users\/1"}],"replies":[{"embeddable":true,"href":"https:\/\/radiorevelacionfm.cl\/index.php?rest_route=%2Fwp%2Fv2%2Fcomments&post=52957"}],"version-history":[{"count":2,"href":"https:\/\/radiorevelacionfm.cl\/index.php?rest_route=\/wp\/v2\/posts\/52957\/revisions"}],"predecessor-version":[{"id":53044,"href":"https:\/\/radiorevelacionfm.cl\/index.php?rest_route=\/wp\/v2\/posts\/52957\/revisions\/53044"}],"wp:featuredmedia":[{"embeddable":true,"href":"https:\/\/radiorevelacionfm.cl\/index.php?rest_route=\/wp\/v2\/media\/52958"}],"wp:attachment":[{"href":"https:\/\/radiorevelacionfm.cl\/index.php?rest_route=%2Fwp%2Fv2%2Fmedia&parent=52957"}],"wp:term":[{"taxonomy":"category","embeddable":true,"href":"https:\/\/radiorevelacionfm.cl\/index.php?rest_route=%2Fwp%2Fv2%2Fcategories&post=52957"},{"taxonomy":"post_tag","embeddable":true,"href":"https:\/\/radiorevelacionfm.cl\/index.php?rest_route=%2Fwp%2Fv2%2Ftags&post=52957"}],"curies":[{"name":"wp","href":"https:\/\/api.w.org\/{rel}","templated":true}]}}