{"id":52954,"date":"2025-04-22T21:02:09","date_gmt":"2025-04-23T00:02:09","guid":{"rendered":"https:\/\/radiorevelacionfm.cl\/?p=52954"},"modified":"2025-04-22T21:02:09","modified_gmt":"2025-04-23T00:02:09","slug":"orquesta-de-camara-profesional-de-la-universidad-de-aysen-debuta-este-jueves-y-viernes","status":"publish","type":"post","link":"https:\/\/radiorevelacionfm.cl\/?p=52954","title":{"rendered":"Orquesta de C\u00e1mara profesional de la Universidad de Ays\u00e9n debuta este jueves y viernes"},"content":{"rendered":"<div class=\"flex_column av_one_full  flex_column_div av-zero-column-padding first  avia-builder-el-0  el_before_av_one_full  avia-builder-el-first  \" style='border-radius:0px; '><div  class='avia-image-container  av-styling-    avia-builder-el-1  avia-builder-el-no-sibling  avia-align-center '  itemprop=\"image\" itemscope=\"itemscope\" itemtype=\"https:\/\/schema.org\/ImageObject\"  ><div class='avia-image-container-inner'><div class='avia-image-overlay-wrap'><img decoding=\"async\" class='wp-image-52955 avia-img-lazy-loading-not-52955 avia_image' src=\"https:\/\/radiorevelacionfm.cl\/wp-content\/uploads\/2025\/04\/Orquesta1-1-1.jpeg\" alt='' title='Orquesta1 (1) (1)' height=\"600\" width=\"1066\"  itemprop=\"thumbnailUrl\" srcset=\"https:\/\/radiorevelacionfm.cl\/wp-content\/uploads\/2025\/04\/Orquesta1-1-1.jpeg 1066w, https:\/\/radiorevelacionfm.cl\/wp-content\/uploads\/2025\/04\/Orquesta1-1-1-300x169.jpeg 300w, https:\/\/radiorevelacionfm.cl\/wp-content\/uploads\/2025\/04\/Orquesta1-1-1-1030x580.jpeg 1030w, https:\/\/radiorevelacionfm.cl\/wp-content\/uploads\/2025\/04\/Orquesta1-1-1-768x432.jpeg 768w, https:\/\/radiorevelacionfm.cl\/wp-content\/uploads\/2025\/04\/Orquesta1-1-1-705x397.jpeg 705w, https:\/\/radiorevelacionfm.cl\/wp-content\/uploads\/2025\/04\/Orquesta1-1-1-450x253.jpeg 450w, https:\/\/radiorevelacionfm.cl\/wp-content\/uploads\/2025\/04\/Orquesta1-1-1-600x338.jpeg 600w\" sizes=\"(max-width: 1066px) 100vw, 1066px\" \/><\/div><\/div><\/div><\/div><div class=\"flex_column av_one_full  flex_column_div av-zero-column-padding first  avia-builder-el-2  el_after_av_one_full  el_before_av_one_full  column-top-margin\" style='border-radius:0px; '><section class=\"av_textblock_section \"  itemscope=\"itemscope\" itemtype=\"https:\/\/schema.org\/BlogPosting\" itemprop=\"blogPost\" ><div class='avia_textblock  '   itemprop=\"text\" ><p class=\"v1gmail-Predeterminado\" style=\"text-align: center;\" align=\"center\"><span style=\"font-size: 18pt;\"><b><span lang=\"ES-TRAD\">Orquesta de C\u00e1mara profesional de la Universidad de Ays\u00e9n <\/span><\/b><b><span lang=\"ES-TRAD\">debuta este jueves y viernes<\/span><\/b><\/span><\/p>\n<div id=\"gtx-trans\" style=\"position: absolute; left: -50px; top: 4.31534px;\">\n<div class=\"gtx-trans-icon\"><\/div>\n<\/div>\n<\/div><\/section><\/div><div class=\"flex_column av_one_full  flex_column_div av-zero-column-padding first  avia-builder-el-4  el_after_av_one_full  el_before_av_hr  column-top-margin\" style='border-radius:0px; '><section class=\"av_textblock_section \"  itemscope=\"itemscope\" itemtype=\"https:\/\/schema.org\/BlogPosting\" itemprop=\"blogPost\" ><div class='avia_textblock  '   itemprop=\"text\" ><p class=\"v1gmail-Predeterminado\" style=\"text-align: justify;\"><em>Con dos conciertos gratuitos en Coyhaique y Puerto Ays\u00e9n, la UAys\u00e9n presenta oficialmente su Orquesta de C\u00e1mara, financiada por el Ministerio de las Culturas, las Artes y el Patrimonio, marcando un hito hist\u00f3rico para la profesionalizaci\u00f3n art\u00edstica y el acceso a la cultura en la regi\u00f3n.<\/em><\/p>\n<p class=\"v1gmail-Predeterminado\" style=\"text-align: justify;\"><span lang=\"ES-TRAD\">La flamante Orquesta de C\u00e1mara de la Universidad de Ays<\/span><span lang=\"FR\">\u00e9<\/span><span lang=\"ES-TRAD\">n ensaya a toda m<\/span>\u00e1<span lang=\"ES-TRAD\">quina entre sus nuevas oficinas de calle Balmaceda y los salones del emblem<\/span>\u00e1<span lang=\"ES-TRAD\">tico Liceo Josefina Aguirre de la ciudad de Coyhaique, preparando lo que ser<\/span>\u00e1\u00a0<span lang=\"ES-TRAD\">su estreno en sociedad este jueves en la Escuela Pedro Quintana Mansilla y el viernes en la Catedral de la ciudad de Puerto Ays\u00e9<\/span>n.<\/p>\n<p class=\"v1gmail-Predeterminado\" style=\"text-align: justify;\"><span lang=\"ES-TRAD\">Ambas jornadas comenzar<\/span>\u00e1<span lang=\"ES-TRAD\">n a las 7 de la tarde y ser\u00e1n dirigidas por el maestro H<\/span><span lang=\"FR\">\u00e9<\/span><span lang=\"ES-TRAD\">ctor M<\/span><span lang=\"FR\">\u00e9<\/span><span lang=\"ES-TRAD\">ndez, quien ha estado trabajando con las y los seleccionados en el repertorio con que debutar<\/span>\u00e1\u00a0<span lang=\"ES-TRAD\">el primer elenco estable de la regi\u00f3n de Ays<\/span><span lang=\"FR\">\u00e9<\/span>n<span lang=\"ES-TRAD\">, en dos funciones gratuitas<\/span>.<\/p>\n<p class=\"v1gmail-Predeterminado\" style=\"text-align: justify;\">Tra<span lang=\"ES-TRAD\">s un intenso trabajo pol\u00edtico y<\/span><span lang=\"IT\">\u00a0legislativo, la\u00a0<\/span><span lang=\"ES-TRAD\">Orquesta de C\u00e1mara de la Universidad de Ays\u00e9n cuenta con financiamiento permanente a trav<\/span><span lang=\"FR\">\u00e9<\/span><span lang=\"ES-TRAD\">s de la glosa presupuestaria de la S<\/span><span lang=\"PT\">ubsecretar<\/span>\u00ed<span lang=\"ES-TRAD\">a de las Culturas y las Artes. Tras el convenio suscrito entre el ministerio y la UAys\u00e9n, un estricto concurso seleccion<\/span>\u00f3 a\u00a0l<span lang=\"ES-TRAD\">as y los primeros m<\/span>\u00fa<span lang=\"ES-TRAD\">sicos que forman parte del elenco que este jueves<\/span><span lang=\"ES-TRAD\">\u00a0<\/span><span lang=\"ES-TRAD\">debuta.<\/span><\/p>\n<p class=\"v1gmail-Predeterminado\" style=\"text-align: justify;\"><span lang=\"ES-TRAD\">El director de la orquesta, H<\/span><span lang=\"FR\">\u00e9<\/span><span lang=\"ES-TRAD\">ctor M<\/span><span lang=\"FR\">\u00e9<\/span><span lang=\"ES-TRAD\">ndez, cuenta que \u00abcomenzamos a trabajar desde la semana pasada en las primeras lecturas y ensayos de las obras que interpretaremos en estos dos conciertos,\u00a0<\/span><span lang=\"PT\">dedicado<\/span><span lang=\"ES-TRAD\">s<\/span><span lang=\"IT\">\u00a0netamente a m<\/span>\u00fa<span lang=\"ES-TRAD\">sica de compositores de nuestra regi\u00f3<\/span>n<span lang=\"ES-TRAD\">.<\/span><span lang=\"ES-TRAD\">\u00a0<\/span><span lang=\"ES-TRAD\">I<\/span><span lang=\"PT\">nterpretaremos o<\/span><span lang=\"ES-TRAD\">bras de Arturo Barros, Juan Mouras e Iv<\/span>\u00e1<span lang=\"ES-TRAD\">n Barrientos\u00bb. El eximio guitarrista Juan Mouras formar\u00e1 parte de ambas presentaciones.<\/span><\/p>\n<p class=\"v1gmail-Predeterminado\" style=\"text-align: justify;\"><span lang=\"ES-TRAD\">Para el seremi<\/span><span lang=\"PT\">\u00a0de Cultura<\/span><span lang=\"ES-TRAD\">s<\/span>\u00a0Ays<span lang=\"ES-TRAD\">\u00e9n, Felipe Quiroz, \u00abeste hito representa no solo el cierre de una etapa de trabajo mancomunado entre instituciones p<\/span>\u00fa<span lang=\"ES-TRAD\">blicas, sino tambi<\/span><span lang=\"FR\">\u00e9<\/span><span lang=\"ES-TRAD\">n el inicio de un compromiso profundo con el acceso a la cultura en nuestra regi\u00f3<\/span><span lang=\"PT\">n. Como\u00a0<\/span><span lang=\"ES-TRAD\">Gobierno, es motivo de orgullo anunciar que, por primera vez en muchos a\u00f1os, contaremos con un elenco estable financiado por el Estado de Chile. Este logro refleja una convicci\u00f3n que compartimos como administraci\u00f3n: la cultura no puede seguir siendo privilegio de unos pocos. Por eso, este proyecto no solo llevar<\/span>\u00e1\u00a0<span lang=\"ES-TRAD\">conciertos de excelencia a lugares aislados, sino que tambi<\/span><span lang=\"FR\">\u00e9<\/span><span lang=\"ES-TRAD\">n abrir<\/span>\u00e1\u00a0<span lang=\"ES-TRAD\">caminos de formaci\u00f3n para las y los j\u00f3venes de nuestro territorio, reconociendo y cultivando el talento que por tanto tiempo ha sido invisibilizado. Con este proyecto, apostamos por una pol<\/span>\u00ed<span lang=\"ES-TRAD\">tica cultural que une acceso y formaci\u00f3n, descentralizaci\u00f3n y justicia territorial. Porque en Ays<\/span><span lang=\"FR\">\u00e9<\/span><span lang=\"ES-TRAD\">n tambi<\/span><span lang=\"FR\">\u00e9<\/span><span lang=\"ES-TRAD\">n se crea, tambi<\/span><span lang=\"FR\">\u00e9<\/span><span lang=\"ES-TRAD\">n se sue\u00f1a y tambi<\/span><span lang=\"FR\">\u00e9<\/span><span lang=\"ES-TRAD\">n se merece<\/span>\u00ab.<\/p>\n<p class=\"v1gmail-Predeterminado\" style=\"text-align: justify;\"><span lang=\"ES-TRAD\">Por su parte, el director general de V\u00ednculos de la Universidad de Ays<\/span><span lang=\"FR\">\u00e9<\/span><span lang=\"ES-TRAD\">n, Gabriel N\u00fa\u00f1ez Vivanco, se\u00f1al\u00f3 que,\u00a0<\/span><span dir=\"RTL\" lang=\"AR-SA\">\u00ab<\/span><span lang=\"AR-SA\">como UAys<\/span><span lang=\"ES-TRAD\">\u00e9n<\/span><span lang=\"AR-SA\">\u00a0estamos muy contentos de relevar y de participar en este hito fundamental, que es el primer concierto de nuestra Orquesta de C\u00e1mara Profesional que es financiada de manera estable por el Ministerio de las Culturas, las Artes y el Patrimonio. Es para nosotros un motivo de orgullo, porque adem\u00e1s de colaborar con la extensi\u00f3n de la cultura en la regi\u00f3n, tambi\u00e9n es parte del sentido de una Universidad del Estado en el territorio. Como Universidad tenemos un mandato que tiene que ver con la formaci\u00f3n y con la generaci\u00f3n de capital humano, pero tambi\u00e9n con la extensi\u00f3n de la cultura y el patrimonio y es lo que estamos haciendo precisamente con esta iniciativa que lleva algunos a\u00f1os, con mucho esfuerzo, de manera sistem\u00e1tica, tratando de fortalecer a los equipos culturales, pero que hoy ya ve luz a trav\u00e9s de esta iniciativa que nos va a permitir profesionalizar no solo la m\u00fasica, sino tambi\u00e9n distintos eventos culturales a trav\u00e9s de la formaci\u00f3n, a trav\u00e9s de conciertos y este jueves y viernes se da inicio a este hito fundamental\u00bb, puntualiz<\/span><span lang=\"ES-TRAD\">\u00f3<\/span><span lang=\"AR-SA\">.<\/span><\/p>\n<\/div><\/section><\/div><div  style='height:50px' class='hr hr-invisible   avia-builder-el-6  el_after_av_one_full  el_before_av_social_share '><span class='hr-inner ' ><span class='hr-inner-style'><\/span><\/span><\/div><\/p>\n<div  class='av-social-sharing-box  avia-builder-el-7  el_after_av_hr  el_before_av_hr  '><div class='av-share-box'><h5 class='av-share-link-description av-no-toc '>Compartir esta noticia<\/h5><ul class='av-share-box-list noLightbox'><li class='av-share-link av-social-link-facebook' ><a target=\"_blank\" aria-label=\"Compartir en Facebook\" href='https:\/\/www.facebook.com\/sharer.php?u=https:\/\/radiorevelacionfm.cl\/?p=52954&#038;t=Orquesta%20de%20C%C3%A1mara%20profesional%20de%20la%20Universidad%20de%20Ays%C3%A9n%20debuta%20este%20jueves%20y%20viernes' aria-hidden='false' data-av_icon='\ue8f3' data-av_iconfont='entypo-fontello' title='' data-avia-related-tooltip='Compartir en Facebook' rel=\"noopener\"><span class='avia_hidden_link_text'>Compartir en Facebook<\/span><\/a><\/li><li class='av-share-link av-social-link-twitter' ><a target=\"_blank\" aria-label=\"Compartir en Twitter\" href='https:\/\/twitter.com\/share?text=Orquesta%20de%20C%C3%A1mara%20profesional%20de%20la%20Universidad%20de%20Ays%C3%A9n%20debuta%20este%20jueves%20y%20viernes&#038;url=https:\/\/radiorevelacionfm.cl\/?p=52954' aria-hidden='false' data-av_icon='\ue8f1' data-av_iconfont='entypo-fontello' title='' data-avia-related-tooltip='Compartir en Twitter' rel=\"noopener\"><span class='avia_hidden_link_text'>Compartir en Twitter<\/span><\/a><\/li><li class='av-share-link av-social-link-whatsapp' ><a target=\"_blank\" aria-label=\"Compartir en Whatsapp\" href='https:\/\/api.whatsapp.com\/send?text=https:\/\/radiorevelacionfm.cl\/?p=52954' aria-hidden='false' data-av_icon='\uf232' data-av_iconfont='entypo-fontello' title='' data-avia-related-tooltip='Compartir en Whatsapp' rel=\"noopener\"><span class='avia_hidden_link_text'>Compartir en Whatsapp<\/span><\/a><\/li><li class='av-share-link av-social-link-linkedin' ><a target=\"_blank\" aria-label=\"Compartir en LinkedIn\" href='https:\/\/linkedin.com\/shareArticle?mini=true&#038;title=Orquesta%20de%20C%C3%A1mara%20profesional%20de%20la%20Universidad%20de%20Ays%C3%A9n%20debuta%20este%20jueves%20y%20viernes&#038;url=https:\/\/radiorevelacionfm.cl\/?p=52954' aria-hidden='false' data-av_icon='\ue8fc' data-av_iconfont='entypo-fontello' title='' data-avia-related-tooltip='Compartir en LinkedIn' rel=\"noopener\"><span class='avia_hidden_link_text'>Compartir en LinkedIn<\/span><\/a><\/li><li class='av-share-link av-social-link-mail' ><a  aria-label=\"Compartir por correo\" href='mailto:?subject=Orquesta%20de%20C%C3%A1mara%20profesional%20de%20la%20Universidad%20de%20Ays%C3%A9n%20debuta%20este%20jueves%20y%20viernes&#038;body=https:\/\/radiorevelacionfm.cl\/?p=52954' aria-hidden='false' data-av_icon='\ue805' data-av_iconfont='entypo-fontello' title='' data-avia-related-tooltip='Compartir por correo'><span class='avia_hidden_link_text'>Compartir por correo<\/span><\/a><\/li><\/ul><\/div><\/div>\n<div  style='height:50px' class='hr hr-invisible   avia-builder-el-8  el_after_av_social_share  el_before_av_comments_list '><span class='hr-inner ' ><span class='hr-inner-style'><\/span><\/span><\/div>\n<div  class='av-buildercomment  av-blog-meta-html-info-disabled av-blog-meta-tag-disabled  '><\/div>\n","protected":false},"excerpt":{"rendered":"","protected":false},"author":1,"featured_media":52955,"comment_status":"closed","ping_status":"closed","sticky":false,"template":"","format":"standard","meta":{"footnotes":""},"categories":[49],"tags":[],"class_list":["post-52954","post","type-post","status-publish","format-standard","has-post-thumbnail","hentry","category-educacion"],"jetpack_featured_media_url":"https:\/\/radiorevelacionfm.cl\/wp-content\/uploads\/2025\/04\/Orquesta1-1-1.jpeg","_links":{"self":[{"href":"https:\/\/radiorevelacionfm.cl\/index.php?rest_route=\/wp\/v2\/posts\/52954","targetHints":{"allow":["GET"]}}],"collection":[{"href":"https:\/\/radiorevelacionfm.cl\/index.php?rest_route=\/wp\/v2\/posts"}],"about":[{"href":"https:\/\/radiorevelacionfm.cl\/index.php?rest_route=\/wp\/v2\/types\/post"}],"author":[{"embeddable":true,"href":"https:\/\/radiorevelacionfm.cl\/index.php?rest_route=\/wp\/v2\/users\/1"}],"replies":[{"embeddable":true,"href":"https:\/\/radiorevelacionfm.cl\/index.php?rest_route=%2Fwp%2Fv2%2Fcomments&post=52954"}],"version-history":[{"count":2,"href":"https:\/\/radiorevelacionfm.cl\/index.php?rest_route=\/wp\/v2\/posts\/52954\/revisions"}],"predecessor-version":[{"id":52968,"href":"https:\/\/radiorevelacionfm.cl\/index.php?rest_route=\/wp\/v2\/posts\/52954\/revisions\/52968"}],"wp:featuredmedia":[{"embeddable":true,"href":"https:\/\/radiorevelacionfm.cl\/index.php?rest_route=\/wp\/v2\/media\/52955"}],"wp:attachment":[{"href":"https:\/\/radiorevelacionfm.cl\/index.php?rest_route=%2Fwp%2Fv2%2Fmedia&parent=52954"}],"wp:term":[{"taxonomy":"category","embeddable":true,"href":"https:\/\/radiorevelacionfm.cl\/index.php?rest_route=%2Fwp%2Fv2%2Fcategories&post=52954"},{"taxonomy":"post_tag","embeddable":true,"href":"https:\/\/radiorevelacionfm.cl\/index.php?rest_route=%2Fwp%2Fv2%2Ftags&post=52954"}],"curies":[{"name":"wp","href":"https:\/\/api.w.org\/{rel}","templated":true}]}}