{"id":52950,"date":"2025-04-22T17:50:20","date_gmt":"2025-04-22T20:50:20","guid":{"rendered":"https:\/\/radiorevelacionfm.cl\/?p=52950"},"modified":"2025-04-22T17:50:20","modified_gmt":"2025-04-22T20:50:20","slug":"llaman-a-cumplir-grabado-de-patentes-a-menos-de-un-mes-de-su-obligatoriedad","status":"publish","type":"post","link":"https:\/\/radiorevelacionfm.cl\/?p=52950","title":{"rendered":"Llaman a cumplir grabado de patentes a menos de un mes de su obligatoriedad"},"content":{"rendered":"<div class=\"flex_column av_one_full  flex_column_div av-zero-column-padding first  avia-builder-el-0  el_before_av_one_full  avia-builder-el-first  \" style='border-radius:0px; '><div  class='avia-image-container  av-styling-    avia-builder-el-1  avia-builder-el-no-sibling  avia-align-center '  itemprop=\"image\" itemscope=\"itemscope\" itemtype=\"https:\/\/schema.org\/ImageObject\"  ><div class='avia-image-container-inner'><div class='avia-image-overlay-wrap'><img decoding=\"async\" class='wp-image-52951 avia-img-lazy-loading-not-52951 avia_image' src=\"https:\/\/radiorevelacionfm.cl\/wp-content\/uploads\/2025\/04\/DSC_8143-1-1.jpg\" alt='' title='DSC_8143 (1) (1)' height=\"600\" width=\"903\"  itemprop=\"thumbnailUrl\" srcset=\"https:\/\/radiorevelacionfm.cl\/wp-content\/uploads\/2025\/04\/DSC_8143-1-1.jpg 903w, https:\/\/radiorevelacionfm.cl\/wp-content\/uploads\/2025\/04\/DSC_8143-1-1-300x199.jpg 300w, https:\/\/radiorevelacionfm.cl\/wp-content\/uploads\/2025\/04\/DSC_8143-1-1-768x510.jpg 768w, https:\/\/radiorevelacionfm.cl\/wp-content\/uploads\/2025\/04\/DSC_8143-1-1-705x468.jpg 705w, https:\/\/radiorevelacionfm.cl\/wp-content\/uploads\/2025\/04\/DSC_8143-1-1-450x299.jpg 450w, https:\/\/radiorevelacionfm.cl\/wp-content\/uploads\/2025\/04\/DSC_8143-1-1-600x399.jpg 600w\" sizes=\"(max-width: 903px) 100vw, 903px\" \/><\/div><\/div><\/div><\/div><div class=\"flex_column av_one_full  flex_column_div av-zero-column-padding first  avia-builder-el-2  el_after_av_one_full  el_before_av_one_full  column-top-margin\" style='border-radius:0px; '><section class=\"av_textblock_section \"  itemscope=\"itemscope\" itemtype=\"https:\/\/schema.org\/BlogPosting\" itemprop=\"blogPost\" ><div class='avia_textblock  '   itemprop=\"text\" ><p style=\"text-align: center;\"><span style=\"font-size: 18pt;\"><b>Llaman a cumplir grabado de patentes a menos de un mes de su obligatoriedad<\/b><\/span><\/p>\n<div id=\"gtx-trans\" style=\"position: absolute; left: -50px; top: 4.31534px;\">\n<div class=\"gtx-trans-icon\"><\/div>\n<\/div>\n<\/div><\/section><\/div><\/p>\n<div class=\"flex_column av_one_full  flex_column_div av-zero-column-padding first  avia-builder-el-4  el_after_av_one_full  el_before_av_hr  column-top-margin\" style='border-radius:0px; '><section class=\"av_textblock_section \"  itemscope=\"itemscope\" itemtype=\"https:\/\/schema.org\/BlogPosting\" itemprop=\"blogPost\" ><div class='avia_textblock  '   itemprop=\"text\" ><p style=\"font-weight: 400; text-align: justify;\"><em>A partir del 15 de mayo, la inscripci\u00f3n de la matr\u00edcula en vidrios y espejos de los veh\u00edculos ser\u00e1 obligatoria, tanto en controles, como tambi\u00e9n, en las Plantas de Revisi\u00f3n T\u00e9cnica.<\/em><\/p>\n<p style=\"text-align: justify;\">Hasta la fecha en Coyhaique, se estima solo un 40% en el cumplimiento de la normativa por lo que llamaron a conductores a agilizar el grabado de patentes en sus veh\u00edculos.<\/p>\n<p style=\"font-weight: 400; text-align: justify;\">Ya comenz\u00f3 la cuenta regresiva de la obligatoriedad de la exigencia del grabado de vidrios y espejos en veh\u00edculos en nuestro pa\u00eds. Desde el 15 de mayo, todo auto, cami\u00f3n o moto, por mencionar algunos ejemplos, deber\u00e1 contar con sus matr\u00edculas inscritas en dichos lugares, tal como lo exige la ley 21.601, y que busca reducir la venta de piezas robadas.<\/p>\n<p style=\"font-weight: 400; text-align: justify;\">En vista de aquello, desde el Ministerio de Transportes y Telecomunicaciones (MTT), se entregaron una serie de recomendaciones a tener en cuenta a la hora de realizar este tr\u00e1mite. La primera de ellas dice relaci\u00f3n con verificar que el autom\u00f3vil cuente con el grabado correspondiente de vidrios y espejos. Lo anterior, debido a que algunas Plantas de Revisi\u00f3n T\u00e9cnica han detectado un cumplimiento parcial de la medida.<\/p>\n<p style=\"font-weight: 400; text-align: justify;\">Al respecto al seremiTT Hans Zimmermann se refiri\u00f3 a los aspectos generales que se estipulan en la nueva normativa: \u201c\u00bfCon qu\u00e9 tendr\u00e1n que cumplir los conductores? Bueno, con el grabado de la patente de los veh\u00edculos en al menos seis vidrios y adem\u00e1s de los espejos laterales de cada uno de los veh\u00edculos. Estos grabados deber\u00e1n ser efectuados de manera permanente, con letra legible. En el lado del conductor deber\u00e1 ser realizado en el borde inferior derecho del vidrio y en el lado del copiloto en el borde inferior izquierdo. En el caso de la luneta, el grabado deber\u00e1 ir en el borde inferior izquierdo y en el parabrisas en el borde inferior derecho. En los espejos laterales, en los bordes inferiores o superiores, seg\u00fan c\u00f3mo acomode a la visibilidad del conductor.\u201d<\/p>\n<p style=\"font-weight: 400; text-align: justify;\">En cuanto a la fiscalizaci\u00f3n, es importante destacar que las acciones que permitir\u00e1n verificar el cumplimiento del grabado, se realizar\u00e1n en dos instancias. Una, en terreno, a trav\u00e9s de los controles que realiza personal de Fiscalizaci\u00f3n del MTT, o bien, de Carabineros. El otro control es el que se realizar\u00e1 en las mismas Plantas de Revisi\u00f3n T\u00e9cnica, las cuales ya cuentan en sus manuales de inspecci\u00f3n visual la incorporaci\u00f3n del grabado como elemento a certificar, lo cual se realizar\u00e1 precisamente desde el 15 de mayo.<\/p>\n<p style=\"font-weight: 400; text-align: justify;\">Cabe se\u00f1alar que quienes no cumplan con la medida, se exponen a multas de 1 a 1,5 UTM, o bien, a un rechazo en el proceso de obtenci\u00f3n de la revisi\u00f3n t\u00e9cnica. Al respecto, el Jefe de la Planta de Revisi\u00f3n T\u00e9cnica de Coyhaique, Francisco Montero afirm\u00f3 que hasta el momento se ha registrado un bajo ingreso de veh\u00edculos con patentes grabadas. \u201cEl grabado de patentes va un poco lento. En diciembre ten\u00edamos una estad\u00edstica de alrededor de un 3% de los veh\u00edculos, hoy d\u00eda ya estamos un poquito m\u00e1s, debemos estar cerca del 40%, pero ya estamos demasiado cerca, as\u00ed que hay que empezar a ponerse las pilas y apurarse y no dejarlo hasta \u00faltima hora, porque la multa es bastante cara como para dejarse estar y que le pasen la multa.\u201d<\/p>\n<p style=\"font-weight: 400; text-align: justify;\"><strong><em>Sobre el grabado<\/em><\/strong><\/p>\n<p style=\"font-weight: 400; text-align: justify;\">La ley exige los siguientes elementos, vinculados al grabado:<\/p>\n<p style=\"font-weight: 400; text-align: justify;\">&#8211; Que sea permanente. Vale decir, que haya implicado un desgaste al vidrio y espejo, m\u00e1s all\u00e1 de la t\u00e9cnica utilizada (arenado, tallado, \u00e1cido, etc.)<\/p>\n<p style=\"font-weight: 400; text-align: justify;\">&#8211; Que la letra sea legible, y en formato normal. Es decir, que no use elementos como cursiva o negrita. Y todo, siempre en may\u00fascula.<\/p>\n<p style=\"font-weight: 400; text-align: justify;\">&#8211;\u00a0 En cuanto al tama\u00f1o del grabado, la normativa exigir\u00e1:<\/p>\n<p style=\"font-weight: 400; text-align: justify;\">o\u00a0 Para las letras y d\u00edgitos de los vidrios, entre 7 y 10 mil\u00edmetros de altura.<\/p>\n<p style=\"font-weight: 400; text-align: justify;\">o\u00a0 Por su parte, en los espejos laterales, la altura deber\u00e1 ser entre 5 y 10 mil\u00edmetros.<\/p>\n<p style=\"font-weight: 400; text-align: justify;\">Si su veh\u00edculo ya cuenta previamente con el grabado, el propio reglamento establece que quedan eximidos de cumplir tama\u00f1o, ubicaci\u00f3n, y otras caracter\u00edsticas, siempre y cuando\u00a0ese grabado haya sido realizado de forma permanente, que sea legible, y tambi\u00e9n, que est\u00e9n grabados al menos 6 vidrios, adem\u00e1s de los 2 espejos laterales.<\/p>\n<p style=\"font-weight: 400; text-align: justify;\">Y si un veh\u00edculo tuviese m\u00e1s vidrios (por ejemplo, un bus o furg\u00f3n), aplica justamente esa cifra, como m\u00ednimo. En tanto, para el caso de aquellos que tuviesen menos vidrios o espejos, aplica la totalidad (como el caso de las motos, espec\u00edficamente, sus retrovisores).<\/p>\n<p style=\"font-weight: 400; text-align: justify;\">Recuerda que estos aspectos, tambi\u00e9n puedes revisarlos en la web especial habilitada por el MTT:\u00a0<a href=\"https:\/\/mtt.gob.cl\/grabado-de-patentes\" data-saferedirecturl=\"https:\/\/www.google.com\/url?q=https:\/\/mtt.gob.cl\/grabado-de-patentes&amp;source=gmail&amp;ust=1745440168370000&amp;usg=AOvVaw3-zzdBesuDRygRP9I50twp\">https:\/\/mtt.gob.cl\/grabado-de-patentes<\/a><\/p>\n<\/div><\/section><\/div><div  style='height:50px' class='hr hr-invisible   avia-builder-el-6  el_after_av_one_full  el_before_av_social_share '><span class='hr-inner ' ><span class='hr-inner-style'><\/span><\/span><\/div><\/p>\n<div  class='av-social-sharing-box  avia-builder-el-7  el_after_av_hr  el_before_av_hr  '><div class='av-share-box'><h5 class='av-share-link-description av-no-toc '>Compartir esta noticia<\/h5><ul class='av-share-box-list noLightbox'><li class='av-share-link av-social-link-facebook' ><a target=\"_blank\" aria-label=\"Compartir en Facebook\" href='https:\/\/www.facebook.com\/sharer.php?u=https:\/\/radiorevelacionfm.cl\/?p=52950&#038;t=Llaman%20a%20cumplir%20grabado%20de%20patentes%20a%20menos%20de%20un%20mes%20de%20su%20obligatoriedad' aria-hidden='false' data-av_icon='\ue8f3' data-av_iconfont='entypo-fontello' title='' data-avia-related-tooltip='Compartir en Facebook' rel=\"noopener\"><span class='avia_hidden_link_text'>Compartir en Facebook<\/span><\/a><\/li><li class='av-share-link av-social-link-twitter' ><a target=\"_blank\" aria-label=\"Compartir en Twitter\" href='https:\/\/twitter.com\/share?text=Llaman%20a%20cumplir%20grabado%20de%20patentes%20a%20menos%20de%20un%20mes%20de%20su%20obligatoriedad&#038;url=https:\/\/radiorevelacionfm.cl\/?p=52950' aria-hidden='false' data-av_icon='\ue8f1' data-av_iconfont='entypo-fontello' title='' data-avia-related-tooltip='Compartir en Twitter' rel=\"noopener\"><span class='avia_hidden_link_text'>Compartir en Twitter<\/span><\/a><\/li><li class='av-share-link av-social-link-whatsapp' ><a target=\"_blank\" aria-label=\"Compartir en Whatsapp\" href='https:\/\/api.whatsapp.com\/send?text=https:\/\/radiorevelacionfm.cl\/?p=52950' aria-hidden='false' data-av_icon='\uf232' data-av_iconfont='entypo-fontello' title='' data-avia-related-tooltip='Compartir en Whatsapp' rel=\"noopener\"><span class='avia_hidden_link_text'>Compartir en Whatsapp<\/span><\/a><\/li><li class='av-share-link av-social-link-linkedin' ><a target=\"_blank\" aria-label=\"Compartir en LinkedIn\" href='https:\/\/linkedin.com\/shareArticle?mini=true&#038;title=Llaman%20a%20cumplir%20grabado%20de%20patentes%20a%20menos%20de%20un%20mes%20de%20su%20obligatoriedad&#038;url=https:\/\/radiorevelacionfm.cl\/?p=52950' aria-hidden='false' data-av_icon='\ue8fc' data-av_iconfont='entypo-fontello' title='' data-avia-related-tooltip='Compartir en LinkedIn' rel=\"noopener\"><span class='avia_hidden_link_text'>Compartir en LinkedIn<\/span><\/a><\/li><li class='av-share-link av-social-link-mail' ><a  aria-label=\"Compartir por correo\" href='mailto:?subject=Llaman%20a%20cumplir%20grabado%20de%20patentes%20a%20menos%20de%20un%20mes%20de%20su%20obligatoriedad&#038;body=https:\/\/radiorevelacionfm.cl\/?p=52950' aria-hidden='false' data-av_icon='\ue805' data-av_iconfont='entypo-fontello' title='' data-avia-related-tooltip='Compartir por correo'><span class='avia_hidden_link_text'>Compartir por correo<\/span><\/a><\/li><\/ul><\/div><\/div>\n<div  style='height:50px' class='hr hr-invisible   avia-builder-el-8  el_after_av_social_share  el_before_av_comments_list '><span class='hr-inner ' ><span class='hr-inner-style'><\/span><\/span><\/div>\n<div  class='av-buildercomment  av-blog-meta-html-info-disabled av-blog-meta-tag-disabled  '><\/div>\n","protected":false},"excerpt":{"rendered":"","protected":false},"author":1,"featured_media":52951,"comment_status":"closed","ping_status":"closed","sticky":false,"template":"","format":"standard","meta":{"footnotes":""},"categories":[59],"tags":[],"class_list":["post-52950","post","type-post","status-publish","format-standard","has-post-thumbnail","hentry","category-transporte"],"jetpack_featured_media_url":"https:\/\/radiorevelacionfm.cl\/wp-content\/uploads\/2025\/04\/DSC_8143-1-1.jpg","_links":{"self":[{"href":"https:\/\/radiorevelacionfm.cl\/index.php?rest_route=\/wp\/v2\/posts\/52950","targetHints":{"allow":["GET"]}}],"collection":[{"href":"https:\/\/radiorevelacionfm.cl\/index.php?rest_route=\/wp\/v2\/posts"}],"about":[{"href":"https:\/\/radiorevelacionfm.cl\/index.php?rest_route=\/wp\/v2\/types\/post"}],"author":[{"embeddable":true,"href":"https:\/\/radiorevelacionfm.cl\/index.php?rest_route=\/wp\/v2\/users\/1"}],"replies":[{"embeddable":true,"href":"https:\/\/radiorevelacionfm.cl\/index.php?rest_route=%2Fwp%2Fv2%2Fcomments&post=52950"}],"version-history":[{"count":2,"href":"https:\/\/radiorevelacionfm.cl\/index.php?rest_route=\/wp\/v2\/posts\/52950\/revisions"}],"predecessor-version":[{"id":52953,"href":"https:\/\/radiorevelacionfm.cl\/index.php?rest_route=\/wp\/v2\/posts\/52950\/revisions\/52953"}],"wp:featuredmedia":[{"embeddable":true,"href":"https:\/\/radiorevelacionfm.cl\/index.php?rest_route=\/wp\/v2\/media\/52951"}],"wp:attachment":[{"href":"https:\/\/radiorevelacionfm.cl\/index.php?rest_route=%2Fwp%2Fv2%2Fmedia&parent=52950"}],"wp:term":[{"taxonomy":"category","embeddable":true,"href":"https:\/\/radiorevelacionfm.cl\/index.php?rest_route=%2Fwp%2Fv2%2Fcategories&post=52950"},{"taxonomy":"post_tag","embeddable":true,"href":"https:\/\/radiorevelacionfm.cl\/index.php?rest_route=%2Fwp%2Fv2%2Ftags&post=52950"}],"curies":[{"name":"wp","href":"https:\/\/api.w.org\/{rel}","templated":true}]}}