{"id":52944,"date":"2025-04-23T09:58:40","date_gmt":"2025-04-23T12:58:40","guid":{"rendered":"https:\/\/radiorevelacionfm.cl\/?p=52944"},"modified":"2025-04-23T09:58:40","modified_gmt":"2025-04-23T12:58:40","slug":"proyecto-explora-aysen-invita-a-profesionales-de-la-comunidad-cientifica-a-asesorar-equipos-de-ciencia-escolar","status":"publish","type":"post","link":"https:\/\/radiorevelacionfm.cl\/?p=52944","title":{"rendered":"Proyecto Explora Ays\u00e9n invita a profesionales de la comunidad cient\u00edfica a asesorar equipos de ciencia escolar"},"content":{"rendered":"<div class=\"flex_column av_one_full  flex_column_div av-zero-column-padding first  avia-builder-el-0  el_before_av_one_full  avia-builder-el-first  \" style='border-radius:0px; '><div  class='avia-image-container  av-styling-    avia-builder-el-1  avia-builder-el-no-sibling  avia-align-center '  itemprop=\"image\" itemscope=\"itemscope\" itemtype=\"https:\/\/schema.org\/ImageObject\"  ><div class='avia-image-container-inner'><div class='avia-image-overlay-wrap'><img decoding=\"async\" class='wp-image-52945 avia-img-lazy-loading-not-52945 avia_image' src=\"https:\/\/radiorevelacionfm.cl\/wp-content\/uploads\/2025\/04\/Convocatoria-Asesorias-cientificas-1-1.jpg\" alt='' title='Convocatoria Asesorias cientificas (1) (1)' height=\"600\" width=\"938\"  itemprop=\"thumbnailUrl\" srcset=\"https:\/\/radiorevelacionfm.cl\/wp-content\/uploads\/2025\/04\/Convocatoria-Asesorias-cientificas-1-1.jpg 938w, https:\/\/radiorevelacionfm.cl\/wp-content\/uploads\/2025\/04\/Convocatoria-Asesorias-cientificas-1-1-300x192.jpg 300w, https:\/\/radiorevelacionfm.cl\/wp-content\/uploads\/2025\/04\/Convocatoria-Asesorias-cientificas-1-1-768x491.jpg 768w, https:\/\/radiorevelacionfm.cl\/wp-content\/uploads\/2025\/04\/Convocatoria-Asesorias-cientificas-1-1-705x451.jpg 705w, https:\/\/radiorevelacionfm.cl\/wp-content\/uploads\/2025\/04\/Convocatoria-Asesorias-cientificas-1-1-450x288.jpg 450w, https:\/\/radiorevelacionfm.cl\/wp-content\/uploads\/2025\/04\/Convocatoria-Asesorias-cientificas-1-1-600x384.jpg 600w\" sizes=\"(max-width: 938px) 100vw, 938px\" \/><\/div><\/div><\/div><\/div><div class=\"flex_column av_one_full  flex_column_div av-zero-column-padding first  avia-builder-el-2  el_after_av_one_full  el_before_av_one_full  column-top-margin\" style='border-radius:0px; '><section class=\"av_textblock_section \"  itemscope=\"itemscope\" itemtype=\"https:\/\/schema.org\/BlogPosting\" itemprop=\"blogPost\" ><div class='avia_textblock  '   itemprop=\"text\" ><p style=\"text-align: center;\"><span style=\"font-size: 18pt;\"><strong>Proyecto Explora Ays\u00e9n invita a profesionales de la comunidad cient\u00edfica a asesorar equipos de ciencia escolar<\/strong><\/span><\/p>\n<div id=\"gtx-trans\" style=\"position: absolute; left: -50px; top: 4.31534px;\">\n<div class=\"gtx-trans-icon\"><\/div>\n<\/div>\n<\/div><\/section><\/div><div class=\"flex_column av_one_full  flex_column_div av-zero-column-padding first  avia-builder-el-4  el_after_av_one_full  el_before_av_hr  column-top-margin\" style='border-radius:0px; '><section class=\"av_textblock_section \"  itemscope=\"itemscope\" itemtype=\"https:\/\/schema.org\/BlogPosting\" itemprop=\"blogPost\" ><div class='avia_textblock  '   itemprop=\"text\" ><p style=\"text-align: justify;\"><em>Hasta el 9 de mayo est\u00e1n abiertas las postulaciones para participar como asesores\/as cient\u00edficos\/as del Programa Investigaci\u00f3n e Innovaci\u00f3n Escolar 2025-2026, y contribuir\u00a0 al fortalecimiento del v\u00ednculo entre la comunidad cient\u00edfica y escolar de la regi\u00f3n de Ays\u00e9n. <\/em><\/p>\n<p style=\"text-align: justify;\">El Programa de Investigaci\u00f3n e Innovaci\u00f3n Escolar (IIE) es una iniciativa implementada por el\u00a0 Proyecto Explora Ays\u00e9n del Ministerio de Ciencia, Tecnolog\u00eda, Conocimiento e Innovaci\u00f3n y el Campus Patagonia de la Universidad Austral de Chile, con el objetivo de promover la socializaci\u00f3n del conocimiento en la comunidad educativa, contribuyendo al desarrollo de competencias en las distintas \u00e1reas del conocimiento, la tecnolog\u00eda y la innovaci\u00f3n.<\/p>\n<p style=\"text-align: justify;\">En su versi\u00f3n 2025-2026, el Programa contar\u00e1 con la participaci\u00f3n de 28 equipos conformados por docentes y estudiantes pertenecientes a 25 establecimientos educacionales de 11 localidades de la regi\u00f3n.<\/p>\n<p style=\"text-align: justify;\"><strong>Asesor\u00edas cient\u00edficas: un espacio para descubrir en equipo<\/strong><\/p>\n<p style=\"text-align: justify;\">Con el objetivo de contribuir a la experiencia IIE, el Proyecto Explora Ays\u00e9n invita a profesionales de todas las \u00e1reas de la ciencia, tecnolog\u00eda, conocimiento e innovaci\u00f3n (CTCI) a participar como asesores y asesoras cient\u00edficas de los equipos, generando espacios colaborativos donde estudiantes, docentes y asesores\/as abordan preguntas y desaf\u00edos de su entorno, fortaleciendo sus competencias en CTCI y pensamiento cr\u00edtico.<\/p>\n<p style=\"text-align: justify;\">Durante dos a\u00f1os, los y las asesoras podr\u00e1n apoyar t\u00e9cnica y metodol\u00f3gicamente a equipos de investigaci\u00f3n e innovaci\u00f3n en el dise\u00f1o y\/o desarrollo de sus ideas de proyecto, permitiendo a los equipos intercambiar experiencias con cient\u00edficos\/as, resolver inquietudes, recibir retroalimentaci\u00f3n, ampliar t\u00e9cnicas de investigaci\u00f3n\/innovaci\u00f3n cient\u00edfica escolar e inspirarse en profesionales del \u00e1rea.<\/p>\n<p style=\"text-align: justify;\"><strong>\u00bfQui\u00e9nes pueden postular? <\/strong><\/p>\n<p style=\"text-align: justify;\">La convocatoria est\u00e1 abierta para profesionales vinculados a \u00e1reas CTCI, provenientes de universidades, centros de investigaci\u00f3n, instituciones p\u00fablicas y\/o privadas y ONG.<\/p>\n<p style=\"text-align: justify;\">Las y los interesados pueden postular a trav\u00e9s del formulario de inscripci\u00f3n disponible en <a href=\"http:\/\/www.explora.cl\/aysen\">www.explora.cl\/aysen<\/a> hasta el 9 de mayo a las 16:00 horas.<\/p>\n<\/div><\/section><\/div><div  style='height:50px' class='hr hr-invisible   avia-builder-el-6  el_after_av_one_full  el_before_av_social_share '><span class='hr-inner ' ><span class='hr-inner-style'><\/span><\/span><\/div><\/p>\n<div  class='av-social-sharing-box  avia-builder-el-7  el_after_av_hr  el_before_av_hr  '><div class='av-share-box'><h5 class='av-share-link-description av-no-toc '>Compartir esta noticia<\/h5><ul class='av-share-box-list noLightbox'><li class='av-share-link av-social-link-facebook' ><a target=\"_blank\" aria-label=\"Compartir en Facebook\" href='https:\/\/www.facebook.com\/sharer.php?u=https:\/\/radiorevelacionfm.cl\/?p=52944&#038;t=Proyecto%20Explora%20Ays%C3%A9n%20invita%20a%20profesionales%20de%20la%20comunidad%20cient%C3%ADfica%20a%20asesorar%20equipos%20de%20ciencia%20escolar' aria-hidden='false' data-av_icon='\ue8f3' data-av_iconfont='entypo-fontello' title='' data-avia-related-tooltip='Compartir en Facebook' rel=\"noopener\"><span class='avia_hidden_link_text'>Compartir en Facebook<\/span><\/a><\/li><li class='av-share-link av-social-link-twitter' ><a target=\"_blank\" aria-label=\"Compartir en Twitter\" href='https:\/\/twitter.com\/share?text=Proyecto%20Explora%20Ays%C3%A9n%20invita%20a%20profesionales%20de%20la%20comunidad%20cient%C3%ADfica%20a%20asesorar%20equipos%20de%20ciencia%20escolar&#038;url=https:\/\/radiorevelacionfm.cl\/?p=52944' aria-hidden='false' data-av_icon='\ue8f1' data-av_iconfont='entypo-fontello' title='' data-avia-related-tooltip='Compartir en Twitter' rel=\"noopener\"><span class='avia_hidden_link_text'>Compartir en Twitter<\/span><\/a><\/li><li class='av-share-link av-social-link-whatsapp' ><a target=\"_blank\" aria-label=\"Compartir en Whatsapp\" href='https:\/\/api.whatsapp.com\/send?text=https:\/\/radiorevelacionfm.cl\/?p=52944' aria-hidden='false' data-av_icon='\uf232' data-av_iconfont='entypo-fontello' title='' data-avia-related-tooltip='Compartir en Whatsapp' rel=\"noopener\"><span class='avia_hidden_link_text'>Compartir en Whatsapp<\/span><\/a><\/li><li class='av-share-link av-social-link-linkedin' ><a target=\"_blank\" aria-label=\"Compartir en LinkedIn\" href='https:\/\/linkedin.com\/shareArticle?mini=true&#038;title=Proyecto%20Explora%20Ays%C3%A9n%20invita%20a%20profesionales%20de%20la%20comunidad%20cient%C3%ADfica%20a%20asesorar%20equipos%20de%20ciencia%20escolar&#038;url=https:\/\/radiorevelacionfm.cl\/?p=52944' aria-hidden='false' data-av_icon='\ue8fc' data-av_iconfont='entypo-fontello' title='' data-avia-related-tooltip='Compartir en LinkedIn' rel=\"noopener\"><span class='avia_hidden_link_text'>Compartir en LinkedIn<\/span><\/a><\/li><li class='av-share-link av-social-link-mail' ><a  aria-label=\"Compartir por correo\" href='mailto:?subject=Proyecto%20Explora%20Ays%C3%A9n%20invita%20a%20profesionales%20de%20la%20comunidad%20cient%C3%ADfica%20a%20asesorar%20equipos%20de%20ciencia%20escolar&#038;body=https:\/\/radiorevelacionfm.cl\/?p=52944' aria-hidden='false' data-av_icon='\ue805' data-av_iconfont='entypo-fontello' title='' data-avia-related-tooltip='Compartir por correo'><span class='avia_hidden_link_text'>Compartir por correo<\/span><\/a><\/li><\/ul><\/div><\/div>\n<div  style='height:50px' class='hr hr-invisible   avia-builder-el-8  el_after_av_social_share  el_before_av_comments_list '><span class='hr-inner ' ><span class='hr-inner-style'><\/span><\/span><\/div>\n<div  class='av-buildercomment  av-blog-meta-html-info-disabled av-blog-meta-tag-disabled  '><\/div>\n","protected":false},"excerpt":{"rendered":"","protected":false},"author":1,"featured_media":52945,"comment_status":"closed","ping_status":"closed","sticky":false,"template":"","format":"standard","meta":{"footnotes":""},"categories":[49],"tags":[],"class_list":["post-52944","post","type-post","status-publish","format-standard","has-post-thumbnail","hentry","category-educacion"],"jetpack_featured_media_url":"https:\/\/radiorevelacionfm.cl\/wp-content\/uploads\/2025\/04\/Convocatoria-Asesorias-cientificas-1-1.jpg","_links":{"self":[{"href":"https:\/\/radiorevelacionfm.cl\/index.php?rest_route=\/wp\/v2\/posts\/52944","targetHints":{"allow":["GET"]}}],"collection":[{"href":"https:\/\/radiorevelacionfm.cl\/index.php?rest_route=\/wp\/v2\/posts"}],"about":[{"href":"https:\/\/radiorevelacionfm.cl\/index.php?rest_route=\/wp\/v2\/types\/post"}],"author":[{"embeddable":true,"href":"https:\/\/radiorevelacionfm.cl\/index.php?rest_route=\/wp\/v2\/users\/1"}],"replies":[{"embeddable":true,"href":"https:\/\/radiorevelacionfm.cl\/index.php?rest_route=%2Fwp%2Fv2%2Fcomments&post=52944"}],"version-history":[{"count":2,"href":"https:\/\/radiorevelacionfm.cl\/index.php?rest_route=\/wp\/v2\/posts\/52944\/revisions"}],"predecessor-version":[{"id":52972,"href":"https:\/\/radiorevelacionfm.cl\/index.php?rest_route=\/wp\/v2\/posts\/52944\/revisions\/52972"}],"wp:featuredmedia":[{"embeddable":true,"href":"https:\/\/radiorevelacionfm.cl\/index.php?rest_route=\/wp\/v2\/media\/52945"}],"wp:attachment":[{"href":"https:\/\/radiorevelacionfm.cl\/index.php?rest_route=%2Fwp%2Fv2%2Fmedia&parent=52944"}],"wp:term":[{"taxonomy":"category","embeddable":true,"href":"https:\/\/radiorevelacionfm.cl\/index.php?rest_route=%2Fwp%2Fv2%2Fcategories&post=52944"},{"taxonomy":"post_tag","embeddable":true,"href":"https:\/\/radiorevelacionfm.cl\/index.php?rest_route=%2Fwp%2Fv2%2Ftags&post=52944"}],"curies":[{"name":"wp","href":"https:\/\/api.w.org\/{rel}","templated":true}]}}