{"id":52941,"date":"2025-04-22T15:44:52","date_gmt":"2025-04-22T18:44:52","guid":{"rendered":"https:\/\/radiorevelacionfm.cl\/?p=52941"},"modified":"2025-04-22T15:44:52","modified_gmt":"2025-04-22T18:44:52","slug":"fiscalia-solicito-la-prision-preventiva-para-imputado-por-el-delito-de-secuestro-calificado-en-puerto-aysen","status":"publish","type":"post","link":"https:\/\/radiorevelacionfm.cl\/?p=52941","title":{"rendered":"Fiscal\u00eda solicit\u00f3 la prisi\u00f3n preventiva para imputado por el delito de secuestro calificado en Puerto Ays\u00e9n"},"content":{"rendered":"<div class=\"flex_column av_one_full  flex_column_div av-zero-column-padding first  avia-builder-el-0  el_before_av_one_full  avia-builder-el-first  \" style='border-radius:0px; '><div  class='avia-image-container  av-styling-    avia-builder-el-1  avia-builder-el-no-sibling  avia-align-center '  itemprop=\"image\" itemscope=\"itemscope\" itemtype=\"https:\/\/schema.org\/ImageObject\"  ><div class='avia-image-container-inner'><div class='avia-image-overlay-wrap'><img decoding=\"async\" class='wp-image-44778 avia-img-lazy-loading-not-44778 avia_image' src=\"https:\/\/radiorevelacionfm.cl\/wp-content\/uploads\/2024\/08\/Detenido-generica-1-1.jpg\" alt='' title='Detenido-generica (1) (1)' height=\"600\" width=\"922\"  itemprop=\"thumbnailUrl\" srcset=\"https:\/\/radiorevelacionfm.cl\/wp-content\/uploads\/2024\/08\/Detenido-generica-1-1.jpg 922w, https:\/\/radiorevelacionfm.cl\/wp-content\/uploads\/2024\/08\/Detenido-generica-1-1-300x195.jpg 300w, https:\/\/radiorevelacionfm.cl\/wp-content\/uploads\/2024\/08\/Detenido-generica-1-1-768x500.jpg 768w, https:\/\/radiorevelacionfm.cl\/wp-content\/uploads\/2024\/08\/Detenido-generica-1-1-705x459.jpg 705w, https:\/\/radiorevelacionfm.cl\/wp-content\/uploads\/2024\/08\/Detenido-generica-1-1-450x293.jpg 450w, https:\/\/radiorevelacionfm.cl\/wp-content\/uploads\/2024\/08\/Detenido-generica-1-1-600x390.jpg 600w\" sizes=\"(max-width: 922px) 100vw, 922px\" \/><\/div><\/div><\/div><\/div><div class=\"flex_column av_one_full  flex_column_div av-zero-column-padding first  avia-builder-el-2  el_after_av_one_full  el_before_av_one_full  column-top-margin\" style='border-radius:0px; '><section class=\"av_textblock_section \"  itemscope=\"itemscope\" itemtype=\"https:\/\/schema.org\/BlogPosting\" itemprop=\"blogPost\" ><div class='avia_textblock  '   itemprop=\"text\" ><p style=\"text-align: center;\"><span style=\"font-size: 18pt;\"><b>Fiscal\u00eda solicit\u00f3 la prisi\u00f3n preventiva para imputado por el delito de secuestro calificado en Puerto Ays\u00e9n<\/b><\/span><\/p>\n<div id=\"gtx-trans\" style=\"position: absolute; left: -50px; top: 4.31534px;\">\n<div class=\"gtx-trans-icon\"><\/div>\n<\/div>\n<\/div><\/section><\/div><div class=\"flex_column av_one_full  flex_column_div av-zero-column-padding first  avia-builder-el-4  el_after_av_one_full  el_before_av_hr  column-top-margin\" style='border-radius:0px; '><section class=\"av_textblock_section \"  itemscope=\"itemscope\" itemtype=\"https:\/\/schema.org\/BlogPosting\" itemprop=\"blogPost\" ><div class='avia_textblock  '   itemprop=\"text\" ><p style=\"font-weight: 400; text-align: justify;\">\u201cEl imputado procedi\u00f3 a realizar una serie de actos que atentaron contra la integridad f\u00edsica y s\u00edquica de la v\u00edctima\u201d, detall\u00f3 el Fiscal Jefe de Ays\u00e9n-Cisnes, Pedro Poblete.<\/p>\n<p style=\"font-weight: 400; text-align: justify;\">La Fiscal\u00eda Local de Ays\u00e9n-Cisnes dirige una investigaci\u00f3n por el delito de secuestro calificado, hecho ocurrido durante la madrugada del domingo 20 de abril en un domicilio del sector Ribera Sur, camino a Puerto Chacabuco. En este caso se realizaron diligencias investigativas tanto por Carabineros de Puerto Ays\u00e9n como por la Brigada de Delitos Sexuales de la PDI y el Unidad de Violencia Sexual del Hospital Regional de Coyhaique.<\/p>\n<p style=\"font-weight: 400; text-align: justify;\">El Fiscal Jefe de Puerto Ays\u00e9n-Cisnes, Pedro Poblete, inform\u00f3 que seg\u00fan los antecedentes reunidos hasta el momento, en dicho lugar el imputado de 26 a\u00f1os, habr\u00eda cometido una serie de actos que atentaron gravemente contra la integridad de la v\u00edctima.<\/p>\n<p style=\"font-weight: 400; text-align: justify;\">\u201cLa Fiscal\u00eda Local de Ays\u00e9n-Cisnes dirige una investigaci\u00f3n por el delito de secuestro calificado. Estos hechos habr\u00edan ocurrido en el transcurso de la madrugada del d\u00eda domingo 20 de abril, en un domicilio ubicado en el sector de Ribera Sur, camino a Puerto Chacabuco, lugar en el cual el imputado procedi\u00f3 a realizar una serie de actos que atentaron contra la integridad f\u00edsica y s\u00edquica de la v\u00edctima\u201d, coment\u00f3 el fiscal Pedro Poblete.<\/p>\n<p style=\"font-weight: 400; text-align: justify;\">PELIGRO PARA LA SOCIEDAD<\/p>\n<p style=\"font-weight: 400; text-align: justify;\">La afectada, a\u00f1adi\u00f3 el persecutor penal, fue \u201cencerrada dentro este domicilio y golpeada en reiteradas oportunidades, siendo violentada tambi\u00e9n sexualmente contra su voluntad\u201d.<\/p>\n<p style=\"font-weight: 400; text-align: justify;\">Dada la gravedad de estos hechos ocurridos en Puerto Ays\u00e9n, en la audiencia realizada este martes el imputado fue formalizado por el delito de secuestro calificado. \u201cRaz\u00f3n por la cual el d\u00eda de hoy fue formalizado por estos delitos en grado de desarrollo consumado y se decret\u00f3 por parte del Tribunal de Garant\u00eda de la ciudad de Puerto Ays\u00e9n la medida cautelar de prisi\u00f3n preventiva, fij\u00e1ndose un plazo de investigaci\u00f3n de 70 d\u00edas a contar de esta fecha, considerando la libertad del imputado un peligro para la seguridad de la sociedad y de la propia v\u00edctima\u201d, finaliz\u00f3 el fiscal Poblete.<\/p>\n<p style=\"font-weight: 400; text-align: justify;\">La denuncia de estos hechos fue recepcionada por Carabineros de la Segunda Comisar\u00eda y las diligencias investigativas son realizadas por la Brigada de Delitos Sexuales de la PDI y peritos de la Unidad de Violencia Sexual del Hospital Regional. La Unidad de V\u00edctimas y Testigos de la Fiscal\u00eda tambi\u00e9n tom\u00f3 contacto con la afectada para prestar el apoyo y orientaci\u00f3n respectiva y asimismo, se realizar\u00e1n peritajes en el Servicio M\u00e9dico Legal.<\/p>\n<\/div><\/section><\/div><div  style='height:50px' class='hr hr-invisible   avia-builder-el-6  el_after_av_one_full  el_before_av_social_share '><span class='hr-inner ' ><span class='hr-inner-style'><\/span><\/span><\/div><\/p>\n<div  class='av-social-sharing-box  avia-builder-el-7  el_after_av_hr  el_before_av_hr  '><div class='av-share-box'><h5 class='av-share-link-description av-no-toc '>Compartir esta noticia<\/h5><ul class='av-share-box-list noLightbox'><li class='av-share-link av-social-link-facebook' ><a target=\"_blank\" aria-label=\"Compartir en Facebook\" href='https:\/\/www.facebook.com\/sharer.php?u=https:\/\/radiorevelacionfm.cl\/?p=52941&#038;t=Fiscal%C3%ADa%20solicit%C3%B3%20la%20prisi%C3%B3n%20preventiva%20para%20imputado%20por%20el%20delito%20de%20secuestro%20calificado%20en%20Puerto%20Ays%C3%A9n' aria-hidden='false' data-av_icon='\ue8f3' data-av_iconfont='entypo-fontello' title='' data-avia-related-tooltip='Compartir en Facebook' rel=\"noopener\"><span class='avia_hidden_link_text'>Compartir en Facebook<\/span><\/a><\/li><li class='av-share-link av-social-link-twitter' ><a target=\"_blank\" aria-label=\"Compartir en Twitter\" href='https:\/\/twitter.com\/share?text=Fiscal%C3%ADa%20solicit%C3%B3%20la%20prisi%C3%B3n%20preventiva%20para%20imputado%20por%20el%20delito%20de%20secuestro%20calificado%20en%20Puerto%20Ays%C3%A9n&#038;url=https:\/\/radiorevelacionfm.cl\/?p=52941' aria-hidden='false' data-av_icon='\ue8f1' data-av_iconfont='entypo-fontello' title='' data-avia-related-tooltip='Compartir en Twitter' rel=\"noopener\"><span class='avia_hidden_link_text'>Compartir en Twitter<\/span><\/a><\/li><li class='av-share-link av-social-link-whatsapp' ><a target=\"_blank\" aria-label=\"Compartir en Whatsapp\" href='https:\/\/api.whatsapp.com\/send?text=https:\/\/radiorevelacionfm.cl\/?p=52941' aria-hidden='false' data-av_icon='\uf232' data-av_iconfont='entypo-fontello' title='' data-avia-related-tooltip='Compartir en Whatsapp' rel=\"noopener\"><span class='avia_hidden_link_text'>Compartir en Whatsapp<\/span><\/a><\/li><li class='av-share-link av-social-link-linkedin' ><a target=\"_blank\" aria-label=\"Compartir en LinkedIn\" href='https:\/\/linkedin.com\/shareArticle?mini=true&#038;title=Fiscal%C3%ADa%20solicit%C3%B3%20la%20prisi%C3%B3n%20preventiva%20para%20imputado%20por%20el%20delito%20de%20secuestro%20calificado%20en%20Puerto%20Ays%C3%A9n&#038;url=https:\/\/radiorevelacionfm.cl\/?p=52941' aria-hidden='false' data-av_icon='\ue8fc' data-av_iconfont='entypo-fontello' title='' data-avia-related-tooltip='Compartir en LinkedIn' rel=\"noopener\"><span class='avia_hidden_link_text'>Compartir en LinkedIn<\/span><\/a><\/li><li class='av-share-link av-social-link-mail' ><a  aria-label=\"Compartir por correo\" href='mailto:?subject=Fiscal%C3%ADa%20solicit%C3%B3%20la%20prisi%C3%B3n%20preventiva%20para%20imputado%20por%20el%20delito%20de%20secuestro%20calificado%20en%20Puerto%20Ays%C3%A9n&#038;body=https:\/\/radiorevelacionfm.cl\/?p=52941' aria-hidden='false' data-av_icon='\ue805' data-av_iconfont='entypo-fontello' title='' data-avia-related-tooltip='Compartir por correo'><span class='avia_hidden_link_text'>Compartir por correo<\/span><\/a><\/li><\/ul><\/div><\/div>\n<div  style='height:50px' class='hr hr-invisible   avia-builder-el-8  el_after_av_social_share  el_before_av_comments_list '><span class='hr-inner ' ><span class='hr-inner-style'><\/span><\/span><\/div>\n<div  class='av-buildercomment  av-blog-meta-html-info-disabled av-blog-meta-tag-disabled  '><\/div>\n","protected":false},"excerpt":{"rendered":"","protected":false},"author":1,"featured_media":44778,"comment_status":"closed","ping_status":"closed","sticky":false,"template":"","format":"standard","meta":{"footnotes":""},"categories":[36],"tags":[],"class_list":["post-52941","post","type-post","status-publish","format-standard","has-post-thumbnail","hentry","category-policial"],"jetpack_featured_media_url":"https:\/\/radiorevelacionfm.cl\/wp-content\/uploads\/2024\/08\/Detenido-generica-1-1.jpg","_links":{"self":[{"href":"https:\/\/radiorevelacionfm.cl\/index.php?rest_route=\/wp\/v2\/posts\/52941","targetHints":{"allow":["GET"]}}],"collection":[{"href":"https:\/\/radiorevelacionfm.cl\/index.php?rest_route=\/wp\/v2\/posts"}],"about":[{"href":"https:\/\/radiorevelacionfm.cl\/index.php?rest_route=\/wp\/v2\/types\/post"}],"author":[{"embeddable":true,"href":"https:\/\/radiorevelacionfm.cl\/index.php?rest_route=\/wp\/v2\/users\/1"}],"replies":[{"embeddable":true,"href":"https:\/\/radiorevelacionfm.cl\/index.php?rest_route=%2Fwp%2Fv2%2Fcomments&post=52941"}],"version-history":[{"count":2,"href":"https:\/\/radiorevelacionfm.cl\/index.php?rest_route=\/wp\/v2\/posts\/52941\/revisions"}],"predecessor-version":[{"id":52943,"href":"https:\/\/radiorevelacionfm.cl\/index.php?rest_route=\/wp\/v2\/posts\/52941\/revisions\/52943"}],"wp:featuredmedia":[{"embeddable":true,"href":"https:\/\/radiorevelacionfm.cl\/index.php?rest_route=\/wp\/v2\/media\/44778"}],"wp:attachment":[{"href":"https:\/\/radiorevelacionfm.cl\/index.php?rest_route=%2Fwp%2Fv2%2Fmedia&parent=52941"}],"wp:term":[{"taxonomy":"category","embeddable":true,"href":"https:\/\/radiorevelacionfm.cl\/index.php?rest_route=%2Fwp%2Fv2%2Fcategories&post=52941"},{"taxonomy":"post_tag","embeddable":true,"href":"https:\/\/radiorevelacionfm.cl\/index.php?rest_route=%2Fwp%2Fv2%2Ftags&post=52941"}],"curies":[{"name":"wp","href":"https:\/\/api.w.org\/{rel}","templated":true}]}}