{"id":5294,"date":"2021-06-15T20:49:01","date_gmt":"2021-06-15T23:49:01","guid":{"rendered":"https:\/\/radiorevelacionfm.cl\/?p=5294"},"modified":"2021-06-15T20:49:01","modified_gmt":"2021-06-15T23:49:01","slug":"chile-chico-piden-implementar-alternativa-de-calefaccion-paralela-a-la-lena-en-base-a-una-tarifa-electrica-diferenciada","status":"publish","type":"post","link":"https:\/\/radiorevelacionfm.cl\/?p=5294","title":{"rendered":"Chile Chico: Piden implementar alternativa de calefacci\u00f3n paralela a la le\u00f1a en base a una Tarifa El\u00e9ctrica Diferenciada"},"content":{"rendered":"<div class=\"flex_column av_one_full  flex_column_div av-zero-column-padding first  avia-builder-el-0  el_before_av_one_full  avia-builder-el-first  \" style='border-radius:0px; '><div  class='avia-image-container  av-styling-    avia-builder-el-1  avia-builder-el-no-sibling  avia-align-center '  itemprop=\"image\" itemscope=\"itemscope\" itemtype=\"https:\/\/schema.org\/ImageObject\"  ><div class='avia-image-container-inner'><div class='avia-image-overlay-wrap'><img decoding=\"async\" class='wp-image-5295 avia-img-lazy-loading-not-5295 avia_image' src=\"https:\/\/radiorevelacionfm.cl\/wp-content\/uploads\/2021\/06\/ARIEL-KEIM1-1.jpg\" alt='' title='ARIEL KEIM1 (1)' height=\"613\" width=\"1280\"  itemprop=\"thumbnailUrl\" srcset=\"https:\/\/radiorevelacionfm.cl\/wp-content\/uploads\/2021\/06\/ARIEL-KEIM1-1.jpg 1280w, https:\/\/radiorevelacionfm.cl\/wp-content\/uploads\/2021\/06\/ARIEL-KEIM1-1-300x144.jpg 300w, https:\/\/radiorevelacionfm.cl\/wp-content\/uploads\/2021\/06\/ARIEL-KEIM1-1-1030x493.jpg 1030w, https:\/\/radiorevelacionfm.cl\/wp-content\/uploads\/2021\/06\/ARIEL-KEIM1-1-768x368.jpg 768w, https:\/\/radiorevelacionfm.cl\/wp-content\/uploads\/2021\/06\/ARIEL-KEIM1-1-705x338.jpg 705w, https:\/\/radiorevelacionfm.cl\/wp-content\/uploads\/2021\/06\/ARIEL-KEIM1-1-600x287.jpg 600w\" sizes=\"(max-width: 1280px) 100vw, 1280px\" \/><\/div><\/div><\/div><\/div><div class=\"flex_column av_one_full  flex_column_div av-zero-column-padding first  avia-builder-el-2  el_after_av_one_full  el_before_av_one_full  column-top-margin\" style='border-radius:0px; '><section class=\"av_textblock_section \"  itemscope=\"itemscope\" itemtype=\"https:\/\/schema.org\/BlogPosting\" itemprop=\"blogPost\" ><div class='avia_textblock  '   itemprop=\"text\" ><p style=\"text-align: center;\"><strong><span style=\"font-size: 18pt;\">Chile Chico: Piden implementar alternativa de calefacci\u00f3n paralela a la le\u00f1a en base a una Tarifa El\u00e9ctrica Diferenciada<\/span><\/strong><\/p>\n<div id=\"gtx-trans\" style=\"position: absolute; left: -50px; top: 4.31534px;\">\n<div class=\"gtx-trans-icon\"><\/div>\n<\/div>\n<\/div><\/section><\/div><div class=\"flex_column av_one_full  flex_column_div av-zero-column-padding first  avia-builder-el-4  el_after_av_one_full  el_before_av_hr  column-top-margin\" style='border-radius:0px; '><section class=\"av_textblock_section \"  itemscope=\"itemscope\" itemtype=\"https:\/\/schema.org\/BlogPosting\" itemprop=\"blogPost\" ><div class='avia_textblock  '   itemprop=\"text\" ><p style=\"font-weight: 400; text-align: justify;\">Ante el aumento del precio de la le\u00f1a y el inicio de las bajas temperaturas, el concejal (E) de la comuna de Chile Chico, Ariel Keim, hizo un llamado al Gobierno para que implementen algunas medidas que permitan alivianar el bolsillo de los consumidores, especialmente de los adultos mayores y familias vulnerables, planteando adem\u00e1s la necesidad que esta comuna sea considerada dentro del programa \u201cRecambia tu Calor\u201d.<\/p>\n<p style=\"font-weight: 400; text-align: justify;\">El concejal electo indic\u00f3 que \u201cestamos ad portas de iniciar el invierno, pero las bajas temperaturas ya est\u00e1n presentes en nuestra regi\u00f3n y particularmente en nuestra comuna, Chile Chico. Hoy en d\u00eda es lamentable conocer casos de vecinos, adultos mayores y familias vulnerables que no cuentan con una adecuada calefacci\u00f3n producto de los altos precios que tiene la le\u00f1a y lo escasa que est\u00e1\u201d.<\/p>\n<p style=\"font-weight: 400; text-align: justify;\">Keim adem\u00e1s se\u00f1al\u00f3 que \u201c\u00faltimamente las zonas de abastecimiento en los campos est\u00e1n cada vez m\u00e1s alejadas y sin una buena conectividad, por lo que el precio de la le\u00f1a se incrementa d\u00eda a d\u00eda. Para que hablar de la le\u00f1a en saco, cuyo precio hace temblar el escaso presupuesto familiar que hoy en d\u00eda manejan las familias vulnerables y los adultos mayores de nuestra comuna\u201d.<\/p>\n<p style=\"font-weight: 400; text-align: justify;\">\u201cHacemos un llamado a nuestras autoridades regionales para que tomen atenci\u00f3n a esta situaci\u00f3n que tambi\u00e9n se repite en otras partes de la regi\u00f3n. La idea es que nos pongamos a trabajar juntos para establecer medidas de apoyo a las familias ante esta preocupante situaci\u00f3n\u201d, se\u00f1al\u00f3 el concejal (E).<\/p>\n<p style=\"font-weight: 400; text-align: justify;\"><strong>Programa \u201cRecambia tu Calor\u201d<\/strong><\/p>\n<p style=\"font-weight: 400; text-align: justify;\">El concejal tambi\u00e9n se refiri\u00f3 a la necesidad que la comuna de Chile Chico sea considerada en el programa \u201cRecambia tu Calor\u201d, argumentando que\u00a0 \u201cnos permitir\u00eda acceder a descuentos en tarifa el\u00e9ctrica para calefacci\u00f3n. Esto permitir\u00eda un descuento aproximado de un 20% en la tarifa el\u00e9ctrica, lo que permitir\u00eda ver la energ\u00eda el\u00e9ctrica como una alternativa de calefacci\u00f3n\u201d.<\/p>\n<p style=\"font-weight: 400; text-align: justify;\">Finalmente, Ariel Keim se\u00f1al\u00f3 que \u201cesperamos el mayor esfuerzo de nuestras autoridades regionales para poder acceder a este beneficio, lo que debiese ir acompa\u00f1ado tambi\u00e9n con un recambio de equipos y un buen programa de mejoramiento y aislaci\u00f3n t\u00e9rmica en nuestra comuna, lo que sin duda generar\u00eda un impacto social importante y concreto en nuestra comuna\u201d.<\/p>\n<\/div><\/section><\/div><div  style='height:50px' class='hr hr-invisible   avia-builder-el-6  el_after_av_one_full  el_before_av_social_share '><span class='hr-inner ' ><span class='hr-inner-style'><\/span><\/span><\/div><\/p>\n<div  class='av-social-sharing-box  avia-builder-el-7  el_after_av_hr  el_before_av_hr  '><div class='av-share-box'><h5 class='av-share-link-description av-no-toc '>Compartir esta noticia<\/h5><ul class='av-share-box-list noLightbox'><li class='av-share-link av-social-link-facebook' ><a target=\"_blank\" aria-label=\"Compartir en Facebook\" href='https:\/\/www.facebook.com\/sharer.php?u=https:\/\/radiorevelacionfm.cl\/?p=5294&#038;t=Chile%20Chico%3A%20Piden%20implementar%20alternativa%20de%20calefacci%C3%B3n%20paralela%20a%20la%20le%C3%B1a%20en%20base%20a%20una%20Tarifa%20El%C3%A9ctrica%20Diferenciada' aria-hidden='false' data-av_icon='\ue8f3' data-av_iconfont='entypo-fontello' title='' data-avia-related-tooltip='Compartir en Facebook' rel=\"noopener\"><span class='avia_hidden_link_text'>Compartir en Facebook<\/span><\/a><\/li><li class='av-share-link av-social-link-twitter' ><a target=\"_blank\" aria-label=\"Compartir en Twitter\" href='https:\/\/twitter.com\/share?text=Chile%20Chico%3A%20Piden%20implementar%20alternativa%20de%20calefacci%C3%B3n%20paralela%20a%20la%20le%C3%B1a%20en%20base%20a%20una%20Tarifa%20El%C3%A9ctrica%20Diferenciada&#038;url=https:\/\/radiorevelacionfm.cl\/?p=5294' aria-hidden='false' data-av_icon='\ue8f1' data-av_iconfont='entypo-fontello' title='' data-avia-related-tooltip='Compartir en Twitter' rel=\"noopener\"><span class='avia_hidden_link_text'>Compartir en Twitter<\/span><\/a><\/li><li class='av-share-link av-social-link-whatsapp' ><a target=\"_blank\" aria-label=\"Compartir en Whatsapp\" href='https:\/\/api.whatsapp.com\/send?text=https:\/\/radiorevelacionfm.cl\/?p=5294' aria-hidden='false' data-av_icon='\uf232' data-av_iconfont='entypo-fontello' title='' data-avia-related-tooltip='Compartir en Whatsapp' rel=\"noopener\"><span class='avia_hidden_link_text'>Compartir en Whatsapp<\/span><\/a><\/li><li class='av-share-link av-social-link-linkedin' ><a target=\"_blank\" aria-label=\"Compartir en LinkedIn\" href='https:\/\/linkedin.com\/shareArticle?mini=true&#038;title=Chile%20Chico%3A%20Piden%20implementar%20alternativa%20de%20calefacci%C3%B3n%20paralela%20a%20la%20le%C3%B1a%20en%20base%20a%20una%20Tarifa%20El%C3%A9ctrica%20Diferenciada&#038;url=https:\/\/radiorevelacionfm.cl\/?p=5294' aria-hidden='false' data-av_icon='\ue8fc' data-av_iconfont='entypo-fontello' title='' data-avia-related-tooltip='Compartir en LinkedIn' rel=\"noopener\"><span class='avia_hidden_link_text'>Compartir en LinkedIn<\/span><\/a><\/li><li class='av-share-link av-social-link-mail' ><a  aria-label=\"Compartir por correo\" href='mailto:?subject=Chile%20Chico%3A%20Piden%20implementar%20alternativa%20de%20calefacci%C3%B3n%20paralela%20a%20la%20le%C3%B1a%20en%20base%20a%20una%20Tarifa%20El%C3%A9ctrica%20Diferenciada&#038;body=https:\/\/radiorevelacionfm.cl\/?p=5294' aria-hidden='false' data-av_icon='\ue805' data-av_iconfont='entypo-fontello' title='' data-avia-related-tooltip='Compartir por correo'><span class='avia_hidden_link_text'>Compartir por correo<\/span><\/a><\/li><\/ul><\/div><\/div>\n<div  style='height:50px' class='hr hr-invisible   avia-builder-el-8  el_after_av_social_share  el_before_av_comments_list '><span class='hr-inner ' ><span class='hr-inner-style'><\/span><\/span><\/div>\n<div  class='av-buildercomment  av-blog-meta-html-info-disabled av-blog-meta-tag-disabled  '><\/div>\n","protected":false},"excerpt":{"rendered":"","protected":false},"author":1,"featured_media":5295,"comment_status":"open","ping_status":"open","sticky":false,"template":"","format":"standard","meta":{"footnotes":""},"categories":[38],"tags":[],"class_list":["post-5294","post","type-post","status-publish","format-standard","has-post-thumbnail","hentry","category-regional"],"jetpack_featured_media_url":"https:\/\/radiorevelacionfm.cl\/wp-content\/uploads\/2021\/06\/ARIEL-KEIM1-1.jpg","_links":{"self":[{"href":"https:\/\/radiorevelacionfm.cl\/index.php?rest_route=\/wp\/v2\/posts\/5294","targetHints":{"allow":["GET"]}}],"collection":[{"href":"https:\/\/radiorevelacionfm.cl\/index.php?rest_route=\/wp\/v2\/posts"}],"about":[{"href":"https:\/\/radiorevelacionfm.cl\/index.php?rest_route=\/wp\/v2\/types\/post"}],"author":[{"embeddable":true,"href":"https:\/\/radiorevelacionfm.cl\/index.php?rest_route=\/wp\/v2\/users\/1"}],"replies":[{"embeddable":true,"href":"https:\/\/radiorevelacionfm.cl\/index.php?rest_route=%2Fwp%2Fv2%2Fcomments&post=5294"}],"version-history":[{"count":1,"href":"https:\/\/radiorevelacionfm.cl\/index.php?rest_route=\/wp\/v2\/posts\/5294\/revisions"}],"predecessor-version":[{"id":5296,"href":"https:\/\/radiorevelacionfm.cl\/index.php?rest_route=\/wp\/v2\/posts\/5294\/revisions\/5296"}],"wp:featuredmedia":[{"embeddable":true,"href":"https:\/\/radiorevelacionfm.cl\/index.php?rest_route=\/wp\/v2\/media\/5295"}],"wp:attachment":[{"href":"https:\/\/radiorevelacionfm.cl\/index.php?rest_route=%2Fwp%2Fv2%2Fmedia&parent=5294"}],"wp:term":[{"taxonomy":"category","embeddable":true,"href":"https:\/\/radiorevelacionfm.cl\/index.php?rest_route=%2Fwp%2Fv2%2Fcategories&post=5294"},{"taxonomy":"post_tag","embeddable":true,"href":"https:\/\/radiorevelacionfm.cl\/index.php?rest_route=%2Fwp%2Fv2%2Ftags&post=5294"}],"curies":[{"name":"wp","href":"https:\/\/api.w.org\/{rel}","templated":true}]}}