{"id":52938,"date":"2025-04-22T18:24:22","date_gmt":"2025-04-22T21:24:22","guid":{"rendered":"https:\/\/radiorevelacionfm.cl\/?p=52938"},"modified":"2025-04-22T18:24:22","modified_gmt":"2025-04-22T21:24:22","slug":"en-coyhaique-presentan-portal-de-emprendimiento-que-agrupa-oferta-del-estado-en-un-sitio-web","status":"publish","type":"post","link":"https:\/\/radiorevelacionfm.cl\/?p=52938","title":{"rendered":"En Coyhaique: Presentan Portal de Emprendimiento que agrupa oferta del Estado en un sitio web"},"content":{"rendered":"<div class=\"flex_column av_one_full  flex_column_div av-zero-column-padding first  avia-builder-el-0  el_before_av_one_full  avia-builder-el-first  \" style='border-radius:0px; '><div  class='avia-image-container  av-styling-    avia-builder-el-1  avia-builder-el-no-sibling  avia-align-center '  itemprop=\"image\" itemscope=\"itemscope\" itemtype=\"https:\/\/schema.org\/ImageObject\"  ><div class='avia-image-container-inner'><div class='avia-image-overlay-wrap'><img decoding=\"async\" class='wp-image-52939 avia-img-lazy-loading-not-52939 avia_image' src=\"https:\/\/radiorevelacionfm.cl\/wp-content\/uploads\/2025\/04\/Portal-Emprendimiento-1-1.jpeg\" alt='' title='Portal Emprendimiento (1) (1)' height=\"600\" width=\"800\"  itemprop=\"thumbnailUrl\" srcset=\"https:\/\/radiorevelacionfm.cl\/wp-content\/uploads\/2025\/04\/Portal-Emprendimiento-1-1.jpeg 800w, https:\/\/radiorevelacionfm.cl\/wp-content\/uploads\/2025\/04\/Portal-Emprendimiento-1-1-300x225.jpeg 300w, https:\/\/radiorevelacionfm.cl\/wp-content\/uploads\/2025\/04\/Portal-Emprendimiento-1-1-768x576.jpeg 768w, https:\/\/radiorevelacionfm.cl\/wp-content\/uploads\/2025\/04\/Portal-Emprendimiento-1-1-705x529.jpeg 705w, https:\/\/radiorevelacionfm.cl\/wp-content\/uploads\/2025\/04\/Portal-Emprendimiento-1-1-450x338.jpeg 450w, https:\/\/radiorevelacionfm.cl\/wp-content\/uploads\/2025\/04\/Portal-Emprendimiento-1-1-600x450.jpeg 600w\" sizes=\"(max-width: 800px) 100vw, 800px\" \/><\/div><\/div><\/div><\/div><div class=\"flex_column av_one_full  flex_column_div av-zero-column-padding first  avia-builder-el-2  el_after_av_one_full  el_before_av_one_full  column-top-margin\" style='border-radius:0px; '><section class=\"av_textblock_section \"  itemscope=\"itemscope\" itemtype=\"https:\/\/schema.org\/BlogPosting\" itemprop=\"blogPost\" ><div class='avia_textblock  '   itemprop=\"text\" ><p style=\"text-align: center;\"><strong><span style=\"font-size: 18pt;\">En Coyhaique: Presentan Portal de Emprendimiento que agrupa oferta del Estado en un sitio web<\/span><\/strong><\/p>\n<div id=\"gtx-trans\" style=\"position: absolute; left: -50px; top: 4.31534px;\">\n<div class=\"gtx-trans-icon\"><\/div>\n<\/div>\n<\/div><\/section><\/div><div class=\"flex_column av_one_full  flex_column_div av-zero-column-padding first  avia-builder-el-4  el_after_av_one_full  el_before_av_hr  column-top-margin\" style='border-radius:0px; '><section class=\"av_textblock_section \"  itemscope=\"itemscope\" itemtype=\"https:\/\/schema.org\/BlogPosting\" itemprop=\"blogPost\" ><div class='avia_textblock  '   itemprop=\"text\" ><ul>\n<li style=\"text-align: justify;\"><em>La plataforma <a href=\"http:\/\/www.miportalemprendimiento.gob.cl\">miportalemprendimiento.gob.cl<\/a> permitir\u00e1 postular a la oferta program\u00e1tica de 5 servicios vinculados al desarrollo de emprendimientos: FOSIS, INDAP, SENCE, PRODEMU y SERNAMEG.<\/em><\/li>\n<li><em>A partir del viernes 25 de abril se podr\u00e1 acceder a las postulaciones para programas del FOSIS, que ser\u00e1n las primeras en estar disponibles en el portal.<\/em><\/li>\n<\/ul>\n<p style=\"text-align: justify;\">Hasta el Patio Condell llegaron autoridades regionales para dar a conocer a emprendedoras locales este nuevo Portal de Emprendimiento, impulsado por el Gobierno de Chile a trav\u00e9s del Ministerio de Desarrollo Social y Familia, que busca, desde un sitio web y con un formulario \u00fanico, facilitar el acceso a formaci\u00f3n, asesor\u00eda y financiamiento para que personas emprendedoras puedan postular a programas del FOSIS, INDAP, SENCE, PRODEMU y SERNAMEG.<\/p>\n<p style=\"text-align: justify;\">El portal permite, mediante el uso de Clave\u00danica, postular a programas enfocados en desarrollar una idea de negocio o impulsar un emprendimiento en funcionamiento, acceder a capacitaciones en oficios espec\u00edficos para insertarse laboralmente e instancias que promueven la generaci\u00f3n de ingresos, participaci\u00f3n en el mundo del trabajo y autonom\u00eda econ\u00f3mica de mujeres.<\/p>\n<p style=\"text-align: justify;\">Alicia Ramos, emprendedora y presidenta del Taller Laboral Siempre Creciendo, destac\u00f3 que \u201cfuimos invitadas a este lanzamiento del portal, donde trajimos una muestra de algunas emprendedoras que hicieron su exposici\u00f3n ac\u00e1, pero tambi\u00e9n vinimos a interiorizarnos sobre este nuevo portal que agrupa a varias instituciones, donde las personas pueden postular para acceder a fondos de emprendimiento. Nos parece s\u00faper importante que se pueda hacer esto para que las personas tengan un accesos m\u00e1s r\u00e1pido y directo a los fondos del Estado\u201d.<\/p>\n<p style=\"text-align: justify;\">La Seremi de Desarrollo Social y Familia, Karina Acevedo enfatiz\u00f3 que \u201cesta plataforma nace de un sentir ciudadano y de un mandato del presidente que nos pide como Ministerio trabajar y unificar una plataforma que permita a personas emprendedoras acercarse, en una p\u00e1gina, a postular a la oferta disponible del Estado. Este trabajo lo inicia el Ministerio de Desarrollo Social y Familia, pero lo desarrollamos en una labor mancomunada con SENCE, PRODEMU, SERNAMEG, FOSIS e INDAP. Esta instancia es, sin lugar a duda, el espacio inicial para robustecer este portal y mejorar las condiciones de las personas emprendedoras\u201d.<\/p>\n<p style=\"text-align: justify;\">Fernanda Leiva, directora regional del FOSIS, asegur\u00f3 que \u201cpresentamos a la comunidad el Portal de Emprendimiento que fue lanzado la semana pasada por el Gobierno. Queremos contarles que el FOSIS va a ser la primera instituci\u00f3n que tendr\u00e1 disponibles sus postulaciones en este portal a partir del viernes 25 de abril, donde podr\u00e1n acceder, postular y hacer seguimiento. Queremos invitarlos a acceder a este portal con su Clave\u00danica para que puedan conocer, desde este viernes 25, la oferta del FOSIS que este a\u00f1o trae cerca de 950 cupos para la regi\u00f3n de Ays\u00e9n, en las diferentes l\u00edneas program\u00e1ticas que tenemos\u201d.<\/p>\n<p style=\"text-align: justify;\">Durante la jornada de presentaci\u00f3n del portal, donde se llev\u00f3 a cabo una muestra de emprendimientos del Taller Laboral Siempre Creciendo de Coyhaique, estuvo presente la Seremi de Desarrollo Social y Familia, Karina Acevedo; la Seremi del Trabajo y Previsi\u00f3n Social, Camila Covarrubias; el director regional del SENCE, Nelson Garrido; la directora regional del FOSIS, Fernanda Leiva; la representante de SERNAMEG, Patricia Mac\u00edas; la presidenta del COSOC del FOSIS, Maritza Azocar y la presidenta del Taller Laboral Siempre Creciendo, Alicia Ramos.<\/p>\n<p style=\"text-align: justify;\">El sitio web <a href=\"http:\/\/www.miportalemprendimiento.gob.cl\">www.miportalemprendimiento.gob.cl<\/a> ya se encuentra habilitado y permitir\u00e1, a partir del viernes 25 de abril, postular a la oferta de programas del Fondo de Solidaridad e Inversi\u00f3n Social, FOSIS.<\/p>\n<\/div><\/section><\/div><div  style='height:50px' class='hr hr-invisible   avia-builder-el-6  el_after_av_one_full  el_before_av_social_share '><span class='hr-inner ' ><span class='hr-inner-style'><\/span><\/span><\/div><\/p>\n<div  class='av-social-sharing-box  avia-builder-el-7  el_after_av_hr  el_before_av_hr  '><div class='av-share-box'><h5 class='av-share-link-description av-no-toc '>Compartir esta noticia<\/h5><ul class='av-share-box-list noLightbox'><li class='av-share-link av-social-link-facebook' ><a target=\"_blank\" aria-label=\"Compartir en Facebook\" href='https:\/\/www.facebook.com\/sharer.php?u=https:\/\/radiorevelacionfm.cl\/?p=52938&#038;t=En%20Coyhaique%3A%20Presentan%20Portal%20de%20Emprendimiento%20que%20agrupa%20oferta%20del%20Estado%20en%20un%20sitio%20web' aria-hidden='false' data-av_icon='\ue8f3' data-av_iconfont='entypo-fontello' title='' data-avia-related-tooltip='Compartir en Facebook' rel=\"noopener\"><span class='avia_hidden_link_text'>Compartir en Facebook<\/span><\/a><\/li><li class='av-share-link av-social-link-twitter' ><a target=\"_blank\" aria-label=\"Compartir en Twitter\" href='https:\/\/twitter.com\/share?text=En%20Coyhaique%3A%20Presentan%20Portal%20de%20Emprendimiento%20que%20agrupa%20oferta%20del%20Estado%20en%20un%20sitio%20web&#038;url=https:\/\/radiorevelacionfm.cl\/?p=52938' aria-hidden='false' data-av_icon='\ue8f1' data-av_iconfont='entypo-fontello' title='' data-avia-related-tooltip='Compartir en Twitter' rel=\"noopener\"><span class='avia_hidden_link_text'>Compartir en Twitter<\/span><\/a><\/li><li class='av-share-link av-social-link-whatsapp' ><a target=\"_blank\" aria-label=\"Compartir en Whatsapp\" href='https:\/\/api.whatsapp.com\/send?text=https:\/\/radiorevelacionfm.cl\/?p=52938' aria-hidden='false' data-av_icon='\uf232' data-av_iconfont='entypo-fontello' title='' data-avia-related-tooltip='Compartir en Whatsapp' rel=\"noopener\"><span class='avia_hidden_link_text'>Compartir en Whatsapp<\/span><\/a><\/li><li class='av-share-link av-social-link-linkedin' ><a target=\"_blank\" aria-label=\"Compartir en LinkedIn\" href='https:\/\/linkedin.com\/shareArticle?mini=true&#038;title=En%20Coyhaique%3A%20Presentan%20Portal%20de%20Emprendimiento%20que%20agrupa%20oferta%20del%20Estado%20en%20un%20sitio%20web&#038;url=https:\/\/radiorevelacionfm.cl\/?p=52938' aria-hidden='false' data-av_icon='\ue8fc' data-av_iconfont='entypo-fontello' title='' data-avia-related-tooltip='Compartir en LinkedIn' rel=\"noopener\"><span class='avia_hidden_link_text'>Compartir en LinkedIn<\/span><\/a><\/li><li class='av-share-link av-social-link-mail' ><a  aria-label=\"Compartir por correo\" href='mailto:?subject=En%20Coyhaique%3A%20Presentan%20Portal%20de%20Emprendimiento%20que%20agrupa%20oferta%20del%20Estado%20en%20un%20sitio%20web&#038;body=https:\/\/radiorevelacionfm.cl\/?p=52938' aria-hidden='false' data-av_icon='\ue805' data-av_iconfont='entypo-fontello' title='' data-avia-related-tooltip='Compartir por correo'><span class='avia_hidden_link_text'>Compartir por correo<\/span><\/a><\/li><\/ul><\/div><\/div>\n<div  style='height:50px' class='hr hr-invisible   avia-builder-el-8  el_after_av_social_share  el_before_av_comments_list '><span class='hr-inner ' ><span class='hr-inner-style'><\/span><\/span><\/div>\n<div  class='av-buildercomment  av-blog-meta-html-info-disabled av-blog-meta-tag-disabled  '><\/div>\n","protected":false},"excerpt":{"rendered":"","protected":false},"author":1,"featured_media":52939,"comment_status":"closed","ping_status":"closed","sticky":false,"template":"","format":"standard","meta":{"footnotes":""},"categories":[38],"tags":[],"class_list":["post-52938","post","type-post","status-publish","format-standard","has-post-thumbnail","hentry","category-regional"],"jetpack_featured_media_url":"https:\/\/radiorevelacionfm.cl\/wp-content\/uploads\/2025\/04\/Portal-Emprendimiento-1-1.jpeg","_links":{"self":[{"href":"https:\/\/radiorevelacionfm.cl\/index.php?rest_route=\/wp\/v2\/posts\/52938","targetHints":{"allow":["GET"]}}],"collection":[{"href":"https:\/\/radiorevelacionfm.cl\/index.php?rest_route=\/wp\/v2\/posts"}],"about":[{"href":"https:\/\/radiorevelacionfm.cl\/index.php?rest_route=\/wp\/v2\/types\/post"}],"author":[{"embeddable":true,"href":"https:\/\/radiorevelacionfm.cl\/index.php?rest_route=\/wp\/v2\/users\/1"}],"replies":[{"embeddable":true,"href":"https:\/\/radiorevelacionfm.cl\/index.php?rest_route=%2Fwp%2Fv2%2Fcomments&post=52938"}],"version-history":[{"count":2,"href":"https:\/\/radiorevelacionfm.cl\/index.php?rest_route=\/wp\/v2\/posts\/52938\/revisions"}],"predecessor-version":[{"id":52963,"href":"https:\/\/radiorevelacionfm.cl\/index.php?rest_route=\/wp\/v2\/posts\/52938\/revisions\/52963"}],"wp:featuredmedia":[{"embeddable":true,"href":"https:\/\/radiorevelacionfm.cl\/index.php?rest_route=\/wp\/v2\/media\/52939"}],"wp:attachment":[{"href":"https:\/\/radiorevelacionfm.cl\/index.php?rest_route=%2Fwp%2Fv2%2Fmedia&parent=52938"}],"wp:term":[{"taxonomy":"category","embeddable":true,"href":"https:\/\/radiorevelacionfm.cl\/index.php?rest_route=%2Fwp%2Fv2%2Fcategories&post=52938"},{"taxonomy":"post_tag","embeddable":true,"href":"https:\/\/radiorevelacionfm.cl\/index.php?rest_route=%2Fwp%2Fv2%2Ftags&post=52938"}],"curies":[{"name":"wp","href":"https:\/\/api.w.org\/{rel}","templated":true}]}}