{"id":52934,"date":"2025-04-23T10:08:58","date_gmt":"2025-04-23T13:08:58","guid":{"rendered":"https:\/\/radiorevelacionfm.cl\/?p=52934"},"modified":"2025-04-23T10:08:58","modified_gmt":"2025-04-23T13:08:58","slug":"generando-cohesion-social-en-aysen-a-traves-de-los-fondos-de-la-segegob","status":"publish","type":"post","link":"https:\/\/radiorevelacionfm.cl\/?p=52934","title":{"rendered":"Generando cohesi\u00f3n social en Ays\u00e9n a trav\u00e9s de los fondos de la Segegob"},"content":{"rendered":"<div class=\"flex_column av_one_full  flex_column_div av-zero-column-padding first  avia-builder-el-0  el_before_av_one_full  avia-builder-el-first  \" style='border-radius:0px; '><div  class='avia-image-container  av-styling-    avia-builder-el-1  avia-builder-el-no-sibling  avia-align-center '  itemprop=\"image\" itemscope=\"itemscope\" itemtype=\"https:\/\/schema.org\/ImageObject\"  ><div class='avia-image-container-inner'><div class='avia-image-overlay-wrap'><img decoding=\"async\" class='wp-image-52935 avia-img-lazy-loading-not-52935 avia_image' src=\"https:\/\/radiorevelacionfm.cl\/wp-content\/uploads\/2025\/04\/capacitacion-ffoip-taller-laboral-madre-amadora-1_optimized.jpeg\" alt='' title='capacitaci\u00f3n-ffoip-taller-laboral-madre-amadora-(1)_optimized' height=\"600\" width=\"800\"  itemprop=\"thumbnailUrl\" srcset=\"https:\/\/radiorevelacionfm.cl\/wp-content\/uploads\/2025\/04\/capacitacion-ffoip-taller-laboral-madre-amadora-1_optimized.jpeg 800w, https:\/\/radiorevelacionfm.cl\/wp-content\/uploads\/2025\/04\/capacitacion-ffoip-taller-laboral-madre-amadora-1_optimized-300x225.jpeg 300w, https:\/\/radiorevelacionfm.cl\/wp-content\/uploads\/2025\/04\/capacitacion-ffoip-taller-laboral-madre-amadora-1_optimized-768x576.jpeg 768w, https:\/\/radiorevelacionfm.cl\/wp-content\/uploads\/2025\/04\/capacitacion-ffoip-taller-laboral-madre-amadora-1_optimized-705x529.jpeg 705w, https:\/\/radiorevelacionfm.cl\/wp-content\/uploads\/2025\/04\/capacitacion-ffoip-taller-laboral-madre-amadora-1_optimized-450x338.jpeg 450w, https:\/\/radiorevelacionfm.cl\/wp-content\/uploads\/2025\/04\/capacitacion-ffoip-taller-laboral-madre-amadora-1_optimized-600x450.jpeg 600w\" sizes=\"(max-width: 800px) 100vw, 800px\" \/><\/div><\/div><\/div><\/div><div class=\"flex_column av_one_full  flex_column_div av-zero-column-padding first  avia-builder-el-2  el_after_av_one_full  el_before_av_one_full  column-top-margin\" style='border-radius:0px; '><section class=\"av_textblock_section \"  itemscope=\"itemscope\" itemtype=\"https:\/\/schema.org\/BlogPosting\" itemprop=\"blogPost\" ><div class='avia_textblock  '   itemprop=\"text\" ><p style=\"text-align: center;\"><span style=\"font-size: 18pt;\"><strong>Generando cohesi\u00f3n social en Ays\u00e9n a trav\u00e9s de los fondos de la Segegob<\/strong><\/span><\/p>\n<div id=\"gtx-trans\" style=\"position: absolute; left: -50px; top: 4.31534px;\">\n<div class=\"gtx-trans-icon\"><\/div>\n<\/div>\n<\/div><\/section><\/div><div class=\"flex_column av_one_full  flex_column_div av-zero-column-padding first  avia-builder-el-4  el_after_av_one_full  el_before_av_hr  column-top-margin\" style='border-radius:0px; '><section class=\"av_textblock_section \"  itemscope=\"itemscope\" itemtype=\"https:\/\/schema.org\/BlogPosting\" itemprop=\"blogPost\" ><div class='avia_textblock  '   itemprop=\"text\" ><p style=\"text-align: justify;\">El Fondo de Fortalecimiento de Organizaciones de Inter\u00e9s P\u00fablico (FFOIP) 2025, busca apoyar a las organizaciones sociales que trabajen en la promoci\u00f3n de derechos ciudadanos, equidad de g\u00e9nero, asistencia social, educaci\u00f3n, salud, medio ambiente y otras tem\u00e1ticas.<\/p>\n<p style=\"text-align: justify;\">Desde la Seremi de Gobierno de Ays\u00e9n se ha trabajado en dar un enfoque territorial, por lo que se han realizado capacitaciones presenciales en las cuatro provincias de la regi\u00f3n, espec\u00edficamente en Puerto Cisnes, Puerto Ays\u00e9n, Cochrane, Tortel, Coyhaique, El Blanco, Villa Amengual, Bah\u00eda Murta, Cerro Castillo, Chile Chico, Puerto Ib\u00e1\u00f1ez y R\u00edo Tranquilo.<\/p>\n<p style=\"text-align: justify;\">\u201cHacemos un llamado a las diferentes organizaciones de la regi\u00f3n, como las juntas de vecinos, organizaciones comunitarias, fundaciones u otras a <strong>postular en l\u00ednea hasta el 2 de mayo a las 23:59 horas<\/strong>, revisar las bases y no esperar a \u00faltimo minuto para postular al FFOIP. Contamos con un equipo de mucha experiencia que est\u00e1 disponible para resolver sus inquietudes y asesorarlos durante todo el proceso\u201d, indic\u00f3 la Seremi de Gobierno, \u00darsula Mix.<\/p>\n<p style=\"text-align: justify;\">\u201cEstos fondos buscan fortalecer los espacios donde nos escuchamos como comunidad, promoviendo temas y proyectos que tambi\u00e9n se pueden activar desde el sector p\u00fablico, desde las municipalidades, los ministerios y desde todos lados. Es por eso que con estas iniciativas aspiramos a transformar las necesidades de las personas en propuestas concretas que pueden transformar a nuestras comunidades\u201d, agreg\u00f3.<\/p>\n<p style=\"text-align: justify;\">El FFOIP ha financiado cursos de fieltro, talleres de alimentaci\u00f3n saludable, deportivos, de alfabetizaci\u00f3n digital, entre otras iniciativas. Este a\u00f1o las organizaciones podr\u00e1n acceder a un m\u00e1ximo de $2 millones cuando se trate de proyectos locales (una comuna), $4 millones para aquellos de car\u00e1cter regional (dos o m\u00e1s comunas de una misma regi\u00f3n) y un l\u00edmite de $10 millones para iniciativas de alcance nacional (m\u00e1s de una regi\u00f3n).<\/p>\n<p style=\"text-align: justify;\">Los montos a repartir en la regi\u00f3n se distribuyen de la siguiente manera:<\/p>\n<ul style=\"text-align: justify;\">\n<li>Proyectos de tipo local: 60.932.762 pesos<\/li>\n<li>Proyectos de tipo regional: 7.616.595 pesos<\/li>\n<li>Proyectos de la l\u00ednea ni\u00f1ez: 18.177.750 pesos<\/li>\n<\/ul>\n<p style=\"text-align: justify;\">Finalmente, pueden acceder a las bases en <a href=\"https:\/\/fondodefortalecimiento.gob.cl\/wp-content\/uploads\/2025\/03\/04.-Bases-FFOIP-2025.pdf\">https:\/\/fondodefortalecimiento.gob.cl\/wp-content\/uploads\/2025\/03\/04.-Bases-FFOIP-2025.pdf<\/a> y realizar consultas al correo <a href=\"mailto:benedicto.hueytra@msgg.gob.cl\">benedicto.hueytra@msgg.gob.cl<\/a> o de forma presencial en Ogana 798, Coyhaique.<\/p>\n<\/div><\/section><\/div><div  style='height:50px' class='hr hr-invisible   avia-builder-el-6  el_after_av_one_full  el_before_av_social_share '><span class='hr-inner ' ><span class='hr-inner-style'><\/span><\/span><\/div><\/p>\n<div  class='av-social-sharing-box  avia-builder-el-7  el_after_av_hr  el_before_av_hr  '><div class='av-share-box'><h5 class='av-share-link-description av-no-toc '>Compartir esta noticia<\/h5><ul class='av-share-box-list noLightbox'><li class='av-share-link av-social-link-facebook' ><a target=\"_blank\" aria-label=\"Compartir en Facebook\" href='https:\/\/www.facebook.com\/sharer.php?u=https:\/\/radiorevelacionfm.cl\/?p=52934&#038;t=Generando%20cohesi%C3%B3n%20social%20en%20Ays%C3%A9n%20a%20trav%C3%A9s%20de%20los%20fondos%20de%20la%20Segegob' aria-hidden='false' data-av_icon='\ue8f3' data-av_iconfont='entypo-fontello' title='' data-avia-related-tooltip='Compartir en Facebook' rel=\"noopener\"><span class='avia_hidden_link_text'>Compartir en Facebook<\/span><\/a><\/li><li class='av-share-link av-social-link-twitter' ><a target=\"_blank\" aria-label=\"Compartir en Twitter\" href='https:\/\/twitter.com\/share?text=Generando%20cohesi%C3%B3n%20social%20en%20Ays%C3%A9n%20a%20trav%C3%A9s%20de%20los%20fondos%20de%20la%20Segegob&#038;url=https:\/\/radiorevelacionfm.cl\/?p=52934' aria-hidden='false' data-av_icon='\ue8f1' data-av_iconfont='entypo-fontello' title='' data-avia-related-tooltip='Compartir en Twitter' rel=\"noopener\"><span class='avia_hidden_link_text'>Compartir en Twitter<\/span><\/a><\/li><li class='av-share-link av-social-link-whatsapp' ><a target=\"_blank\" aria-label=\"Compartir en Whatsapp\" href='https:\/\/api.whatsapp.com\/send?text=https:\/\/radiorevelacionfm.cl\/?p=52934' aria-hidden='false' data-av_icon='\uf232' data-av_iconfont='entypo-fontello' title='' data-avia-related-tooltip='Compartir en Whatsapp' rel=\"noopener\"><span class='avia_hidden_link_text'>Compartir en Whatsapp<\/span><\/a><\/li><li class='av-share-link av-social-link-linkedin' ><a target=\"_blank\" aria-label=\"Compartir en LinkedIn\" href='https:\/\/linkedin.com\/shareArticle?mini=true&#038;title=Generando%20cohesi%C3%B3n%20social%20en%20Ays%C3%A9n%20a%20trav%C3%A9s%20de%20los%20fondos%20de%20la%20Segegob&#038;url=https:\/\/radiorevelacionfm.cl\/?p=52934' aria-hidden='false' data-av_icon='\ue8fc' data-av_iconfont='entypo-fontello' title='' data-avia-related-tooltip='Compartir en LinkedIn' rel=\"noopener\"><span class='avia_hidden_link_text'>Compartir en LinkedIn<\/span><\/a><\/li><li class='av-share-link av-social-link-mail' ><a  aria-label=\"Compartir por correo\" href='mailto:?subject=Generando%20cohesi%C3%B3n%20social%20en%20Ays%C3%A9n%20a%20trav%C3%A9s%20de%20los%20fondos%20de%20la%20Segegob&#038;body=https:\/\/radiorevelacionfm.cl\/?p=52934' aria-hidden='false' data-av_icon='\ue805' data-av_iconfont='entypo-fontello' title='' data-avia-related-tooltip='Compartir por correo'><span class='avia_hidden_link_text'>Compartir por correo<\/span><\/a><\/li><\/ul><\/div><\/div>\n<div  style='height:50px' class='hr hr-invisible   avia-builder-el-8  el_after_av_social_share  el_before_av_comments_list '><span class='hr-inner ' ><span class='hr-inner-style'><\/span><\/span><\/div>\n<div  class='av-buildercomment  av-blog-meta-html-info-disabled av-blog-meta-tag-disabled  '><\/div>\n","protected":false},"excerpt":{"rendered":"","protected":false},"author":1,"featured_media":52935,"comment_status":"closed","ping_status":"closed","sticky":false,"template":"","format":"standard","meta":{"footnotes":""},"categories":[38],"tags":[],"class_list":["post-52934","post","type-post","status-publish","format-standard","has-post-thumbnail","hentry","category-regional"],"jetpack_featured_media_url":"https:\/\/radiorevelacionfm.cl\/wp-content\/uploads\/2025\/04\/capacitacion-ffoip-taller-laboral-madre-amadora-1_optimized.jpeg","_links":{"self":[{"href":"https:\/\/radiorevelacionfm.cl\/index.php?rest_route=\/wp\/v2\/posts\/52934","targetHints":{"allow":["GET"]}}],"collection":[{"href":"https:\/\/radiorevelacionfm.cl\/index.php?rest_route=\/wp\/v2\/posts"}],"about":[{"href":"https:\/\/radiorevelacionfm.cl\/index.php?rest_route=\/wp\/v2\/types\/post"}],"author":[{"embeddable":true,"href":"https:\/\/radiorevelacionfm.cl\/index.php?rest_route=\/wp\/v2\/users\/1"}],"replies":[{"embeddable":true,"href":"https:\/\/radiorevelacionfm.cl\/index.php?rest_route=%2Fwp%2Fv2%2Fcomments&post=52934"}],"version-history":[{"count":2,"href":"https:\/\/radiorevelacionfm.cl\/index.php?rest_route=\/wp\/v2\/posts\/52934\/revisions"}],"predecessor-version":[{"id":52973,"href":"https:\/\/radiorevelacionfm.cl\/index.php?rest_route=\/wp\/v2\/posts\/52934\/revisions\/52973"}],"wp:featuredmedia":[{"embeddable":true,"href":"https:\/\/radiorevelacionfm.cl\/index.php?rest_route=\/wp\/v2\/media\/52935"}],"wp:attachment":[{"href":"https:\/\/radiorevelacionfm.cl\/index.php?rest_route=%2Fwp%2Fv2%2Fmedia&parent=52934"}],"wp:term":[{"taxonomy":"category","embeddable":true,"href":"https:\/\/radiorevelacionfm.cl\/index.php?rest_route=%2Fwp%2Fv2%2Fcategories&post=52934"},{"taxonomy":"post_tag","embeddable":true,"href":"https:\/\/radiorevelacionfm.cl\/index.php?rest_route=%2Fwp%2Fv2%2Ftags&post=52934"}],"curies":[{"name":"wp","href":"https:\/\/api.w.org\/{rel}","templated":true}]}}