{"id":52930,"date":"2025-04-22T15:19:25","date_gmt":"2025-04-22T18:19:25","guid":{"rendered":"https:\/\/radiorevelacionfm.cl\/?p=52930"},"modified":"2025-04-22T15:19:25","modified_gmt":"2025-04-22T18:19:25","slug":"mop-invita-a-empresas-constructoras-a-participar-en-licitaciones-de-feria-horticola-y-edificio-consistorial","status":"publish","type":"post","link":"https:\/\/radiorevelacionfm.cl\/?p=52930","title":{"rendered":"MOP invita a empresas constructoras a participar en licitaciones de Feria Hort\u00edcola y Edificio Consistorial"},"content":{"rendered":"<div class=\"flex_column av_one_full  flex_column_div av-zero-column-padding first  avia-builder-el-0  el_before_av_one_full  avia-builder-el-first  \" style='border-radius:0px; '><div  class='avia-image-container  av-styling-    avia-builder-el-1  avia-builder-el-no-sibling  avia-align-center '  itemprop=\"image\" itemscope=\"itemscope\" itemtype=\"https:\/\/schema.org\/ImageObject\"  ><div class='avia-image-container-inner'><div class='avia-image-overlay-wrap'><img decoding=\"async\" class='wp-image-52931 avia-img-lazy-loading-not-52931 avia_image' src=\"https:\/\/radiorevelacionfm.cl\/wp-content\/uploads\/2025\/04\/feria-1-1-1.jpg\" alt='' title='feria-1 (1) (1)' height=\"600\" width=\"1194\"  itemprop=\"thumbnailUrl\" srcset=\"https:\/\/radiorevelacionfm.cl\/wp-content\/uploads\/2025\/04\/feria-1-1-1.jpg 1194w, https:\/\/radiorevelacionfm.cl\/wp-content\/uploads\/2025\/04\/feria-1-1-1-300x151.jpg 300w, https:\/\/radiorevelacionfm.cl\/wp-content\/uploads\/2025\/04\/feria-1-1-1-1030x518.jpg 1030w, https:\/\/radiorevelacionfm.cl\/wp-content\/uploads\/2025\/04\/feria-1-1-1-768x386.jpg 768w, https:\/\/radiorevelacionfm.cl\/wp-content\/uploads\/2025\/04\/feria-1-1-1-705x354.jpg 705w, https:\/\/radiorevelacionfm.cl\/wp-content\/uploads\/2025\/04\/feria-1-1-1-450x226.jpg 450w, https:\/\/radiorevelacionfm.cl\/wp-content\/uploads\/2025\/04\/feria-1-1-1-600x302.jpg 600w\" sizes=\"(max-width: 1194px) 100vw, 1194px\" \/><\/div><\/div><\/div><\/div><div class=\"flex_column av_one_full  flex_column_div av-zero-column-padding first  avia-builder-el-2  el_after_av_one_full  el_before_av_one_full  column-top-margin\" style='border-radius:0px; '><section class=\"av_textblock_section \"  itemscope=\"itemscope\" itemtype=\"https:\/\/schema.org\/BlogPosting\" itemprop=\"blogPost\" ><div class='avia_textblock  '   itemprop=\"text\" ><p style=\"text-align: center;\"><strong><span style=\"font-size: 18pt;\">MOP invita a empresas constructoras a participar en licitaciones de Feria Hort\u00edcola y Edificio Consistorial<\/span><\/strong><\/p>\n<div id=\"gtx-trans\" style=\"position: absolute; left: -50px; top: 4.31534px;\">\n<div class=\"gtx-trans-icon\"><\/div>\n<\/div>\n<\/div><\/section><\/div><div class=\"flex_column av_one_full  flex_column_div av-zero-column-padding first  avia-builder-el-4  el_after_av_one_full  el_before_av_hr  column-top-margin\" style='border-radius:0px; '><section class=\"av_textblock_section \"  itemscope=\"itemscope\" itemtype=\"https:\/\/schema.org\/BlogPosting\" itemprop=\"blogPost\" ><div class='avia_textblock  '   itemprop=\"text\" ><p style=\"text-align: justify;\"><em>Trabajo mancomunado entre sector p\u00fablico y privado impulsa construcci\u00f3n de edificaci\u00f3n p\u00fablica para agricultoras de Puerto Ays\u00e9n y el Municipio de R\u00edo Ib\u00e1\u00f1ez, mejorando condiciones de trabajo, bienestar y confort de comunidad usuaria.<\/em><\/p>\n<p style=\"text-align: justify;\">Una invitaci\u00f3n especial realiz\u00f3 hoy la Secretaria Regional Ministerial de Obras P\u00fablicas, Paloma Jara Vald\u00e9s a las empresas constructoras regionales para que participen con ofertas en el proceso de licitaci\u00f3n de dos importantes obras para las comunidades de Puerto Ays\u00e9n y de Ib\u00e1\u00f1ez, como son la construcci\u00f3n de la Feria Hort\u00edcola en Puerto Ays\u00e9n y el Edificio Consistorial en Puerto Ingeniero Ib\u00e1\u00f1ez.<\/p>\n<p style=\"text-align: justify;\">\u201cEstamos dando cumplimiento al plan de licitaciones del Ministerio de Obras P\u00fablicas de nuestro Gobierno a trav\u00e9s de la Direcci\u00f3n Regional de Arquitectura, con la licitaci\u00f3n para la construcci\u00f3n de estas obras, por lo que llamamos a las empresas constructoras a que participen en estas licitaciones y presenten sus propuestas de ofertas. Como Estado estamos trabajando en alianza con el sector privado, para entregar a la comunidad la infraestructura que de bienestar y mueva nuestra econom\u00eda regional\u201d, destac\u00f3 Paloma Jara Vald\u00e9s.<\/p>\n<p style=\"text-align: justify;\">Para la construcci\u00f3n de la Feria Hort\u00edcola se considera un presupuesto estimado de $256 millones, las aperturas de las Ofertas T\u00e9cnicas se realizar\u00e1n el 29 de abril del a\u00f1o en curso y la apertura de las propuestas econ\u00f3micas se efectuar\u00e1n el 08 de mayo 2025; en tanto, para el edificio Consistorial de R\u00edo Ib\u00e1\u00f1ez, el presupuesto estimado es de $7 mil millones, las aperturas de las propuestas t\u00e9cnicas se realizar\u00e1n el 03 de junio 2025 y la apertura de las ofertas econ\u00f3micas se abrir\u00e1n el 10 de junio del a\u00f1o en curso.<\/p>\n<p style=\"text-align: justify;\">La Feria Hort\u00edcola en Puerto Ays\u00e9n data desde hace 14 a\u00f1os y la componen 17 mujeres y 3 hombres, entre ellos y ellas adultos mayores, que dos d\u00edas a la semana acuden a la Feria a vender sus productos como verduras, producci\u00f3n de plantas ornamentales y artesan\u00eda cuando en invierno escasean las verduras, pero requieren una infraestructura m\u00e1s adecuada a sus actuales necesidades, dado que trabajan a la intemperie con lluvia, viento y fr\u00edo.<\/p>\n<p style=\"text-align: justify;\">Por esto, el Ministerio de Obras P\u00fablicas a trav\u00e9s de la Direcci\u00f3n Regional de Arquitectura junto a Consultora gener\u00f3 en una primera etapa un dise\u00f1o y hoy est\u00e1 licitando la construcci\u00f3n de una nueva edificaci\u00f3n cerrada y con espacios definidos para la venta, que reciba durante todo el a\u00f1o tanto a la comunidad como a los productores hort\u00edcolas en condiciones \u00f3ptimas para la comercializaci\u00f3n de sus productos.<\/p>\n<p style=\"text-align: justify;\">La directora Regional de Arquitectura del Ministerio de Obras P\u00fablicas, Paola Az\u00f3car Betancur detall\u00f3 algunos aspectos t\u00e9cnicos de la Feria Hort\u00edcola destacando que \u201cesta edificaci\u00f3n estar\u00e1 ubicada en el mismo lugar donde hoy ejercen su actividad los y las productores y contemplar\u00e1 una edificaci\u00f3n de 135 m2 que albergar\u00e1 en su interior instalaciones adecuadas para la venta de sus productos, servicios higi\u00e9nicos, y contempla toda la normativa presente para este tipo de recintos como son accesibilidad universal y en su cierre una envolvente t\u00e9rmica que permitir\u00e1 tener una confortabilidad mucho mayor para los productores que ejercer\u00e1n su actividad dentro de esta edificaci\u00f3n. Esta obra cuenta con la inversi\u00f3n del Gobierno Regional de Ays\u00e9n y sus Consejeros Regionales\u201d.<\/p>\n<p style=\"text-align: justify;\">En tanto, el nuevo Edificio Consistorial de R\u00edo Ib\u00e1\u00f1ez permitir\u00e1 responder al d\u00e9ficit de superficie existente y concentrar las siete dependencias que actualmente conforman el municipio en una edificaci\u00f3n. \u201cContinuando con los compromisos adquiridos, nuestra direcci\u00f3n de Arquitectura public\u00f3 este mes la licitaci\u00f3n de la construcci\u00f3n del Edificio Consistorial de R\u00edo Ib\u00e1\u00f1ez. Este es un proyecto que es muy relevante para nuestra regi\u00f3n y que permitir\u00e1 dotar a los funcionarios y funcionarias del municipio mejores espacios para cumplir con su labor, atender a la comunidad en espacios adecuadamente habilitados, contar con una edificaci\u00f3n que tenga un muy buen confort t\u00e9rmico a trav\u00e9s de la estructura que se ha elegido para ello. Es un edificio de 1870 m2, contempla una materialidad de alba\u00f1er\u00eda y madera, tambi\u00e9n respondiendo a la identidad regional y de la comuna de R\u00edo Ib\u00e1\u00f1ez. Este edificio se contempla construir en el mismo lugar en donde hoy d\u00eda funciona parte de la Municipalidad de R\u00edo Ib\u00e1\u00f1ez, cuenta con un financiamiento que es 60% de la Subdere y un 40% del Gobierno Regional y su Consejo\u201d, agreg\u00f3 Paola Az\u00f3car.<\/p>\n<\/div><\/section><\/div><div  style='height:50px' class='hr hr-invisible   avia-builder-el-6  el_after_av_one_full  el_before_av_social_share '><span class='hr-inner ' ><span class='hr-inner-style'><\/span><\/span><\/div><\/p>\n<div  class='av-social-sharing-box  avia-builder-el-7  el_after_av_hr  el_before_av_hr  '><div class='av-share-box'><h5 class='av-share-link-description av-no-toc '>Compartir esta noticia<\/h5><ul class='av-share-box-list noLightbox'><li class='av-share-link av-social-link-facebook' ><a target=\"_blank\" aria-label=\"Compartir en Facebook\" href='https:\/\/www.facebook.com\/sharer.php?u=https:\/\/radiorevelacionfm.cl\/?p=52930&#038;t=MOP%20invita%20a%20empresas%20constructoras%20a%20participar%20en%20licitaciones%20de%20Feria%20Hort%C3%ADcola%20y%20Edificio%20Consistorial' aria-hidden='false' data-av_icon='\ue8f3' data-av_iconfont='entypo-fontello' title='' data-avia-related-tooltip='Compartir en Facebook' rel=\"noopener\"><span class='avia_hidden_link_text'>Compartir en Facebook<\/span><\/a><\/li><li class='av-share-link av-social-link-twitter' ><a target=\"_blank\" aria-label=\"Compartir en Twitter\" href='https:\/\/twitter.com\/share?text=MOP%20invita%20a%20empresas%20constructoras%20a%20participar%20en%20licitaciones%20de%20Feria%20Hort%C3%ADcola%20y%20Edificio%20Consistorial&#038;url=https:\/\/radiorevelacionfm.cl\/?p=52930' aria-hidden='false' data-av_icon='\ue8f1' data-av_iconfont='entypo-fontello' title='' data-avia-related-tooltip='Compartir en Twitter' rel=\"noopener\"><span class='avia_hidden_link_text'>Compartir en Twitter<\/span><\/a><\/li><li class='av-share-link av-social-link-whatsapp' ><a target=\"_blank\" aria-label=\"Compartir en Whatsapp\" href='https:\/\/api.whatsapp.com\/send?text=https:\/\/radiorevelacionfm.cl\/?p=52930' aria-hidden='false' data-av_icon='\uf232' data-av_iconfont='entypo-fontello' title='' data-avia-related-tooltip='Compartir en Whatsapp' rel=\"noopener\"><span class='avia_hidden_link_text'>Compartir en Whatsapp<\/span><\/a><\/li><li class='av-share-link av-social-link-linkedin' ><a target=\"_blank\" aria-label=\"Compartir en LinkedIn\" href='https:\/\/linkedin.com\/shareArticle?mini=true&#038;title=MOP%20invita%20a%20empresas%20constructoras%20a%20participar%20en%20licitaciones%20de%20Feria%20Hort%C3%ADcola%20y%20Edificio%20Consistorial&#038;url=https:\/\/radiorevelacionfm.cl\/?p=52930' aria-hidden='false' data-av_icon='\ue8fc' data-av_iconfont='entypo-fontello' title='' data-avia-related-tooltip='Compartir en LinkedIn' rel=\"noopener\"><span class='avia_hidden_link_text'>Compartir en LinkedIn<\/span><\/a><\/li><li class='av-share-link av-social-link-mail' ><a  aria-label=\"Compartir por correo\" href='mailto:?subject=MOP%20invita%20a%20empresas%20constructoras%20a%20participar%20en%20licitaciones%20de%20Feria%20Hort%C3%ADcola%20y%20Edificio%20Consistorial&#038;body=https:\/\/radiorevelacionfm.cl\/?p=52930' aria-hidden='false' data-av_icon='\ue805' data-av_iconfont='entypo-fontello' title='' data-avia-related-tooltip='Compartir por correo'><span class='avia_hidden_link_text'>Compartir por correo<\/span><\/a><\/li><\/ul><\/div><\/div>\n<div  style='height:50px' class='hr hr-invisible   avia-builder-el-8  el_after_av_social_share  el_before_av_comments_list '><span class='hr-inner ' ><span class='hr-inner-style'><\/span><\/span><\/div>\n<div  class='av-buildercomment  av-blog-meta-html-info-disabled av-blog-meta-tag-disabled  '><\/div>\n","protected":false},"excerpt":{"rendered":"","protected":false},"author":1,"featured_media":52931,"comment_status":"closed","ping_status":"closed","sticky":false,"template":"","format":"standard","meta":{"footnotes":""},"categories":[38],"tags":[],"class_list":["post-52930","post","type-post","status-publish","format-standard","has-post-thumbnail","hentry","category-regional"],"jetpack_featured_media_url":"https:\/\/radiorevelacionfm.cl\/wp-content\/uploads\/2025\/04\/feria-1-1-1.jpg","_links":{"self":[{"href":"https:\/\/radiorevelacionfm.cl\/index.php?rest_route=\/wp\/v2\/posts\/52930","targetHints":{"allow":["GET"]}}],"collection":[{"href":"https:\/\/radiorevelacionfm.cl\/index.php?rest_route=\/wp\/v2\/posts"}],"about":[{"href":"https:\/\/radiorevelacionfm.cl\/index.php?rest_route=\/wp\/v2\/types\/post"}],"author":[{"embeddable":true,"href":"https:\/\/radiorevelacionfm.cl\/index.php?rest_route=\/wp\/v2\/users\/1"}],"replies":[{"embeddable":true,"href":"https:\/\/radiorevelacionfm.cl\/index.php?rest_route=%2Fwp%2Fv2%2Fcomments&post=52930"}],"version-history":[{"count":2,"href":"https:\/\/radiorevelacionfm.cl\/index.php?rest_route=\/wp\/v2\/posts\/52930\/revisions"}],"predecessor-version":[{"id":52937,"href":"https:\/\/radiorevelacionfm.cl\/index.php?rest_route=\/wp\/v2\/posts\/52930\/revisions\/52937"}],"wp:featuredmedia":[{"embeddable":true,"href":"https:\/\/radiorevelacionfm.cl\/index.php?rest_route=\/wp\/v2\/media\/52931"}],"wp:attachment":[{"href":"https:\/\/radiorevelacionfm.cl\/index.php?rest_route=%2Fwp%2Fv2%2Fmedia&parent=52930"}],"wp:term":[{"taxonomy":"category","embeddable":true,"href":"https:\/\/radiorevelacionfm.cl\/index.php?rest_route=%2Fwp%2Fv2%2Fcategories&post=52930"},{"taxonomy":"post_tag","embeddable":true,"href":"https:\/\/radiorevelacionfm.cl\/index.php?rest_route=%2Fwp%2Fv2%2Ftags&post=52930"}],"curies":[{"name":"wp","href":"https:\/\/api.w.org\/{rel}","templated":true}]}}