{"id":52925,"date":"2025-04-22T17:39:20","date_gmt":"2025-04-22T20:39:20","guid":{"rendered":"https:\/\/radiorevelacionfm.cl\/?p=52925"},"modified":"2025-04-23T21:49:40","modified_gmt":"2025-04-24T00:49:40","slug":"sandoval-destaca-importancia-de-potenciar-proyectos-de-educacion-superior-en-aysen-en-reunion-con-subsecretario-victor-orellana","status":"publish","type":"post","link":"https:\/\/radiorevelacionfm.cl\/?p=52925","title":{"rendered":"Sandoval destaca importancia de potenciar proyectos de educaci\u00f3n superior en Ays\u00e9n en reuni\u00f3n con Subsecretario V\u00edctor Orellana"},"content":{"rendered":"<div class=\"flex_column av_one_full  flex_column_div av-zero-column-padding first  avia-builder-el-0  el_before_av_one_full  avia-builder-el-first  \" style='border-radius:0px; '><div  class='avia-image-container  av-styling-    avia-builder-el-1  avia-builder-el-no-sibling  avia-align-center '  itemprop=\"image\" itemscope=\"itemscope\" itemtype=\"https:\/\/schema.org\/ImageObject\"  ><div class='avia-image-container-inner'><div class='avia-image-overlay-wrap'><img decoding=\"async\" class='wp-image-52926 avia-img-lazy-loading-not-52926 avia_image' src=\"https:\/\/radiorevelacionfm.cl\/wp-content\/uploads\/2025\/04\/SENADOR-SANDOVAL-JUNTO-A-SUBSECRETARIO-EDUCACION-SUPERIOR-1-1.jpg\" alt='' title='SENADOR SANDOVAL JUNTO A SUBSECRETARIO EDUCACI\u00d3N SUPERIOR (1) (1)' height=\"600\" width=\"865\"  itemprop=\"thumbnailUrl\" srcset=\"https:\/\/radiorevelacionfm.cl\/wp-content\/uploads\/2025\/04\/SENADOR-SANDOVAL-JUNTO-A-SUBSECRETARIO-EDUCACION-SUPERIOR-1-1.jpg 865w, https:\/\/radiorevelacionfm.cl\/wp-content\/uploads\/2025\/04\/SENADOR-SANDOVAL-JUNTO-A-SUBSECRETARIO-EDUCACION-SUPERIOR-1-1-300x208.jpg 300w, https:\/\/radiorevelacionfm.cl\/wp-content\/uploads\/2025\/04\/SENADOR-SANDOVAL-JUNTO-A-SUBSECRETARIO-EDUCACION-SUPERIOR-1-1-768x533.jpg 768w, https:\/\/radiorevelacionfm.cl\/wp-content\/uploads\/2025\/04\/SENADOR-SANDOVAL-JUNTO-A-SUBSECRETARIO-EDUCACION-SUPERIOR-1-1-705x489.jpg 705w, https:\/\/radiorevelacionfm.cl\/wp-content\/uploads\/2025\/04\/SENADOR-SANDOVAL-JUNTO-A-SUBSECRETARIO-EDUCACION-SUPERIOR-1-1-450x312.jpg 450w, https:\/\/radiorevelacionfm.cl\/wp-content\/uploads\/2025\/04\/SENADOR-SANDOVAL-JUNTO-A-SUBSECRETARIO-EDUCACION-SUPERIOR-1-1-600x416.jpg 600w\" sizes=\"(max-width: 865px) 100vw, 865px\" \/><\/div><\/div><\/div><\/div><div class=\"flex_column av_one_full  flex_column_div av-zero-column-padding first  avia-builder-el-2  el_after_av_one_full  el_before_av_one_full  column-top-margin\" style='border-radius:0px; '><section class=\"av_textblock_section \"  itemscope=\"itemscope\" itemtype=\"https:\/\/schema.org\/BlogPosting\" itemprop=\"blogPost\" ><div class='avia_textblock  '   itemprop=\"text\" ><p style=\"text-align: center;\"><span style=\"font-size: 18pt;\"><strong>Sandoval destaca importancia de potenciar proyectos de educaci\u00f3n superior en Ays\u00e9n en reuni\u00f3n con Subsecretario V\u00edctor Orellana<\/strong><\/span><\/p>\n<div id=\"gtx-trans\" style=\"position: absolute; left: -50px; top: 4.31534px;\">\n<div class=\"gtx-trans-icon\"><\/div>\n<\/div>\n<\/div><\/section><\/div><div class=\"flex_column av_one_full  flex_column_div av-zero-column-padding first  avia-builder-el-4  el_after_av_one_full  el_before_av_hr  column-top-margin\" style='border-radius:0px; '><section class=\"av_textblock_section \"  itemscope=\"itemscope\" itemtype=\"https:\/\/schema.org\/BlogPosting\" itemprop=\"blogPost\" ><div class='avia_textblock  '   itemprop=\"text\" ><p style=\"text-align: justify;\"><em>En el encuentro se analiz\u00f3 la situaci\u00f3n de la Universidad de Ays\u00e9n y el CFT Estatal, que se encuentra en pleno proceso de definici\u00f3n de nueva rector\u00eda.<\/em><\/p>\n<p style=\"text-align: justify;\">Potenciar los proyectos de educaci\u00f3n superior en Ays\u00e9n es clave para el desarrollo regional se\u00f1al\u00f3 el senador David Sandoval, tras reunirse en los \u00faltimos d\u00edas con el subsecretario de Educaci\u00f3n Superior, V\u00edctor Orellana.<\/p>\n<p style=\"text-align: justify;\">En el encuentro se analiz\u00f3 el estado actual de funcionamiento de la Universidad de Ays\u00e9n, as\u00ed como tambi\u00e9n el del Centro de Formaci\u00f3n T\u00e9cnica Estatal, el cual adem\u00e1s se encuentra en pleno proceso de definici\u00f3n de la nueva rector\u00eda.<\/p>\n<p style=\"text-align: justify;\">Sobre el CFT, el parlamentario dijo que, si bien el concurso es un tema administrativo, que va cumpliendo distintas etapas, su preocupaci\u00f3n pasa porque este proceso de elecci\u00f3n de la nueva autoridad debe estar ajeno \u201ca todo tipo de influencias que no sean solas y exclusivamente las de car\u00e1cter acad\u00e9mico\u201d, tema que tambi\u00e9n hab\u00eda planteado recientemente al propio ministro Nicol\u00e1s Cataldo.<\/p>\n<p style=\"text-align: justify;\">Y esto, pues para Sandoval se debe evitar lo que sucedi\u00f3 hace alg\u00fan tiempo con la Universidad de Ays\u00e9n, lo que adem\u00e1s consider\u00f3 como \u201clo m\u00e1s vergonzoso que nos ha pasado en los \u00faltimos a\u00f1os\u201d, m\u00e1s cuando era \u201cel sue\u00f1o para tantos j\u00f3venes, para desarrollar sus proyectos de vida y para las familias de Ays\u00e9n\u201d.<\/p>\n<p style=\"text-align: justify;\">En ese contexto, el legislador valor\u00f3 el esfuerzo que est\u00e1 desarrollando actualmente la actual administraci\u00f3n de la UAys\u00e9n, encabezada por el administrador provisional, Juan Pablo Prieto. \u201cEst\u00e1 tratando de llevar todo ese proceso para recuperar este tema que va a ser muy dif\u00edcil, porque hay una p\u00e9rdida de prestigio, de reputaci\u00f3n de la universidad que evidentemente las familias lo consideran cuando tienen que mandar a sus hijos a estudiar\u201d, indic\u00f3.<\/p>\n<p style=\"text-align: justify;\">En esa l\u00ednea, enfatiz\u00f3 en la relevancia que tienen estos proyectos educativos en la regi\u00f3n, para aportar al desarrollo de la zona, a partir de la vinculaci\u00f3n con la comunidad, el responder a carreras que tengan que ver con el desarrollo de la regi\u00f3n de Ays\u00e9n, entre otros aspectos. \u201cSon, evidentemente, los aspectos esenciales de esta situaci\u00f3n\u201d, concluy\u00f3.<\/p>\n<p style=\"text-align: justify;\">Por su parte, el subsecretario V\u00edctor Orellana, se refiri\u00f3 a lo abordado con el parlamentario. \u201cLos desaf\u00edos de la educaci\u00f3n superior p\u00fablica en la regi\u00f3n de Ays\u00e9n. El Centro de Formaci\u00f3n T\u00e9cnica ha tenido un importante desarrollo y la Universidad de Ays\u00e9n, en su plan de recuperaci\u00f3n, ha dado pasos relevantes en la consolidaci\u00f3n de su oferta acad\u00e9mica\u201d, explic\u00f3.<\/p>\n<p style=\"text-align: justify;\">En ese contexto, agreg\u00f3 que queda mucho por hacer en la educaci\u00f3n superior p\u00fablica. \u201cEs una responsabilidad de todos y ac\u00e1 no hay colores, todos los sectores estamos muy de acuerdo en que tiene que fortalecerse y avanzar para seguir apoyando el desarrollo de la regi\u00f3n y sobre todo en las zonas extremas de nuestro pa\u00eds\u201d, enfatiz\u00f3, precisando que en el caso del concurso de nuevo rector del CFT Estatal, \u00e9ste sigue su curso institucional con el Servicio Civil.<\/p>\n<\/div><\/section><\/div><div  style='height:50px' class='hr hr-invisible   avia-builder-el-6  el_after_av_one_full  el_before_av_social_share '><span class='hr-inner ' ><span class='hr-inner-style'><\/span><\/span><\/div><\/p>\n<div  class='av-social-sharing-box  avia-builder-el-7  el_after_av_hr  el_before_av_hr  '><div class='av-share-box'><h5 class='av-share-link-description av-no-toc '>Compartir esta noticia<\/h5><ul class='av-share-box-list noLightbox'><li class='av-share-link av-social-link-facebook' ><a target=\"_blank\" aria-label=\"Compartir en Facebook\" href='https:\/\/www.facebook.com\/sharer.php?u=https:\/\/radiorevelacionfm.cl\/?p=52925&#038;t=Sandoval%20destaca%20importancia%20de%20potenciar%20proyectos%20de%20educaci%C3%B3n%20superior%20en%20Ays%C3%A9n%20en%20reuni%C3%B3n%20con%20Subsecretario%20V%C3%ADctor%20Orellana' aria-hidden='false' data-av_icon='\ue8f3' data-av_iconfont='entypo-fontello' title='' data-avia-related-tooltip='Compartir en Facebook' rel=\"noopener\"><span class='avia_hidden_link_text'>Compartir en Facebook<\/span><\/a><\/li><li class='av-share-link av-social-link-twitter' ><a target=\"_blank\" aria-label=\"Compartir en Twitter\" href='https:\/\/twitter.com\/share?text=Sandoval%20destaca%20importancia%20de%20potenciar%20proyectos%20de%20educaci%C3%B3n%20superior%20en%20Ays%C3%A9n%20en%20reuni%C3%B3n%20con%20Subsecretario%20V%C3%ADctor%20Orellana&#038;url=https:\/\/radiorevelacionfm.cl\/?p=52925' aria-hidden='false' data-av_icon='\ue8f1' data-av_iconfont='entypo-fontello' title='' data-avia-related-tooltip='Compartir en Twitter' rel=\"noopener\"><span class='avia_hidden_link_text'>Compartir en Twitter<\/span><\/a><\/li><li class='av-share-link av-social-link-whatsapp' ><a target=\"_blank\" aria-label=\"Compartir en Whatsapp\" href='https:\/\/api.whatsapp.com\/send?text=https:\/\/radiorevelacionfm.cl\/?p=52925' aria-hidden='false' data-av_icon='\uf232' data-av_iconfont='entypo-fontello' title='' data-avia-related-tooltip='Compartir en Whatsapp' rel=\"noopener\"><span class='avia_hidden_link_text'>Compartir en Whatsapp<\/span><\/a><\/li><li class='av-share-link av-social-link-linkedin' ><a target=\"_blank\" aria-label=\"Compartir en LinkedIn\" href='https:\/\/linkedin.com\/shareArticle?mini=true&#038;title=Sandoval%20destaca%20importancia%20de%20potenciar%20proyectos%20de%20educaci%C3%B3n%20superior%20en%20Ays%C3%A9n%20en%20reuni%C3%B3n%20con%20Subsecretario%20V%C3%ADctor%20Orellana&#038;url=https:\/\/radiorevelacionfm.cl\/?p=52925' aria-hidden='false' data-av_icon='\ue8fc' data-av_iconfont='entypo-fontello' title='' data-avia-related-tooltip='Compartir en LinkedIn' rel=\"noopener\"><span class='avia_hidden_link_text'>Compartir en LinkedIn<\/span><\/a><\/li><li class='av-share-link av-social-link-mail' ><a  aria-label=\"Compartir por correo\" href='mailto:?subject=Sandoval%20destaca%20importancia%20de%20potenciar%20proyectos%20de%20educaci%C3%B3n%20superior%20en%20Ays%C3%A9n%20en%20reuni%C3%B3n%20con%20Subsecretario%20V%C3%ADctor%20Orellana&#038;body=https:\/\/radiorevelacionfm.cl\/?p=52925' aria-hidden='false' data-av_icon='\ue805' data-av_iconfont='entypo-fontello' title='' data-avia-related-tooltip='Compartir por correo'><span class='avia_hidden_link_text'>Compartir por correo<\/span><\/a><\/li><\/ul><\/div><\/div>\n<div  style='height:50px' class='hr hr-invisible   avia-builder-el-8  el_after_av_social_share  el_before_av_comments_list '><span class='hr-inner ' ><span class='hr-inner-style'><\/span><\/span><\/div>\n<div  class='av-buildercomment  av-blog-meta-html-info-disabled av-blog-meta-tag-disabled  '><\/div>\n","protected":false},"excerpt":{"rendered":"","protected":false},"author":1,"featured_media":52926,"comment_status":"closed","ping_status":"closed","sticky":false,"template":"","format":"standard","meta":{"footnotes":""},"categories":[35],"tags":[],"class_list":["post-52925","post","type-post","status-publish","format-standard","has-post-thumbnail","hentry","category-politica"],"jetpack_featured_media_url":"https:\/\/radiorevelacionfm.cl\/wp-content\/uploads\/2025\/04\/SENADOR-SANDOVAL-JUNTO-A-SUBSECRETARIO-EDUCACION-SUPERIOR-1-1.jpg","_links":{"self":[{"href":"https:\/\/radiorevelacionfm.cl\/index.php?rest_route=\/wp\/v2\/posts\/52925","targetHints":{"allow":["GET"]}}],"collection":[{"href":"https:\/\/radiorevelacionfm.cl\/index.php?rest_route=\/wp\/v2\/posts"}],"about":[{"href":"https:\/\/radiorevelacionfm.cl\/index.php?rest_route=\/wp\/v2\/types\/post"}],"author":[{"embeddable":true,"href":"https:\/\/radiorevelacionfm.cl\/index.php?rest_route=\/wp\/v2\/users\/1"}],"replies":[{"embeddable":true,"href":"https:\/\/radiorevelacionfm.cl\/index.php?rest_route=%2Fwp%2Fv2%2Fcomments&post=52925"}],"version-history":[{"count":2,"href":"https:\/\/radiorevelacionfm.cl\/index.php?rest_route=\/wp\/v2\/posts\/52925\/revisions"}],"predecessor-version":[{"id":53043,"href":"https:\/\/radiorevelacionfm.cl\/index.php?rest_route=\/wp\/v2\/posts\/52925\/revisions\/53043"}],"wp:featuredmedia":[{"embeddable":true,"href":"https:\/\/radiorevelacionfm.cl\/index.php?rest_route=\/wp\/v2\/media\/52926"}],"wp:attachment":[{"href":"https:\/\/radiorevelacionfm.cl\/index.php?rest_route=%2Fwp%2Fv2%2Fmedia&parent=52925"}],"wp:term":[{"taxonomy":"category","embeddable":true,"href":"https:\/\/radiorevelacionfm.cl\/index.php?rest_route=%2Fwp%2Fv2%2Fcategories&post=52925"},{"taxonomy":"post_tag","embeddable":true,"href":"https:\/\/radiorevelacionfm.cl\/index.php?rest_route=%2Fwp%2Fv2%2Ftags&post=52925"}],"curies":[{"name":"wp","href":"https:\/\/api.w.org\/{rel}","templated":true}]}}