{"id":52921,"date":"2025-04-22T12:30:16","date_gmt":"2025-04-22T15:30:16","guid":{"rendered":"https:\/\/radiorevelacionfm.cl\/?p=52921"},"modified":"2025-04-22T12:30:16","modified_gmt":"2025-04-22T15:30:16","slug":"excelentes-resultados-en-ventas-y-superando-concurrencias-previas-los-logros-del-festival-de-la-cosecha-de-puerto-guadal","status":"publish","type":"post","link":"https:\/\/radiorevelacionfm.cl\/?p=52921","title":{"rendered":"Excelentes resultados en ventas y superando concurrencias previas: Los logros del Festival de la Cosecha de Puerto Guadal"},"content":{"rendered":"<div class=\"flex_column av_one_full  flex_column_div av-zero-column-padding first  avia-builder-el-0  el_before_av_one_full  avia-builder-el-first  \" style='border-radius:0px; '><div  class='avia-image-container  av-styling-    avia-builder-el-1  avia-builder-el-no-sibling  avia-align-center '  itemprop=\"image\" itemscope=\"itemscope\" itemtype=\"https:\/\/schema.org\/ImageObject\"  ><div class='avia-image-container-inner'><div class='avia-image-overlay-wrap'><img decoding=\"async\" class='wp-image-52922 avia-img-lazy-loading-not-52922 avia_image' src=\"https:\/\/radiorevelacionfm.cl\/wp-content\/uploads\/2025\/04\/feria-19-abril-20250419_132636-1_optimized.jpg\" alt='' title='feria-19-abril - -20250419_132636-(1)_optimized' height=\"600\" width=\"800\"  itemprop=\"thumbnailUrl\" srcset=\"https:\/\/radiorevelacionfm.cl\/wp-content\/uploads\/2025\/04\/feria-19-abril-20250419_132636-1_optimized.jpg 800w, https:\/\/radiorevelacionfm.cl\/wp-content\/uploads\/2025\/04\/feria-19-abril-20250419_132636-1_optimized-300x225.jpg 300w, https:\/\/radiorevelacionfm.cl\/wp-content\/uploads\/2025\/04\/feria-19-abril-20250419_132636-1_optimized-768x576.jpg 768w, https:\/\/radiorevelacionfm.cl\/wp-content\/uploads\/2025\/04\/feria-19-abril-20250419_132636-1_optimized-705x529.jpg 705w, https:\/\/radiorevelacionfm.cl\/wp-content\/uploads\/2025\/04\/feria-19-abril-20250419_132636-1_optimized-450x338.jpg 450w, https:\/\/radiorevelacionfm.cl\/wp-content\/uploads\/2025\/04\/feria-19-abril-20250419_132636-1_optimized-600x450.jpg 600w\" sizes=\"(max-width: 800px) 100vw, 800px\" \/><\/div><\/div><\/div><\/div><div class=\"flex_column av_one_full  flex_column_div av-zero-column-padding first  avia-builder-el-2  el_after_av_one_full  el_before_av_one_full  column-top-margin\" style='border-radius:0px; '><section class=\"av_textblock_section \"  itemscope=\"itemscope\" itemtype=\"https:\/\/schema.org\/BlogPosting\" itemprop=\"blogPost\" ><div class='avia_textblock  '   itemprop=\"text\" ><p style=\"text-align: center;\"><span style=\"font-size: 18pt;\"><b><span lang=\"ES-TRAD\">Excelentes resultados en ventas y superando concurrencias previas: Los logros del Festival de la Cosecha de Puerto Guadal<\/span><\/b><\/span><\/p>\n<div id=\"gtx-trans\" style=\"position: absolute; left: -50px; top: 4.31534px;\">\n<div class=\"gtx-trans-icon\"><\/div>\n<\/div>\n<\/div><\/section><\/div><div class=\"flex_column av_one_full  flex_column_div av-zero-column-padding first  avia-builder-el-4  el_after_av_one_full  el_before_av_hr  column-top-margin\" style='border-radius:0px; '><section class=\"av_textblock_section \"  itemscope=\"itemscope\" itemtype=\"https:\/\/schema.org\/BlogPosting\" itemprop=\"blogPost\" ><div class='avia_textblock  '   itemprop=\"text\" ><p style=\"text-align: justify;\"><i><span lang=\"ES-TRAD\">Se calculan en m\u00e1s de 300 las personas que participaron durante los dos d\u00edas en que se desarrollaron talleres de elaboraci\u00f3n de prietas y casquer\u00eda (cocina de interiores como cola, lengua, pata, etc.), helados artesanales con frutos locales, actividades de gastronom\u00eda de hongos y manzana para ni\u00f1os, y muestra en vivo de cocina a fuego abierto con liebre, fais\u00e1n, gallo, pato, y verduras y frutos de la estaci\u00f3n.<\/span><\/i><\/p>\n<p class=\"v1MsoNormal\" style=\"text-align: justify;\"><span lang=\"ES-TRAD\">Con un marco de p\u00fablico que super\u00f3 las versiones anteriores, visitantes de varias localidades de Ays\u00e9n, junto a una diversidad de exhibici\u00f3n y venta de productos locales, se desarroll\u00f3 este fin de semana el\u00a0VI Festival de la Cosecha de Puerto Guadal. La jornada, organizada por la AG de Turismo local, gestion\u00f3 el apoyo de distintas entidades y organizaciones, adem\u00e1s de socio\/as y vecino\/as, en lo que ya se ha transformado, junto al Reto Tehuelche, en una actividad recurrente fuera de temporada alta. En este caso, en el oto\u00f1o de la cuenca.<\/span><\/p>\n<p class=\"v1MsoNormal\" style=\"text-align: justify;\"><span lang=\"ES-TRAD\">Se calculan en\u00a0m\u00e1s de 300 las personas\u00a0que concurrieron el viernes 18 y s\u00e1bado 19 de abril.\u00a0\u00a0Durante los dos d\u00edas se desarrollaron talleres de\u00a0elaboraci\u00f3n de prietas y casquer\u00eda (cocina de interiores como cola, lengua, pata, etc.), helados artesanales con frutos locales,\u00a0actividades para ni\u00f1os de gastronom\u00eda con hongos y manzana,\u00a0charlas sobre cocina saludable e historia de la recolecci\u00f3n, adem\u00e1s de\u00a0muestra en vivo de cocina a fuego abierto\u00a0con liebre, fais\u00e1n, gallo, pato, junto a verduras y frutos de la estaci\u00f3n.<\/span><\/p>\n<p class=\"v1MsoNormal\" style=\"text-align: justify;\"><span lang=\"ES-TRAD\">\u00ab<i>Desde la organizaci\u00f3n nos sentimos muy contentas porque cada a\u00f1o el Festival de la Cosecha va siendo m\u00e1s grande, trae m\u00e1s p\u00fablico, m\u00e1s gente que quiere participar. Eso quiere decir que estamos haciendo las cosas bien<\/i>\u00bb explica\u00a0Ang\u00e9lica Anti\u00f1anco Levicoy, presidenta de la AG de Turismo de Puerto Guadal. \u00ab<i>Agradecida totalmente de toda la gente que particip\u00f3. Hubo dos chefs que quisieron venir apenas supieron de la actividad y llegaron con todo su conocimiento para entregar lo que ellos saben. Agradecemos tambi\u00e9n a todos los expositores que tuvimos, artesanos, que vinieron de varias localidades<\/i>\u00bb expresa, recordando a los exponentes locales as\u00ed como de Puerto R\u00edo Tranquilo, Bah\u00eda Murta, Cochrane, Puerto Bertrand, entre otros poblados.<\/span><\/p>\n<p class=\"v1MsoNormal\" style=\"text-align: justify;\"><span lang=\"ES-TRAD\">La presidenta de la\u00a0Corporaci\u00f3n Chelenko, Miriam Chible Contreras, releva el avance de este tipo de iniciativas en la cuenca y en la regi\u00f3n. \u00ab<i>Estamos realmente entusiasmados de ver que esta visi\u00f3n, orientada a que las otras estaciones del a\u00f1o se releven, est\u00e9 dando frutos.\u00a0 Hoy no s\u00f3lo est\u00e1 este Festival de la Cosecha, que va a su sexta versi\u00f3n, hay otros que se est\u00e1n realizando en la cuenca y que tienen que ver justamente con la valorizaci\u00f3n del producto local, de los oficios del territorio y de la colaboraci\u00f3n entre las personas, entre las organizaciones<\/i>\u00bb apunta. Esto, dice, \u00ab<i>nos permite relevar la \u00e9poca del oto\u00f1o que es cuando se cosecha, se guarda, se preparan distintos productos: la manzana, la ciruela, el maqui, el calafate, que se transforman en distintas preparaciones<\/i>\u00ab.<\/span><\/p>\n<p class=\"v1MsoNormal\" style=\"text-align: justify;\"><span lang=\"ES-TRAD\">Para la Corporaci\u00f3n Chelenko, de la cual forma parte la AG de Turismo de Puerto Guadal, el resultado de las jornadas \u00ab<i>ha sido un tremendo avance, un gran resultado, algo que nosotros nos pusimos en la visi\u00f3n y creemos que lo estamos logrando<\/i>\u00ab. Y en eso, profundiza: \u00ab<i>Hay otras \u00e9pocas del a\u00f1o que se pueden destacar, por ejemplo, el invierno, que nuevamente se nos avecina y en el cual no necesariamente debemos tener una masividad de turistas para la \u00e9poca, pero s\u00ed podemos traer algunos, incluso personas que, como pas\u00f3 en este caso, viven en la regi\u00f3n<\/i>\u00ab.<\/span><\/p>\n<p class=\"v1MsoNormal\" style=\"text-align: justify;\"><span lang=\"ES-TRAD\">En este contexto, recuerda que el\u00a0viernes 25 de abril\u00a0se realizar\u00e1 en\u00a0Puerto R\u00edo Tranquilo\u00a0un conversatorio que permitir\u00e1 reflexionar sobre c\u00f3mo se ha desarrollado el turismo en la zona.\u00a0\u00a0Esto, en el marco de la\u00a0<a href=\"https:\/\/www.instagram.com\/p\/DIe4eZTSO3Q\/?img_index=1\" target=\"_blank\" rel=\"noopener noreferrer\">IV versi\u00f3n del Festival de la Cosecha de la localidad<\/a>. El\u00a0s\u00e1bado 26\u00a0continuar\u00e1 la actividad con una Feria de Productores Artesanales Locales. Las jornadas son organizadas por la C\u00e1mara de Turismo y Comercio junto a la Municipalidad de R\u00edo Ib\u00e1\u00f1ez y la Universidad Austral de Chile.<\/span><\/p>\n<p class=\"v1MsoNormal\" style=\"text-align: justify;\"><span lang=\"ES-TRAD\">Desde 2024 la Corporaci\u00f3n Chelenko est\u00e1 ejecutando el\u00a0<a href=\"https:\/\/tehuelchenoticias.cl\/nuevo_sitio\/2024\/10\/29\/con-menus-locales-presentan-resultados-de-pilotos-sobre-gastronomia-y-gestion-de-residuos-en-turismo\/\" target=\"_blank\" rel=\"noopener noreferrer\">proyecto<\/a>\u00a0<i>\u00abTurismo Cero Impacto: Valor agregado y adaptaci\u00f3n clim\u00e1tica con cocina local y gesti\u00f3n de residuos<\/i>\u00ab, con mandato de SERNATUR Ays\u00e9n y financiamiento del programa Bienes P\u00fablicos de Corfo. La iniciativa est\u00e1 enfocada en la cocina huella cero, la gesti\u00f3n integral de residuos s\u00f3lidos y el impulso de un modelo de gesti\u00f3n para un futuro \u00abObservatorio de Turismo Sustentable y Cambio Clim\u00e1tico\u00bb en la cuenca.<\/span><\/p>\n<p class=\"v1MsoNormal\" style=\"text-align: justify;\"><span lang=\"ES-TRAD\">Esto, como una forma de aportar a un turismo sustentable, que impulse el desarrollo econ\u00f3mico local en un contexto de cuidado ambiental y cultural.<\/span><\/p>\n<p class=\"v1MsoNormal\" style=\"text-align: justify;\"><strong><span lang=\"ES-TRAD\">Testimonios<\/span><\/strong><\/p>\n<p class=\"v1MsoNormal\" style=\"text-align: justify;\"><span lang=\"ES-TRAD\">Con ambientaci\u00f3n tradicional de carretas, fardos, cocina a le\u00f1a, la Feria de Emprendimiento de productos locales fue un plus para las actividades formativas. Los participantes relevaron el espacio, que les permiti\u00f3 comercializar sus creaciones y servicios, adem\u00e1s de darlas a conocer a quienes visitaron el quincho municipal durante la jornada del s\u00e1bado.<\/span><\/p>\n<p class=\"v1MsoNormal\" style=\"text-align: justify;\"><span lang=\"ES-TRAD\">Rosa Vera Huenul<\/span><span lang=\"ES-TRAD\">, del\u00a0huerto Abuela Zafira\u00a0de Puerto Guadal, expresa que \u00ab<i>me siento muy contenta por esta actividad. Me fue excelente. Siempre son tan importantes las actividades que se hacen localmente, porque todo queda ac\u00e1. Hay mucho para adquirir: caba\u00f1as, restaurantes. Comida hab\u00eda bastante y eso es bueno porque la gente no se va<\/i>\u00ab. Con estas iniciativas de desestacionalizaci\u00f3n \u00ab<i>a todos los emprendedores nos va bien, porque a cada uno le fue muy bien&#8230; son instancias s\u00faper lindas, podemos conocer personas, hacer intercambios y formar redes para quedar en contacto. Son muchas cosas que se valoran en esa instancia. Quiero felicitar al equipo porque siempre son muy trabajadoras, muy empoderadas en lo que hacen y que siga adelante la AG de Turismo que mueve actividades. Estoy muy agradecida<\/i>\u00ab.<\/span><\/p>\n<p class=\"v1MsoNormal\" style=\"text-align: justify;\"><span lang=\"ES-TRAD\">\u00ab<i>Quiero agradecer a todo\/as quienes hicieron posible el Festival de la Cosecha 2025. Fue una experiencia enriquecedora, conoc\u00ed personas maravillosas, expositoras, clientes o simplemente visitantes que pasaron a saludar o regalar parte de su tiempo y buenos deseos. Felicito a la organizaci\u00f3n, excelente trabajo<\/i>\u00bb explica\u00a0Nancy Villaseca Morales, del emprendimiento\u00a0\u00c1pice de Puerto Guadal\u00a0que comercializa plantas de jard\u00edn e interior, \u00e1rboles nativos y ornamentales, adem\u00e1s de insumos de jardiner\u00eda.<\/span><\/p>\n<p class=\"v1MsoNormal\" style=\"text-align: justify;\"><span lang=\"ES-TRAD\">Desde\u00a0Puerto Bertrand\u00a0lleg\u00f3\u00a0Cristina Ramos Barrera de La Olita Cafeter\u00eda, quien relata que \u00ab<i>a m\u00ed me fue s\u00faper y lo pas\u00e9 muy bien.\u00a0\u00a0Agradecida, se nota mucho que hay un muy buen trabajo detr\u00e1s<\/i>\u00ab. Proveniente de la misma localidad arrib\u00f3 Javier Madrid G\u00f3mez, del emprendimiento\u00a0R\u00edo Bakery: \u00ab<i>\u00c9ste es el tercer a\u00f1o en que participo en el Festival de la Cosecha. Me fue muy bien y me siento muy contento por la recepci\u00f3n de mis productos, que son 100% artesanales y que cada vez se hacen m\u00e1s conocidos en la comuna. Y quisiera agradecer tambi\u00e9n a la organizaci\u00f3n por realizar tan linda actividad y dar la oportunidad a todos los emprendedores de tener el espacio y darnos a conocer<\/i>\u00ab.<\/span><\/p>\n<p class=\"v1MsoNormal\" style=\"text-align: justify;\"><span lang=\"ES-TRAD\">Daniela Urrutia P\u00e9rez<\/span><span lang=\"ES-TRAD\">, del emprendimiento\u00a0Tierra de Puerto R\u00edo Tranquilo, rese\u00f1a que \u00ab<i>la pasamos s\u00faper y nos fue genial. Estamos muy agradecido\/as de su acogida, felicidades a la organizaci\u00f3n y todo\/as lo\/as participantes. Muchas gracias por la invitaci\u00f3n<\/i>\u00ab.<\/span><\/p>\n<p class=\"v1MsoNormal\" style=\"text-align: justify;\"><span lang=\"ES-TRAD\">El Festival de la Cosecha de Puerto Guadal 2025 se materializ\u00f3 con al apoyo de diversas entidades y organizaciones: la Corporaci\u00f3n Chelenko, el Programa Estrat\u00e9gico Regional de Turismo PER de CORFO, la Municipalidad de Chile Chico cuyo alcalde Ariel Keim Hermosilla aport\u00f3 recursos, la AG de Campesinos y Campesinas de Puerto Guadal, el Mercadito Campesino de la localidad, la Agrupaci\u00f3n de Artesanas ArteChelenko y Demencia Records que aport\u00f3 el audio.\u00a0\u00a0<\/span><\/p>\n<p class=\"v1MsoNormal\" style=\"text-align: justify;\"><span lang=\"ES-TRAD\">En forma especial, se agradeci\u00f3 a los talleristas y expositores, quienes tuvieron disposici\u00f3n para entregar sus conocimientos: los chefs Johanna Astudillo (<a href=\"https:\/\/www.instagram.com\/coi_chef\/\" target=\"_blank\" rel=\"noopener noreferrer\">Coi Chef<\/a>), Christian Balboa (<a href=\"https:\/\/www.instagram.com\/cb_gastronomiapatagonia\" target=\"_blank\" rel=\"noopener noreferrer\">CB Gastronom\u00eda<\/a>) y Jos\u00e9 Gonz\u00e1lez (<a href=\"https:\/\/www.instagram.com\/manosdelamontana\/\" target=\"_blank\" rel=\"noopener noreferrer\">Manos de la Monta\u00f1a<\/a>), el vecino Edgardo Pinilla, la m\u00e9dico Ana Becerra, la vecina Josefina Ruiz, adem\u00e1s de Carolina Rojas, Fernanda Solar, Rosa Vera, Ang\u00e9lica Anti\u00f1anco y Miriam Chible en la organizaci\u00f3n. Se sumaron a ellos quienes aportaron insumos y\/o prestaron servicios como <a href=\"https:\/\/www.instagram.com\/ryrcarniceria\/\" target=\"_blank\" rel=\"noopener noreferrer\">Carnicer\u00eda RyR de Coyhaique<\/a>, el conjunto \u00abLas Dos Hileras\u00bb de Cochrane a cargo de Danilo Cruces, el dirigente del Comit\u00e9 de Emprendimiento y Turismo de Puerto Bertrand, Fernando Pavez von Martens, en la animaci\u00f3n y Ramiro Bahamonde (<a href=\"https:\/\/www.instagram.com\/bagualvisual\/\" target=\"_blank\" rel=\"noopener noreferrer\">Bagual Visual<\/a>) quien registr\u00f3 todo el evento.<\/span><\/p>\n<p class=\"v1MsoNormal\" style=\"text-align: justify;\"><span lang=\"ES-TRAD\">Y, tambi\u00e9n, al jefe de la Divisi\u00f3n de Fomento e Industria del Gobierno Regional de Ays\u00e9n, Fernando Guzm\u00e1n Espinoza, quien por mandato del gobernador Marcelo Santana Vargas concurri\u00f3 al festival el d\u00eda de los talleres.<\/span><\/p>\n<\/div><\/section><\/div><div  style='height:50px' class='hr hr-invisible   avia-builder-el-6  el_after_av_one_full  el_before_av_social_share '><span class='hr-inner ' ><span class='hr-inner-style'><\/span><\/span><\/div><\/p>\n<div  class='av-social-sharing-box  avia-builder-el-7  el_after_av_hr  el_before_av_hr  '><div class='av-share-box'><h5 class='av-share-link-description av-no-toc '>Compartir esta noticia<\/h5><ul class='av-share-box-list noLightbox'><li class='av-share-link av-social-link-facebook' ><a target=\"_blank\" aria-label=\"Compartir en Facebook\" href='https:\/\/www.facebook.com\/sharer.php?u=https:\/\/radiorevelacionfm.cl\/?p=52921&#038;t=Excelentes%20resultados%20en%20ventas%20y%20superando%20concurrencias%20previas%3A%20Los%20logros%20del%20Festival%20de%20la%20Cosecha%20de%20Puerto%20Guadal' aria-hidden='false' data-av_icon='\ue8f3' data-av_iconfont='entypo-fontello' title='' data-avia-related-tooltip='Compartir en Facebook' rel=\"noopener\"><span class='avia_hidden_link_text'>Compartir en Facebook<\/span><\/a><\/li><li class='av-share-link av-social-link-twitter' ><a target=\"_blank\" aria-label=\"Compartir en Twitter\" href='https:\/\/twitter.com\/share?text=Excelentes%20resultados%20en%20ventas%20y%20superando%20concurrencias%20previas%3A%20Los%20logros%20del%20Festival%20de%20la%20Cosecha%20de%20Puerto%20Guadal&#038;url=https:\/\/radiorevelacionfm.cl\/?p=52921' aria-hidden='false' data-av_icon='\ue8f1' data-av_iconfont='entypo-fontello' title='' data-avia-related-tooltip='Compartir en Twitter' rel=\"noopener\"><span class='avia_hidden_link_text'>Compartir en Twitter<\/span><\/a><\/li><li class='av-share-link av-social-link-whatsapp' ><a target=\"_blank\" aria-label=\"Compartir en Whatsapp\" href='https:\/\/api.whatsapp.com\/send?text=https:\/\/radiorevelacionfm.cl\/?p=52921' aria-hidden='false' data-av_icon='\uf232' data-av_iconfont='entypo-fontello' title='' data-avia-related-tooltip='Compartir en Whatsapp' rel=\"noopener\"><span class='avia_hidden_link_text'>Compartir en Whatsapp<\/span><\/a><\/li><li class='av-share-link av-social-link-linkedin' ><a target=\"_blank\" aria-label=\"Compartir en LinkedIn\" href='https:\/\/linkedin.com\/shareArticle?mini=true&#038;title=Excelentes%20resultados%20en%20ventas%20y%20superando%20concurrencias%20previas%3A%20Los%20logros%20del%20Festival%20de%20la%20Cosecha%20de%20Puerto%20Guadal&#038;url=https:\/\/radiorevelacionfm.cl\/?p=52921' aria-hidden='false' data-av_icon='\ue8fc' data-av_iconfont='entypo-fontello' title='' data-avia-related-tooltip='Compartir en LinkedIn' rel=\"noopener\"><span class='avia_hidden_link_text'>Compartir en LinkedIn<\/span><\/a><\/li><li class='av-share-link av-social-link-mail' ><a  aria-label=\"Compartir por correo\" href='mailto:?subject=Excelentes%20resultados%20en%20ventas%20y%20superando%20concurrencias%20previas%3A%20Los%20logros%20del%20Festival%20de%20la%20Cosecha%20de%20Puerto%20Guadal&#038;body=https:\/\/radiorevelacionfm.cl\/?p=52921' aria-hidden='false' data-av_icon='\ue805' data-av_iconfont='entypo-fontello' title='' data-avia-related-tooltip='Compartir por correo'><span class='avia_hidden_link_text'>Compartir por correo<\/span><\/a><\/li><\/ul><\/div><\/div>\n<div  style='height:50px' class='hr hr-invisible   avia-builder-el-8  el_after_av_social_share  el_before_av_comments_list '><span class='hr-inner ' ><span class='hr-inner-style'><\/span><\/span><\/div>\n<div  class='av-buildercomment  av-blog-meta-html-info-disabled av-blog-meta-tag-disabled  '><\/div>\n","protected":false},"excerpt":{"rendered":"","protected":false},"author":1,"featured_media":52922,"comment_status":"closed","ping_status":"closed","sticky":false,"template":"","format":"standard","meta":{"footnotes":""},"categories":[38],"tags":[],"class_list":["post-52921","post","type-post","status-publish","format-standard","has-post-thumbnail","hentry","category-regional"],"jetpack_featured_media_url":"https:\/\/radiorevelacionfm.cl\/wp-content\/uploads\/2025\/04\/feria-19-abril-20250419_132636-1_optimized.jpg","_links":{"self":[{"href":"https:\/\/radiorevelacionfm.cl\/index.php?rest_route=\/wp\/v2\/posts\/52921","targetHints":{"allow":["GET"]}}],"collection":[{"href":"https:\/\/radiorevelacionfm.cl\/index.php?rest_route=\/wp\/v2\/posts"}],"about":[{"href":"https:\/\/radiorevelacionfm.cl\/index.php?rest_route=\/wp\/v2\/types\/post"}],"author":[{"embeddable":true,"href":"https:\/\/radiorevelacionfm.cl\/index.php?rest_route=\/wp\/v2\/users\/1"}],"replies":[{"embeddable":true,"href":"https:\/\/radiorevelacionfm.cl\/index.php?rest_route=%2Fwp%2Fv2%2Fcomments&post=52921"}],"version-history":[{"count":2,"href":"https:\/\/radiorevelacionfm.cl\/index.php?rest_route=\/wp\/v2\/posts\/52921\/revisions"}],"predecessor-version":[{"id":52924,"href":"https:\/\/radiorevelacionfm.cl\/index.php?rest_route=\/wp\/v2\/posts\/52921\/revisions\/52924"}],"wp:featuredmedia":[{"embeddable":true,"href":"https:\/\/radiorevelacionfm.cl\/index.php?rest_route=\/wp\/v2\/media\/52922"}],"wp:attachment":[{"href":"https:\/\/radiorevelacionfm.cl\/index.php?rest_route=%2Fwp%2Fv2%2Fmedia&parent=52921"}],"wp:term":[{"taxonomy":"category","embeddable":true,"href":"https:\/\/radiorevelacionfm.cl\/index.php?rest_route=%2Fwp%2Fv2%2Fcategories&post=52921"},{"taxonomy":"post_tag","embeddable":true,"href":"https:\/\/radiorevelacionfm.cl\/index.php?rest_route=%2Fwp%2Fv2%2Ftags&post=52921"}],"curies":[{"name":"wp","href":"https:\/\/api.w.org\/{rel}","templated":true}]}}