{"id":52918,"date":"2025-04-22T14:42:27","date_gmt":"2025-04-22T17:42:27","guid":{"rendered":"https:\/\/radiorevelacionfm.cl\/?p=52918"},"modified":"2025-04-22T14:42:27","modified_gmt":"2025-04-22T17:42:27","slug":"ninos-y-ninas-del-colegio-alborada-visitaron-la-corte-de-apelaciones-de-coyhaique","status":"publish","type":"post","link":"https:\/\/radiorevelacionfm.cl\/?p=52918","title":{"rendered":"Ni\u00f1os y ni\u00f1as del Colegio Alborada visitaron la Corte de Apelaciones de Coyhaique"},"content":{"rendered":"<div class=\"flex_column av_one_full  flex_column_div av-zero-column-padding first  avia-builder-el-0  el_before_av_one_full  avia-builder-el-first  \" style='border-radius:0px; '><div  class='avia-image-container  av-styling-    avia-builder-el-1  avia-builder-el-no-sibling  avia-align-center '  itemprop=\"image\" itemscope=\"itemscope\" itemtype=\"https:\/\/schema.org\/ImageObject\"  ><div class='avia-image-container-inner'><div class='avia-image-overlay-wrap'><img decoding=\"async\" class='wp-image-52919 avia-img-lazy-loading-not-52919 avia_image' src=\"https:\/\/radiorevelacionfm.cl\/wp-content\/uploads\/2025\/04\/Foto-dia-6-visita-colegio-alborada-1-1.jpg\" alt='' title='Foto d\u00eda 6 visita colegio alborada (1) (1)' height=\"600\" width=\"941\"  itemprop=\"thumbnailUrl\" srcset=\"https:\/\/radiorevelacionfm.cl\/wp-content\/uploads\/2025\/04\/Foto-dia-6-visita-colegio-alborada-1-1.jpg 941w, https:\/\/radiorevelacionfm.cl\/wp-content\/uploads\/2025\/04\/Foto-dia-6-visita-colegio-alborada-1-1-300x191.jpg 300w, https:\/\/radiorevelacionfm.cl\/wp-content\/uploads\/2025\/04\/Foto-dia-6-visita-colegio-alborada-1-1-768x490.jpg 768w, https:\/\/radiorevelacionfm.cl\/wp-content\/uploads\/2025\/04\/Foto-dia-6-visita-colegio-alborada-1-1-705x450.jpg 705w, https:\/\/radiorevelacionfm.cl\/wp-content\/uploads\/2025\/04\/Foto-dia-6-visita-colegio-alborada-1-1-450x287.jpg 450w, https:\/\/radiorevelacionfm.cl\/wp-content\/uploads\/2025\/04\/Foto-dia-6-visita-colegio-alborada-1-1-600x383.jpg 600w\" sizes=\"(max-width: 941px) 100vw, 941px\" \/><\/div><\/div><\/div><\/div><div class=\"flex_column av_one_full  flex_column_div av-zero-column-padding first  avia-builder-el-2  el_after_av_one_full  el_before_av_one_full  column-top-margin\" style='border-radius:0px; '><section class=\"av_textblock_section \"  itemscope=\"itemscope\" itemtype=\"https:\/\/schema.org\/BlogPosting\" itemprop=\"blogPost\" ><div class='avia_textblock  '   itemprop=\"text\" ><p style=\"text-align: center;\"><strong><span style=\"font-size: 18pt;\">Ni\u00f1os y ni\u00f1as del Colegio Alborada visitaron la Corte de Apelaciones de Coyhaique<\/span><\/strong><\/p>\n<div id=\"gtx-trans\" style=\"position: absolute; left: -50px; top: 4.31534px;\">\n<div class=\"gtx-trans-icon\"><\/div>\n<\/div>\n<\/div><\/section><\/div><div class=\"flex_column av_one_full  flex_column_div av-zero-column-padding first  avia-builder-el-4  el_after_av_one_full  el_before_av_hr  column-top-margin\" style='border-radius:0px; '><section class=\"av_textblock_section \"  itemscope=\"itemscope\" itemtype=\"https:\/\/schema.org\/BlogPosting\" itemprop=\"blogPost\" ><div class='avia_textblock  '   itemprop=\"text\" ><p class=\"v1MsoNormal\" style=\"text-align: justify;\">Durante el lunes, martes y mi\u00e9rcoles de la semana reci\u00e9n pasada, un centenar de ni\u00f1os y ni\u00f1as de sexto a\u00f1o b\u00e1sico del Colegio Alborada realizaron visitas guiadas a la Corte de Apelaciones de Coyhaique.<\/p>\n<p class=\"v1MsoNormal\" style=\"text-align: justify;\">En la instancia, los estudiantes conocieron sobre el rol de los poderes del Estado, la estructura del Poder Judicial y las principales funciones de los diversos tribunales de justicia, de sus jueces y funcionarios.<\/p>\n<p class=\"v1MsoNormal\" style=\"text-align: justify;\">Sobre la iniciativa, el presidente de la Corte de Coyhaique, ministro Pedro Castro, sostuvo que \u00absiempre es una actividad sumamente interesante, creo que es un enriquecimiento rec\u00edproco y por una parte los educandos tienen la oportunidad de conocer nuestro trabajo, la forma en que lo hacemos, donde trabajamos, y por supuesto nosotros responder a sus inquietudes. Nos encontramos gratamente sorprendidos, del nivel de preguntas de inter\u00e9s de parte de estos ni\u00f1os, que esperamos seguir estimulando en su comprensi\u00f3n del medio, si se quiere, y de las autoridades que tambi\u00e9n los rigen o los van a regir en su oportunidad\u00bb.<\/p>\n<p class=\"v1MsoNormal\" style=\"text-align: justify;\">Por su parte, Juan Andr\u00e9s Campos, profesor del Colegio Alborada, indic\u00f3 que \u00abes muy positivo que podamos hacer una salida donde ellos puedan plasmar los conocimientos adquiridos en la sala, y es muy relevante que tengan la posibilidad de conocer a uno de los poderes del Estado que en este caso es el Poder Judicial. En general la visita nos pareci\u00f3 muy bien, did\u00e1ctica y los ni\u00f1os y ni\u00f1as, conocieron la labor de los funcionarios y ministros, y lo m\u00e1s importante es que ellos pudieron preguntar, se le not\u00f3 la alegr\u00eda de haber participado en esta actividad\u00bb.<\/p>\n<p class=\"v1MsoNormal\" style=\"text-align: justify;\">Durante la visita guiada, los ni\u00f1os y ni\u00f1as de los sextos b\u00e1sicos A, B y C del Colegio Alborada fueron acompa\u00f1ados por el administrador, \u00c1lvaro Guti\u00e9rrez, y la jefa de Unidad de Causas, Natalia Negr\u00f3n, quienes realizaron una presentaci\u00f3n a los estudiantes y respondieron sus dudas y consultas.<\/p>\n<p class=\"v1MsoNormal\" style=\"text-align: justify;\">Finalmente, el presidente Pedro Castro invit\u00f3 a la comunidad educativa regional a ponerse en contacto con los tribunales de sus respectivas zonas geogr\u00e1ficas y as\u00ed replicar iniciativas de este tipo.<\/p>\n<\/div><\/section><\/div><div  style='height:50px' class='hr hr-invisible   avia-builder-el-6  el_after_av_one_full  el_before_av_social_share '><span class='hr-inner ' ><span class='hr-inner-style'><\/span><\/span><\/div><\/p>\n<div  class='av-social-sharing-box  avia-builder-el-7  el_after_av_hr  el_before_av_hr  '><div class='av-share-box'><h5 class='av-share-link-description av-no-toc '>Compartir esta noticia<\/h5><ul class='av-share-box-list noLightbox'><li class='av-share-link av-social-link-facebook' ><a target=\"_blank\" aria-label=\"Compartir en Facebook\" href='https:\/\/www.facebook.com\/sharer.php?u=https:\/\/radiorevelacionfm.cl\/?p=52918&#038;t=Ni%C3%B1os%20y%20ni%C3%B1as%20del%20Colegio%20Alborada%20visitaron%20la%20Corte%20de%20Apelaciones%20de%20Coyhaique' aria-hidden='false' data-av_icon='\ue8f3' data-av_iconfont='entypo-fontello' title='' data-avia-related-tooltip='Compartir en Facebook' rel=\"noopener\"><span class='avia_hidden_link_text'>Compartir en Facebook<\/span><\/a><\/li><li class='av-share-link av-social-link-twitter' ><a target=\"_blank\" aria-label=\"Compartir en Twitter\" href='https:\/\/twitter.com\/share?text=Ni%C3%B1os%20y%20ni%C3%B1as%20del%20Colegio%20Alborada%20visitaron%20la%20Corte%20de%20Apelaciones%20de%20Coyhaique&#038;url=https:\/\/radiorevelacionfm.cl\/?p=52918' aria-hidden='false' data-av_icon='\ue8f1' data-av_iconfont='entypo-fontello' title='' data-avia-related-tooltip='Compartir en Twitter' rel=\"noopener\"><span class='avia_hidden_link_text'>Compartir en Twitter<\/span><\/a><\/li><li class='av-share-link av-social-link-whatsapp' ><a target=\"_blank\" aria-label=\"Compartir en Whatsapp\" href='https:\/\/api.whatsapp.com\/send?text=https:\/\/radiorevelacionfm.cl\/?p=52918' aria-hidden='false' data-av_icon='\uf232' data-av_iconfont='entypo-fontello' title='' data-avia-related-tooltip='Compartir en Whatsapp' rel=\"noopener\"><span class='avia_hidden_link_text'>Compartir en Whatsapp<\/span><\/a><\/li><li class='av-share-link av-social-link-linkedin' ><a target=\"_blank\" aria-label=\"Compartir en LinkedIn\" href='https:\/\/linkedin.com\/shareArticle?mini=true&#038;title=Ni%C3%B1os%20y%20ni%C3%B1as%20del%20Colegio%20Alborada%20visitaron%20la%20Corte%20de%20Apelaciones%20de%20Coyhaique&#038;url=https:\/\/radiorevelacionfm.cl\/?p=52918' aria-hidden='false' data-av_icon='\ue8fc' data-av_iconfont='entypo-fontello' title='' data-avia-related-tooltip='Compartir en LinkedIn' rel=\"noopener\"><span class='avia_hidden_link_text'>Compartir en LinkedIn<\/span><\/a><\/li><li class='av-share-link av-social-link-mail' ><a  aria-label=\"Compartir por correo\" href='mailto:?subject=Ni%C3%B1os%20y%20ni%C3%B1as%20del%20Colegio%20Alborada%20visitaron%20la%20Corte%20de%20Apelaciones%20de%20Coyhaique&#038;body=https:\/\/radiorevelacionfm.cl\/?p=52918' aria-hidden='false' data-av_icon='\ue805' data-av_iconfont='entypo-fontello' title='' data-avia-related-tooltip='Compartir por correo'><span class='avia_hidden_link_text'>Compartir por correo<\/span><\/a><\/li><\/ul><\/div><\/div>\n<div  style='height:50px' class='hr hr-invisible   avia-builder-el-8  el_after_av_social_share  el_before_av_comments_list '><span class='hr-inner ' ><span class='hr-inner-style'><\/span><\/span><\/div>\n<div  class='av-buildercomment  av-blog-meta-html-info-disabled av-blog-meta-tag-disabled  '><\/div>\n","protected":false},"excerpt":{"rendered":"","protected":false},"author":1,"featured_media":52919,"comment_status":"closed","ping_status":"closed","sticky":false,"template":"","format":"standard","meta":{"footnotes":""},"categories":[38],"tags":[],"class_list":["post-52918","post","type-post","status-publish","format-standard","has-post-thumbnail","hentry","category-regional"],"jetpack_featured_media_url":"https:\/\/radiorevelacionfm.cl\/wp-content\/uploads\/2025\/04\/Foto-dia-6-visita-colegio-alborada-1-1.jpg","_links":{"self":[{"href":"https:\/\/radiorevelacionfm.cl\/index.php?rest_route=\/wp\/v2\/posts\/52918","targetHints":{"allow":["GET"]}}],"collection":[{"href":"https:\/\/radiorevelacionfm.cl\/index.php?rest_route=\/wp\/v2\/posts"}],"about":[{"href":"https:\/\/radiorevelacionfm.cl\/index.php?rest_route=\/wp\/v2\/types\/post"}],"author":[{"embeddable":true,"href":"https:\/\/radiorevelacionfm.cl\/index.php?rest_route=\/wp\/v2\/users\/1"}],"replies":[{"embeddable":true,"href":"https:\/\/radiorevelacionfm.cl\/index.php?rest_route=%2Fwp%2Fv2%2Fcomments&post=52918"}],"version-history":[{"count":2,"href":"https:\/\/radiorevelacionfm.cl\/index.php?rest_route=\/wp\/v2\/posts\/52918\/revisions"}],"predecessor-version":[{"id":52933,"href":"https:\/\/radiorevelacionfm.cl\/index.php?rest_route=\/wp\/v2\/posts\/52918\/revisions\/52933"}],"wp:featuredmedia":[{"embeddable":true,"href":"https:\/\/radiorevelacionfm.cl\/index.php?rest_route=\/wp\/v2\/media\/52919"}],"wp:attachment":[{"href":"https:\/\/radiorevelacionfm.cl\/index.php?rest_route=%2Fwp%2Fv2%2Fmedia&parent=52918"}],"wp:term":[{"taxonomy":"category","embeddable":true,"href":"https:\/\/radiorevelacionfm.cl\/index.php?rest_route=%2Fwp%2Fv2%2Fcategories&post=52918"},{"taxonomy":"post_tag","embeddable":true,"href":"https:\/\/radiorevelacionfm.cl\/index.php?rest_route=%2Fwp%2Fv2%2Ftags&post=52918"}],"curies":[{"name":"wp","href":"https:\/\/api.w.org\/{rel}","templated":true}]}}