{"id":52914,"date":"2025-04-22T11:22:52","date_gmt":"2025-04-22T14:22:52","guid":{"rendered":"https:\/\/radiorevelacionfm.cl\/?p=52914"},"modified":"2025-04-22T11:22:52","modified_gmt":"2025-04-22T14:22:52","slug":"arquitecta-aysenina-lidera-proyecto-que-da-nuevo-valor-a-la-madera-nativa-residual","status":"publish","type":"post","link":"https:\/\/radiorevelacionfm.cl\/?p=52914","title":{"rendered":"Arquitecta aysenina lidera proyecto que da nuevo valor a la madera nativa residual"},"content":{"rendered":"<div class=\"flex_column av_one_full  flex_column_div av-zero-column-padding first  avia-builder-el-0  el_before_av_one_full  avia-builder-el-first  \" style='border-radius:0px; '><div  class='avia-image-container  av-styling-    avia-builder-el-1  avia-builder-el-no-sibling  avia-align-center '  itemprop=\"image\" itemscope=\"itemscope\" itemtype=\"https:\/\/schema.org\/ImageObject\"  ><div class='avia-image-container-inner'><div class='avia-image-overlay-wrap'><img decoding=\"async\" class='wp-image-52915 avia-img-lazy-loading-not-52915 avia_image' src=\"https:\/\/radiorevelacionfm.cl\/wp-content\/uploads\/2025\/04\/01_woodenloop-1_optimized.jpg\" alt='' title='01_woodenloop-(1)_optimized' height=\"600\" width=\"1065\"  itemprop=\"thumbnailUrl\" srcset=\"https:\/\/radiorevelacionfm.cl\/wp-content\/uploads\/2025\/04\/01_woodenloop-1_optimized.jpg 1065w, https:\/\/radiorevelacionfm.cl\/wp-content\/uploads\/2025\/04\/01_woodenloop-1_optimized-300x169.jpg 300w, https:\/\/radiorevelacionfm.cl\/wp-content\/uploads\/2025\/04\/01_woodenloop-1_optimized-1030x580.jpg 1030w, https:\/\/radiorevelacionfm.cl\/wp-content\/uploads\/2025\/04\/01_woodenloop-1_optimized-768x433.jpg 768w, https:\/\/radiorevelacionfm.cl\/wp-content\/uploads\/2025\/04\/01_woodenloop-1_optimized-705x397.jpg 705w, https:\/\/radiorevelacionfm.cl\/wp-content\/uploads\/2025\/04\/01_woodenloop-1_optimized-450x254.jpg 450w, https:\/\/radiorevelacionfm.cl\/wp-content\/uploads\/2025\/04\/01_woodenloop-1_optimized-600x338.jpg 600w\" sizes=\"(max-width: 1065px) 100vw, 1065px\" \/><\/div><\/div><\/div><\/div><div class=\"flex_column av_one_full  flex_column_div av-zero-column-padding first  avia-builder-el-2  el_after_av_one_full  el_before_av_one_full  column-top-margin\" style='border-radius:0px; '><section class=\"av_textblock_section \"  itemscope=\"itemscope\" itemtype=\"https:\/\/schema.org\/BlogPosting\" itemprop=\"blogPost\" ><div class='avia_textblock  '   itemprop=\"text\" ><p style=\"text-align: center;\"><span style=\"font-size: 18pt;\"><b>Arquitecta aysenina lidera proyecto que da nuevo valor a la madera nativa residual<\/b><\/span><\/p>\n<div id=\"gtx-trans\" style=\"position: absolute; left: -50px; top: 4.31534px;\">\n<div class=\"gtx-trans-icon\"><\/div>\n<\/div>\n<\/div><\/section><\/div><div class=\"flex_column av_one_full  flex_column_div av-zero-column-padding first  avia-builder-el-4  el_after_av_one_full  el_before_av_hr  column-top-margin\" style='border-radius:0px; '><section class=\"av_textblock_section \"  itemscope=\"itemscope\" itemtype=\"https:\/\/schema.org\/BlogPosting\" itemprop=\"blogPost\" ><div class='avia_textblock  '   itemprop=\"text\" ><p style=\"font-weight: 400; text-align: justify;\"><em>El proyecto WOODENLOOP, desarrollado por Trazosur SPA con apoyo de Corfo, transforma maderas cortas en paneles decorativos y funcionales de alto valor para interiores y mobiliario, promoviendo la producci\u00f3n sustentable y el liderazgo femenino desde Ays\u00e9n.<\/em><\/p>\n<p style=\"font-weight: 400; text-align: justify;\">Desde el coraz\u00f3n de la Patagonia chilena, la arquitecta <strong>Nicole Vernal D\u00edaz<\/strong><strong>,<\/strong>\u00a0directora del proyecto, y el ingeniero mec\u00e1nico\u00a0<strong>Felipe Almonacid Neumann<\/strong><strong>\u00a0<\/strong>lideran\u00a0<strong><em>WOODENLOOP, the touch of nature<\/em><\/strong>, una propuesta innovadora que transforma los subproductos de madera nativa de los aserraderos en paneles modulares tridimensionales. Estos paneles permiten\u00a0<strong>llevar la naturaleza<\/strong>\u00a0al interior de tu espacio, ofreciendo aplicaciones tanto en revestimientos para muros como en muebles, y otorgando un car\u00e1cter art\u00edstico y escult\u00f3rico que redefine cualquier ambiente.<\/p>\n<p style=\"font-weight: 400; text-align: justify;\">Impulsado por Trazosur y apoyado por Corfo Ays\u00e9n a trav\u00e9s del programa Innova Regi\u00f3n \u2013 Sostenible, el proyecto busca agregar valor a las maderas cortas residuales, integrando dise\u00f1o, tecnolog\u00eda y sustentabilidad desde Coyhaique para todo Chile.<\/p>\n<p style=\"font-weight: 400; text-align: justify;\">El proyecto nace de la observaci\u00f3n del entorno natural y de una oportunidad concreta: aprovechar un recurso subutilizado \u2014la madera corta de di\u00e1metros peque\u00f1os\u2014 para desarrollar un producto est\u00e9tico, funcional y competitivo. A trav\u00e9s de tecnolog\u00eda CNC y dise\u00f1o param\u00e9trico,\u00a0<em>WOODENLOOP<\/em>\u00a0produce paneles compuestos por una base de aglomerado y una l\u00e1mina de madera maciza texturizada, con patrones inspirados en la arquitectura biof\u00edlica. Cada pieza puede adaptarse digitalmente a distintos requerimientos y despacharse a cualquier punto del pa\u00eds, fomentando as\u00ed la descentralizaci\u00f3n de la innovaci\u00f3n.<\/p>\n<p style=\"font-weight: 400; text-align: justify;\">Seg\u00fan el Instituto Forestal (INFOR), en 2020 la Regi\u00f3n de Ays\u00e9n produjo 19.158 m\u00b3 de madera aserrada, de los cuales el 53% proviene de especies nativas. Dentro de esta cifra, aproximadamente el 30% corresponde a maderas cortas \u2014definidas como trozos de hasta 2,40 metros de largo y di\u00e1metros inferiores a 20 cm\u2014, es decir, m\u00e1s de 3.000 m\u00b3 potencialmente aprovechables. Estas maderas, que suelen desecharse como le\u00f1a o venderse a bajo precio, pueden convertirse en revestimientos de alta calidad, con una reducci\u00f3n del 40% en tiempos de fabricaci\u00f3n para un dise\u00f1o tridimensional y un ahorro estimado del 70% en su materia prima nativa.<\/p>\n<p style=\"font-weight: 400; text-align: justify;\">\u201cEl respaldo de Corfo ha sido clave no solo en lo financiero, sino en abrir caminos para innovar desde regiones extremas. Gracias al Comit\u00e9 de Desarrollo Productivo Regional, hoy\u00a0<em>WOODENLOOP<\/em>\u00a0es una realidad. Y m\u00e1s importante a\u00fan, se trata de una empresa liderada por una mujer, en un rubro hist\u00f3ricamente masculinizado. Es un orgullo poner el dise\u00f1o y la tecnolog\u00eda al servicio del desarrollo local\u201d, afirma Nicole Vernal D\u00edaz, fundadora de Trazosur.<\/p>\n<p style=\"font-weight: 400; text-align: justify;\">Desde Corfo Ays\u00e9n, su director Humberto Mar\u00edn valor\u00f3 el alcance del proyecto. \u201c<em>WOODENLOOP<\/em>\u00a0representa el esp\u00edritu de la innovaci\u00f3n que promovemos: soluciones sostenibles con ra\u00edz territorial, que nacen de las necesidades del entorno y que son impulsadas por talento regional. Este proyecto no solo agrega valor al bosque nativo, tambi\u00e9n visibiliza el liderazgo de mujeres en la econom\u00eda local\u201d.<\/p>\n<p style=\"font-weight: 400; text-align: justify;\">Agreg\u00f3 que Corfo Ays\u00e9n respalda iniciativas como esta porque contribuyen a diversificar la matriz productiva, generar empleo calificado y fortalecer los encadenamientos en sectores tradicionales como el forestal. Tambi\u00e9n fomentan un uso m\u00e1s responsable de los recursos naturales y promueven la innovaci\u00f3n como una herramienta para mejorar la calidad de vida y enfrentar el cambio clim\u00e1tico con soluciones concretas.<\/p>\n<p style=\"font-weight: 400; text-align: justify;\">A futuro, el equipo de Trazosur proyecta ampliar su presencia nacional mediante alianzas con constructoras, estudios de arquitectura, interiorismo y decoraci\u00f3n, junto con empresas privadas del nicho. En ese camino, tambi\u00e9n buscan inspirar a otras mujeres a innovar y emprender con prop\u00f3sito. \u201cQueremos invitar a m\u00e1s mujeres a creer en sus ideas y atreverse a innovar. No se trata solo de tener tecnolog\u00eda, sino de mirar lo cotidiano con nuevos ojos. Si no nos actualizamos, el mundo nos pasa por encima. Este es el momento de crear con sentido y con impacto\u201d, concluye Nicole.<\/p>\n<\/div><\/section><\/div><div  style='height:50px' class='hr hr-invisible   avia-builder-el-6  el_after_av_one_full  el_before_av_social_share '><span class='hr-inner ' ><span class='hr-inner-style'><\/span><\/span><\/div><\/p>\n<div  class='av-social-sharing-box  avia-builder-el-7  el_after_av_hr  el_before_av_hr  '><div class='av-share-box'><h5 class='av-share-link-description av-no-toc '>Compartir esta noticia<\/h5><ul class='av-share-box-list noLightbox'><li class='av-share-link av-social-link-facebook' ><a target=\"_blank\" aria-label=\"Compartir en Facebook\" href='https:\/\/www.facebook.com\/sharer.php?u=https:\/\/radiorevelacionfm.cl\/?p=52914&#038;t=Arquitecta%20aysenina%20lidera%20proyecto%20que%20da%20nuevo%20valor%20a%20la%20madera%20nativa%20residual' aria-hidden='false' data-av_icon='\ue8f3' data-av_iconfont='entypo-fontello' title='' data-avia-related-tooltip='Compartir en Facebook' rel=\"noopener\"><span class='avia_hidden_link_text'>Compartir en Facebook<\/span><\/a><\/li><li class='av-share-link av-social-link-twitter' ><a target=\"_blank\" aria-label=\"Compartir en Twitter\" href='https:\/\/twitter.com\/share?text=Arquitecta%20aysenina%20lidera%20proyecto%20que%20da%20nuevo%20valor%20a%20la%20madera%20nativa%20residual&#038;url=https:\/\/radiorevelacionfm.cl\/?p=52914' aria-hidden='false' data-av_icon='\ue8f1' data-av_iconfont='entypo-fontello' title='' data-avia-related-tooltip='Compartir en Twitter' rel=\"noopener\"><span class='avia_hidden_link_text'>Compartir en Twitter<\/span><\/a><\/li><li class='av-share-link av-social-link-whatsapp' ><a target=\"_blank\" aria-label=\"Compartir en Whatsapp\" href='https:\/\/api.whatsapp.com\/send?text=https:\/\/radiorevelacionfm.cl\/?p=52914' aria-hidden='false' data-av_icon='\uf232' data-av_iconfont='entypo-fontello' title='' data-avia-related-tooltip='Compartir en Whatsapp' rel=\"noopener\"><span class='avia_hidden_link_text'>Compartir en Whatsapp<\/span><\/a><\/li><li class='av-share-link av-social-link-linkedin' ><a target=\"_blank\" aria-label=\"Compartir en LinkedIn\" href='https:\/\/linkedin.com\/shareArticle?mini=true&#038;title=Arquitecta%20aysenina%20lidera%20proyecto%20que%20da%20nuevo%20valor%20a%20la%20madera%20nativa%20residual&#038;url=https:\/\/radiorevelacionfm.cl\/?p=52914' aria-hidden='false' data-av_icon='\ue8fc' data-av_iconfont='entypo-fontello' title='' data-avia-related-tooltip='Compartir en LinkedIn' rel=\"noopener\"><span class='avia_hidden_link_text'>Compartir en LinkedIn<\/span><\/a><\/li><li class='av-share-link av-social-link-mail' ><a  aria-label=\"Compartir por correo\" href='mailto:?subject=Arquitecta%20aysenina%20lidera%20proyecto%20que%20da%20nuevo%20valor%20a%20la%20madera%20nativa%20residual&#038;body=https:\/\/radiorevelacionfm.cl\/?p=52914' aria-hidden='false' data-av_icon='\ue805' data-av_iconfont='entypo-fontello' title='' data-avia-related-tooltip='Compartir por correo'><span class='avia_hidden_link_text'>Compartir por correo<\/span><\/a><\/li><\/ul><\/div><\/div>\n<div  style='height:50px' class='hr hr-invisible   avia-builder-el-8  el_after_av_social_share  el_before_av_comments_list '><span class='hr-inner ' ><span class='hr-inner-style'><\/span><\/span><\/div>\n<div  class='av-buildercomment  av-blog-meta-html-info-disabled av-blog-meta-tag-disabled  '><\/div>\n","protected":false},"excerpt":{"rendered":"","protected":false},"author":1,"featured_media":52915,"comment_status":"closed","ping_status":"closed","sticky":false,"template":"","format":"standard","meta":{"footnotes":""},"categories":[38],"tags":[],"class_list":["post-52914","post","type-post","status-publish","format-standard","has-post-thumbnail","hentry","category-regional"],"jetpack_featured_media_url":"https:\/\/radiorevelacionfm.cl\/wp-content\/uploads\/2025\/04\/01_woodenloop-1_optimized.jpg","_links":{"self":[{"href":"https:\/\/radiorevelacionfm.cl\/index.php?rest_route=\/wp\/v2\/posts\/52914","targetHints":{"allow":["GET"]}}],"collection":[{"href":"https:\/\/radiorevelacionfm.cl\/index.php?rest_route=\/wp\/v2\/posts"}],"about":[{"href":"https:\/\/radiorevelacionfm.cl\/index.php?rest_route=\/wp\/v2\/types\/post"}],"author":[{"embeddable":true,"href":"https:\/\/radiorevelacionfm.cl\/index.php?rest_route=\/wp\/v2\/users\/1"}],"replies":[{"embeddable":true,"href":"https:\/\/radiorevelacionfm.cl\/index.php?rest_route=%2Fwp%2Fv2%2Fcomments&post=52914"}],"version-history":[{"count":2,"href":"https:\/\/radiorevelacionfm.cl\/index.php?rest_route=\/wp\/v2\/posts\/52914\/revisions"}],"predecessor-version":[{"id":52917,"href":"https:\/\/radiorevelacionfm.cl\/index.php?rest_route=\/wp\/v2\/posts\/52914\/revisions\/52917"}],"wp:featuredmedia":[{"embeddable":true,"href":"https:\/\/radiorevelacionfm.cl\/index.php?rest_route=\/wp\/v2\/media\/52915"}],"wp:attachment":[{"href":"https:\/\/radiorevelacionfm.cl\/index.php?rest_route=%2Fwp%2Fv2%2Fmedia&parent=52914"}],"wp:term":[{"taxonomy":"category","embeddable":true,"href":"https:\/\/radiorevelacionfm.cl\/index.php?rest_route=%2Fwp%2Fv2%2Fcategories&post=52914"},{"taxonomy":"post_tag","embeddable":true,"href":"https:\/\/radiorevelacionfm.cl\/index.php?rest_route=%2Fwp%2Fv2%2Ftags&post=52914"}],"curies":[{"name":"wp","href":"https:\/\/api.w.org\/{rel}","templated":true}]}}