{"id":52910,"date":"2025-04-22T10:35:32","date_gmt":"2025-04-22T13:35:32","guid":{"rendered":"https:\/\/radiorevelacionfm.cl\/?p=52910"},"modified":"2025-04-22T10:35:32","modified_gmt":"2025-04-22T13:35:32","slug":"hospital-de-puerto-aysen-fortalece-su-capacidad-quirurgica-infantil","status":"publish","type":"post","link":"https:\/\/radiorevelacionfm.cl\/?p=52910","title":{"rendered":"Hospital de Puerto Ays\u00e9n fortalece su capacidad quir\u00fargica infantil"},"content":{"rendered":"<div class=\"flex_column av_one_full  flex_column_div av-zero-column-padding first  avia-builder-el-0  el_before_av_one_full  avia-builder-el-first  \" style='border-radius:0px; '><div  class='avia-image-container  av-styling-    avia-builder-el-1  avia-builder-el-no-sibling  avia-align-center '  itemprop=\"image\" itemscope=\"itemscope\" itemtype=\"https:\/\/schema.org\/ImageObject\"  ><div class='avia-image-container-inner'><div class='avia-image-overlay-wrap'><img decoding=\"async\" class='wp-image-52911 avia-img-lazy-loading-not-52911 avia_image' src=\"https:\/\/radiorevelacionfm.cl\/wp-content\/uploads\/2025\/04\/cirugia-pediatrica-05-1_optimized.jpg\" alt='' title='cirugia-pediatrica-05-(1)_optimized' height=\"600\" width=\"1068\"  itemprop=\"thumbnailUrl\" srcset=\"https:\/\/radiorevelacionfm.cl\/wp-content\/uploads\/2025\/04\/cirugia-pediatrica-05-1_optimized.jpg 1068w, https:\/\/radiorevelacionfm.cl\/wp-content\/uploads\/2025\/04\/cirugia-pediatrica-05-1_optimized-300x169.jpg 300w, https:\/\/radiorevelacionfm.cl\/wp-content\/uploads\/2025\/04\/cirugia-pediatrica-05-1_optimized-1030x579.jpg 1030w, https:\/\/radiorevelacionfm.cl\/wp-content\/uploads\/2025\/04\/cirugia-pediatrica-05-1_optimized-768x431.jpg 768w, https:\/\/radiorevelacionfm.cl\/wp-content\/uploads\/2025\/04\/cirugia-pediatrica-05-1_optimized-705x396.jpg 705w, https:\/\/radiorevelacionfm.cl\/wp-content\/uploads\/2025\/04\/cirugia-pediatrica-05-1_optimized-450x253.jpg 450w, https:\/\/radiorevelacionfm.cl\/wp-content\/uploads\/2025\/04\/cirugia-pediatrica-05-1_optimized-600x337.jpg 600w\" sizes=\"(max-width: 1068px) 100vw, 1068px\" \/><\/div><\/div><\/div><\/div><div class=\"flex_column av_one_full  flex_column_div av-zero-column-padding first  avia-builder-el-2  el_after_av_one_full  el_before_av_one_full  column-top-margin\" style='border-radius:0px; '><section class=\"av_textblock_section \"  itemscope=\"itemscope\" itemtype=\"https:\/\/schema.org\/BlogPosting\" itemprop=\"blogPost\" ><div class='avia_textblock  '   itemprop=\"text\" ><p style=\"text-align: center;\"><span style=\"font-size: 18pt;\"><strong>Hospital de Puerto Ays\u00e9n fortalece su capacidad quir\u00fargica infantil<\/strong><\/span><\/p>\n<div id=\"gtx-trans\" style=\"position: absolute; left: -50px; top: 4.31534px;\">\n<div class=\"gtx-trans-icon\"><\/div>\n<\/div>\n<\/div><\/section><\/div><div class=\"flex_column av_one_full  flex_column_div av-zero-column-padding first  avia-builder-el-4  el_after_av_one_full  el_before_av_hr  column-top-margin\" style='border-radius:0px; '><section class=\"av_textblock_section \"  itemscope=\"itemscope\" itemtype=\"https:\/\/schema.org\/BlogPosting\" itemprop=\"blogPost\" ><div class='avia_textblock  '   itemprop=\"text\" ><p style=\"text-align: justify;\"><em>Con la nueva medida no se requerir\u00e1 el desplazamiento de pacientes y familiares a Coyhaique, lo que tambi\u00e9n ayudar\u00e1 a disminuir las listas de espera.<\/em><\/p>\n<p style=\"text-align: justify;\">El Hospital de Puerto Ays\u00e9n ha logrado un importante avance en el \u00e1mbito de la cirug\u00eda infantil, marcando un hito en su capacidad de mediana complejidad. Este progreso ha permitido realizar procedimientos que antes requer\u00edan la derivaci\u00f3n a Coyhaique, beneficiando as\u00ed a las comunidades locales y reduciendo las listas de espera.<\/p>\n<p style=\"text-align: justify;\">Bajo la direcci\u00f3n del cirujano infantil Alejandro Aravena, se han llevado a cabo exitosamente cirug\u00edas como la colecistectom\u00eda laparosc\u00f3pica en pacientes pedi\u00e1tricos. Este tipo de intervenci\u00f3n, que anteriormente solo se realizaba en Coyhaique, ahora se efect\u00faa en el Hospital de Puerto Ays\u00e9n, gracias a la adecuada preparaci\u00f3n del equipo m\u00e9dico y las modernas instalaciones del hospital.<\/p>\n<p style=\"text-align: justify;\">El director del Hospital de Puerto Ays\u00e9n, Hern\u00e1n Barrientos, mencion\u00f3 que \u201cestamos dando pasos concretos para crecer en resolutividad, especialmente en el \u00e1mbito quir\u00fargico infantil. Este logro no solo evita traslados a Coyhaique, sino que reafirma nuestro compromiso con entregar atenci\u00f3n oportuna y de calidad en el propio territorio, trabajando de forma articulada con la red asistencial. Es un avance que beneficia directamente a nuestras familias y ni\u00f1os, y que nos impulsa a seguir fortaleciendo la salud p\u00fablica en Ays\u00e9n\u201d acot\u00f3 Barrientos.<\/p>\n<p style=\"text-align: justify;\">El Dr. Aravena destac\u00f3 el impacto positivo que estas intervenciones quir\u00fargicas tienen en la comunidad. \u00abCon las capacidades instaladas y el compromiso de nuestro equipo, hemos podido operar a ni\u00f1os y ni\u00f1as que antes no pod\u00edan ser atendidos aqu\u00ed, reduciendo as\u00ed la lista de espera y la incertidumbre para las familias\u00bb, se\u00f1al\u00f3 Aravena.<\/p>\n<p style=\"text-align: justify;\">Recientemente, se realizaron con \u00e9xito dos operaciones: una para un ni\u00f1o de Puerto Cisnes y otra para una ni\u00f1a de Puerto Ays\u00e9n. Estas intervenciones forman parte de un esfuerzo m\u00e1s amplio por acercar la atenci\u00f3n quir\u00fargica especializada a las comunidades aisladas, evitando as\u00ed la movilizaci\u00f3n de los ni\u00f1os, ni\u00f1as y sus familias, lo que conlleva costos econ\u00f3micos y desarraigo familiares. La mayor\u00eda de las cirug\u00edas realizadas en el Hospital de Puerto Ays\u00e9n son ambulatorias, permitiendo que los pacientes regresen a casa el mismo d\u00eda. Esta modalidad no solo mejora la experiencia del paciente, sino que tambi\u00e9n optimiza el uso de los recursos hospitalarios.<\/p>\n<p style=\"text-align: justify;\">Mirando hacia el futuro, se proyecta que en los pr\u00f3ximos a\u00f1os todos los menores de 18 a\u00f1os sean atendidos en el \u00e1rea pedi\u00e1trica de los hospitales seg\u00fan indicaci\u00f3n del Ministerio de Salud, lo que incrementar\u00e1 la demanda de servicios quir\u00fargicos en este rango etario. El Dr. Aravena subray\u00f3 la importancia de mantener y expandir la capacidad instalada para enfrentar este desaf\u00edo. \u00abOperar a un ni\u00f1o a tiempo es crucial. La intervenci\u00f3n temprana evita complicaciones en la vida adulta y mejora la calidad de atenci\u00f3n que podemos ofrecer\u00bb, concluy\u00f3.<\/p>\n<p style=\"text-align: justify;\">&#8212;<\/p>\n<\/div><\/section><\/div><div  style='height:50px' class='hr hr-invisible   avia-builder-el-6  el_after_av_one_full  el_before_av_social_share '><span class='hr-inner ' ><span class='hr-inner-style'><\/span><\/span><\/div><\/p>\n<div  class='av-social-sharing-box  avia-builder-el-7  el_after_av_hr  el_before_av_hr  '><div class='av-share-box'><h5 class='av-share-link-description av-no-toc '>Compartir esta noticia<\/h5><ul class='av-share-box-list noLightbox'><li class='av-share-link av-social-link-facebook' ><a target=\"_blank\" aria-label=\"Compartir en Facebook\" href='https:\/\/www.facebook.com\/sharer.php?u=https:\/\/radiorevelacionfm.cl\/?p=52910&#038;t=Hospital%20de%20Puerto%20Ays%C3%A9n%20fortalece%20su%20capacidad%20quir%C3%BArgica%20infantil' aria-hidden='false' data-av_icon='\ue8f3' data-av_iconfont='entypo-fontello' title='' data-avia-related-tooltip='Compartir en Facebook' rel=\"noopener\"><span class='avia_hidden_link_text'>Compartir en Facebook<\/span><\/a><\/li><li class='av-share-link av-social-link-twitter' ><a target=\"_blank\" aria-label=\"Compartir en Twitter\" href='https:\/\/twitter.com\/share?text=Hospital%20de%20Puerto%20Ays%C3%A9n%20fortalece%20su%20capacidad%20quir%C3%BArgica%20infantil&#038;url=https:\/\/radiorevelacionfm.cl\/?p=52910' aria-hidden='false' data-av_icon='\ue8f1' data-av_iconfont='entypo-fontello' title='' data-avia-related-tooltip='Compartir en Twitter' rel=\"noopener\"><span class='avia_hidden_link_text'>Compartir en Twitter<\/span><\/a><\/li><li class='av-share-link av-social-link-whatsapp' ><a target=\"_blank\" aria-label=\"Compartir en Whatsapp\" href='https:\/\/api.whatsapp.com\/send?text=https:\/\/radiorevelacionfm.cl\/?p=52910' aria-hidden='false' data-av_icon='\uf232' data-av_iconfont='entypo-fontello' title='' data-avia-related-tooltip='Compartir en Whatsapp' rel=\"noopener\"><span class='avia_hidden_link_text'>Compartir en Whatsapp<\/span><\/a><\/li><li class='av-share-link av-social-link-linkedin' ><a target=\"_blank\" aria-label=\"Compartir en LinkedIn\" href='https:\/\/linkedin.com\/shareArticle?mini=true&#038;title=Hospital%20de%20Puerto%20Ays%C3%A9n%20fortalece%20su%20capacidad%20quir%C3%BArgica%20infantil&#038;url=https:\/\/radiorevelacionfm.cl\/?p=52910' aria-hidden='false' data-av_icon='\ue8fc' data-av_iconfont='entypo-fontello' title='' data-avia-related-tooltip='Compartir en LinkedIn' rel=\"noopener\"><span class='avia_hidden_link_text'>Compartir en LinkedIn<\/span><\/a><\/li><li class='av-share-link av-social-link-mail' ><a  aria-label=\"Compartir por correo\" href='mailto:?subject=Hospital%20de%20Puerto%20Ays%C3%A9n%20fortalece%20su%20capacidad%20quir%C3%BArgica%20infantil&#038;body=https:\/\/radiorevelacionfm.cl\/?p=52910' aria-hidden='false' data-av_icon='\ue805' data-av_iconfont='entypo-fontello' title='' data-avia-related-tooltip='Compartir por correo'><span class='avia_hidden_link_text'>Compartir por correo<\/span><\/a><\/li><\/ul><\/div><\/div>\n<div  style='height:50px' class='hr hr-invisible   avia-builder-el-8  el_after_av_social_share  el_before_av_comments_list '><span class='hr-inner ' ><span class='hr-inner-style'><\/span><\/span><\/div>\n<div  class='av-buildercomment  av-blog-meta-html-info-disabled av-blog-meta-tag-disabled  '><\/div>\n","protected":false},"excerpt":{"rendered":"","protected":false},"author":1,"featured_media":52911,"comment_status":"closed","ping_status":"closed","sticky":false,"template":"","format":"standard","meta":{"footnotes":""},"categories":[46],"tags":[],"class_list":["post-52910","post","type-post","status-publish","format-standard","has-post-thumbnail","hentry","category-salud"],"jetpack_featured_media_url":"https:\/\/radiorevelacionfm.cl\/wp-content\/uploads\/2025\/04\/cirugia-pediatrica-05-1_optimized.jpg","_links":{"self":[{"href":"https:\/\/radiorevelacionfm.cl\/index.php?rest_route=\/wp\/v2\/posts\/52910","targetHints":{"allow":["GET"]}}],"collection":[{"href":"https:\/\/radiorevelacionfm.cl\/index.php?rest_route=\/wp\/v2\/posts"}],"about":[{"href":"https:\/\/radiorevelacionfm.cl\/index.php?rest_route=\/wp\/v2\/types\/post"}],"author":[{"embeddable":true,"href":"https:\/\/radiorevelacionfm.cl\/index.php?rest_route=\/wp\/v2\/users\/1"}],"replies":[{"embeddable":true,"href":"https:\/\/radiorevelacionfm.cl\/index.php?rest_route=%2Fwp%2Fv2%2Fcomments&post=52910"}],"version-history":[{"count":2,"href":"https:\/\/radiorevelacionfm.cl\/index.php?rest_route=\/wp\/v2\/posts\/52910\/revisions"}],"predecessor-version":[{"id":52913,"href":"https:\/\/radiorevelacionfm.cl\/index.php?rest_route=\/wp\/v2\/posts\/52910\/revisions\/52913"}],"wp:featuredmedia":[{"embeddable":true,"href":"https:\/\/radiorevelacionfm.cl\/index.php?rest_route=\/wp\/v2\/media\/52911"}],"wp:attachment":[{"href":"https:\/\/radiorevelacionfm.cl\/index.php?rest_route=%2Fwp%2Fv2%2Fmedia&parent=52910"}],"wp:term":[{"taxonomy":"category","embeddable":true,"href":"https:\/\/radiorevelacionfm.cl\/index.php?rest_route=%2Fwp%2Fv2%2Fcategories&post=52910"},{"taxonomy":"post_tag","embeddable":true,"href":"https:\/\/radiorevelacionfm.cl\/index.php?rest_route=%2Fwp%2Fv2%2Ftags&post=52910"}],"curies":[{"name":"wp","href":"https:\/\/api.w.org\/{rel}","templated":true}]}}