{"id":5291,"date":"2021-06-15T19:44:48","date_gmt":"2021-06-15T22:44:48","guid":{"rendered":"https:\/\/radiorevelacionfm.cl\/?p=5291"},"modified":"2021-06-15T19:44:48","modified_gmt":"2021-06-15T22:44:48","slug":"confirman-traspaso-de-terrenos-para-construccion-de-nuevo-edificio-de-la-escuela-espana","status":"publish","type":"post","link":"https:\/\/radiorevelacionfm.cl\/?p=5291","title":{"rendered":"Confirman traspaso de terrenos para construcci\u00f3n de nuevo edificio de la Escuela Espa\u00f1a"},"content":{"rendered":"<div class=\"flex_column av_one_full  flex_column_div av-zero-column-padding first  avia-builder-el-0  el_before_av_one_full  avia-builder-el-first  \" style='border-radius:0px; '><div  class='avia-image-container  av-styling-    avia-builder-el-1  avia-builder-el-no-sibling  avia-align-center '  itemprop=\"image\" itemscope=\"itemscope\" itemtype=\"https:\/\/schema.org\/ImageObject\"  ><div class='avia-image-container-inner'><div class='avia-image-overlay-wrap'><img decoding=\"async\" class='wp-image-5292 avia-img-lazy-loading-not-5292 avia_image' src=\"https:\/\/radiorevelacionfm.cl\/wp-content\/uploads\/2021\/06\/ESCUELA-ESPANA-ARCHIVO-1.jpg\" alt='' title='ESCUELA ESPA\u00d1A ARCHIVO (1)' height=\"608\" width=\"1080\"  itemprop=\"thumbnailUrl\" srcset=\"https:\/\/radiorevelacionfm.cl\/wp-content\/uploads\/2021\/06\/ESCUELA-ESPANA-ARCHIVO-1.jpg 1080w, https:\/\/radiorevelacionfm.cl\/wp-content\/uploads\/2021\/06\/ESCUELA-ESPANA-ARCHIVO-1-300x169.jpg 300w, https:\/\/radiorevelacionfm.cl\/wp-content\/uploads\/2021\/06\/ESCUELA-ESPANA-ARCHIVO-1-1030x580.jpg 1030w, https:\/\/radiorevelacionfm.cl\/wp-content\/uploads\/2021\/06\/ESCUELA-ESPANA-ARCHIVO-1-768x432.jpg 768w, https:\/\/radiorevelacionfm.cl\/wp-content\/uploads\/2021\/06\/ESCUELA-ESPANA-ARCHIVO-1-705x397.jpg 705w, https:\/\/radiorevelacionfm.cl\/wp-content\/uploads\/2021\/06\/ESCUELA-ESPANA-ARCHIVO-1-600x338.jpg 600w\" sizes=\"(max-width: 1080px) 100vw, 1080px\" \/><\/div><\/div><\/div><\/div><div class=\"flex_column av_one_full  flex_column_div av-zero-column-padding first  avia-builder-el-2  el_after_av_one_full  el_before_av_one_full  column-top-margin\" style='border-radius:0px; '><section class=\"av_textblock_section \"  itemscope=\"itemscope\" itemtype=\"https:\/\/schema.org\/BlogPosting\" itemprop=\"blogPost\" ><div class='avia_textblock  '   itemprop=\"text\" ><p style=\"text-align: center;\"><strong><span style=\"font-size: 18pt;\">Confirman traspaso de terrenos para construcci\u00f3n de nuevo edificio de la Escuela Espa\u00f1a<\/span><\/strong><\/p>\n<div id=\"gtx-trans\" style=\"position: absolute; left: -50px; top: 4.31534px;\">\n<div class=\"gtx-trans-icon\"><\/div>\n<\/div>\n<\/div><\/section><\/div><div class=\"flex_column av_one_full  flex_column_div av-zero-column-padding first  avia-builder-el-4  el_after_av_one_full  el_before_av_hr  column-top-margin\" style='border-radius:0px; '><section class=\"av_textblock_section \"  itemscope=\"itemscope\" itemtype=\"https:\/\/schema.org\/BlogPosting\" itemprop=\"blogPost\" ><div class='avia_textblock  '   itemprop=\"text\" ><p style=\"font-weight: 400; text-align: justify;\">Como una gran noticia y un gran avance calificaron el diputado Miguel \u00c1ngel Calisto y el presidente del centro de padres y apoderados, Santos M\u00e1rquez, la confirmaci\u00f3n de los terrenos para la construcci\u00f3n del nuevo edificio que albergar\u00e1 a la Escuela Diferencial Espa\u00f1a, informaci\u00f3n que fue ratificada por el propio Ministro de Bienes Nacionales, Julio Isamit, en reuni\u00f3n que sostuvo con parlamentarios y los apoderados.<\/p>\n<p style=\"font-weight: 400; text-align: justify;\">Seg\u00fan el legislador, \u201cestamos muy contentos con esta noticia, porque el Ministro nos confirm\u00f3 que firm\u00f3 el decreto que permite el traspaso de terrenos, esto es algo que junto a los padres y apoderados est\u00e1bamos buscando hace mucho tiempo. Se trata de un proyecto emblem\u00e1tico a nivel educativo en nuestra regi\u00f3n, y que hab\u00eda estado entrampado hace a\u00f1os producto de la burocracia en el municipio y en el propio ministerio\u201d.<\/p>\n<p style=\"font-weight: 400; text-align: justify;\">\u201cEste es un proyecto muy importante, con una inversi\u00f3n de m\u00e1s de 10 mil millones de pesos, muy esperado por los apoderados de esta Escuela, que cumple una labor fundamental para los ni\u00f1os y j\u00f3venes que tienen necesidades educativas especiales\u201d, indic\u00f3 el legislador.<\/p>\n<p style=\"font-weight: 400; text-align: justify;\">Calisto agreg\u00f3 que \u201csin duda es un gran avance, porque ahora hay que ejecutar este proyecto, licitar y construir, lo que va a demorar algunos a\u00f1os m\u00e1s. Se trata de una edificaci\u00f3n de 5600 metros cuadrados que albergar\u00e1 a los 115 alumnos que tiene esta Escuela, cuya actual infraestructura ya no estaba dando abasto para entregar una buena atenci\u00f3n a los alumnos\u201d.<\/p>\n<p style=\"font-weight: 400; text-align: justify;\">Por su parte, Santos M\u00e1rquez, presidente del centro de padres de la Escuela Espa\u00f1a, asegur\u00f3 que \u201choy (martes) tuvimos una reuni\u00f3n por zoom con el Ministro de Bienes Nacionales, quien nos confirm\u00f3 que se hab\u00eda firmado el decreto donde se entregaban los terrenos al municipio. Nos sentimos muy contentos, muy satisfechos con las gestiones que se han estado haciendo. Agradecemos tambi\u00e9n p\u00fablicamente el compromiso del Ministro de Bienes Nacionales, quien desde que asumi\u00f3 se comprometi\u00f3 a agilizar este tema\u201d.<\/p>\n<p style=\"font-weight: 400; text-align: justify;\">\u201cAhora el Ministro debe enviar los documentos a la Regi\u00f3n y de ah\u00ed vienen los tr\u00e1mites jur\u00eddicos para concretar este traspaso del terreno al municipio. De ah\u00ed el municipio debe entregar observaciones al Ministerio de Desarrollo Social, lo que nos permitir\u00e1 obtener el RS que tanto anhelamos para seguir nuestro proyecto\u201d, se\u00f1al\u00f3 el dirigente.<\/p>\n<p style=\"text-align: justify;\"><span style=\"font-weight: 400;\">Finalmente, Santos M\u00e1rquez se\u00f1al\u00f3 que \u201cse trata de un proyecto distinto, especial, con acceso universal para discapacitados, con gimnasio, piscina terap\u00e9utica, una planta de dos pisos, con un internado que tiene muchas comodidades para los alumnos. Es un proyecto especial para nuestra escuela que tambi\u00e9n es especial\u201d. \u00a0<\/span><\/p>\n<\/div><\/section><\/div><div  style='height:50px' class='hr hr-invisible   avia-builder-el-6  el_after_av_one_full  el_before_av_social_share '><span class='hr-inner ' ><span class='hr-inner-style'><\/span><\/span><\/div><\/p>\n<div  class='av-social-sharing-box  avia-builder-el-7  el_after_av_hr  el_before_av_hr  '><div class='av-share-box'><h5 class='av-share-link-description av-no-toc '>Compartir esta noticia<\/h5><ul class='av-share-box-list noLightbox'><li class='av-share-link av-social-link-facebook' ><a target=\"_blank\" aria-label=\"Compartir en Facebook\" href='https:\/\/www.facebook.com\/sharer.php?u=https:\/\/radiorevelacionfm.cl\/?p=5291&#038;t=Confirman%20traspaso%20de%20terrenos%20para%20construcci%C3%B3n%20de%20nuevo%20edificio%20de%20la%20Escuela%20Espa%C3%B1a' aria-hidden='false' data-av_icon='\ue8f3' data-av_iconfont='entypo-fontello' title='' data-avia-related-tooltip='Compartir en Facebook' rel=\"noopener\"><span class='avia_hidden_link_text'>Compartir en Facebook<\/span><\/a><\/li><li class='av-share-link av-social-link-twitter' ><a target=\"_blank\" aria-label=\"Compartir en Twitter\" href='https:\/\/twitter.com\/share?text=Confirman%20traspaso%20de%20terrenos%20para%20construcci%C3%B3n%20de%20nuevo%20edificio%20de%20la%20Escuela%20Espa%C3%B1a&#038;url=https:\/\/radiorevelacionfm.cl\/?p=5291' aria-hidden='false' data-av_icon='\ue8f1' data-av_iconfont='entypo-fontello' title='' data-avia-related-tooltip='Compartir en Twitter' rel=\"noopener\"><span class='avia_hidden_link_text'>Compartir en Twitter<\/span><\/a><\/li><li class='av-share-link av-social-link-whatsapp' ><a target=\"_blank\" aria-label=\"Compartir en Whatsapp\" href='https:\/\/api.whatsapp.com\/send?text=https:\/\/radiorevelacionfm.cl\/?p=5291' aria-hidden='false' data-av_icon='\uf232' data-av_iconfont='entypo-fontello' title='' data-avia-related-tooltip='Compartir en Whatsapp' rel=\"noopener\"><span class='avia_hidden_link_text'>Compartir en Whatsapp<\/span><\/a><\/li><li class='av-share-link av-social-link-linkedin' ><a target=\"_blank\" aria-label=\"Compartir en LinkedIn\" href='https:\/\/linkedin.com\/shareArticle?mini=true&#038;title=Confirman%20traspaso%20de%20terrenos%20para%20construcci%C3%B3n%20de%20nuevo%20edificio%20de%20la%20Escuela%20Espa%C3%B1a&#038;url=https:\/\/radiorevelacionfm.cl\/?p=5291' aria-hidden='false' data-av_icon='\ue8fc' data-av_iconfont='entypo-fontello' title='' data-avia-related-tooltip='Compartir en LinkedIn' rel=\"noopener\"><span class='avia_hidden_link_text'>Compartir en LinkedIn<\/span><\/a><\/li><li class='av-share-link av-social-link-mail' ><a  aria-label=\"Compartir por correo\" href='mailto:?subject=Confirman%20traspaso%20de%20terrenos%20para%20construcci%C3%B3n%20de%20nuevo%20edificio%20de%20la%20Escuela%20Espa%C3%B1a&#038;body=https:\/\/radiorevelacionfm.cl\/?p=5291' aria-hidden='false' data-av_icon='\ue805' data-av_iconfont='entypo-fontello' title='' data-avia-related-tooltip='Compartir por correo'><span class='avia_hidden_link_text'>Compartir por correo<\/span><\/a><\/li><\/ul><\/div><\/div>\n<div  style='height:50px' class='hr hr-invisible   avia-builder-el-8  el_after_av_social_share  el_before_av_comments_list '><span class='hr-inner ' ><span class='hr-inner-style'><\/span><\/span><\/div>\n<div  class='av-buildercomment  av-blog-meta-html-info-disabled av-blog-meta-tag-disabled  '><\/div>\n","protected":false},"excerpt":{"rendered":"","protected":false},"author":1,"featured_media":5292,"comment_status":"open","ping_status":"open","sticky":false,"template":"","format":"standard","meta":{"footnotes":""},"categories":[35],"tags":[],"class_list":["post-5291","post","type-post","status-publish","format-standard","has-post-thumbnail","hentry","category-politica"],"jetpack_featured_media_url":"https:\/\/radiorevelacionfm.cl\/wp-content\/uploads\/2021\/06\/ESCUELA-ESPANA-ARCHIVO-1.jpg","_links":{"self":[{"href":"https:\/\/radiorevelacionfm.cl\/index.php?rest_route=\/wp\/v2\/posts\/5291","targetHints":{"allow":["GET"]}}],"collection":[{"href":"https:\/\/radiorevelacionfm.cl\/index.php?rest_route=\/wp\/v2\/posts"}],"about":[{"href":"https:\/\/radiorevelacionfm.cl\/index.php?rest_route=\/wp\/v2\/types\/post"}],"author":[{"embeddable":true,"href":"https:\/\/radiorevelacionfm.cl\/index.php?rest_route=\/wp\/v2\/users\/1"}],"replies":[{"embeddable":true,"href":"https:\/\/radiorevelacionfm.cl\/index.php?rest_route=%2Fwp%2Fv2%2Fcomments&post=5291"}],"version-history":[{"count":1,"href":"https:\/\/radiorevelacionfm.cl\/index.php?rest_route=\/wp\/v2\/posts\/5291\/revisions"}],"predecessor-version":[{"id":5293,"href":"https:\/\/radiorevelacionfm.cl\/index.php?rest_route=\/wp\/v2\/posts\/5291\/revisions\/5293"}],"wp:featuredmedia":[{"embeddable":true,"href":"https:\/\/radiorevelacionfm.cl\/index.php?rest_route=\/wp\/v2\/media\/5292"}],"wp:attachment":[{"href":"https:\/\/radiorevelacionfm.cl\/index.php?rest_route=%2Fwp%2Fv2%2Fmedia&parent=5291"}],"wp:term":[{"taxonomy":"category","embeddable":true,"href":"https:\/\/radiorevelacionfm.cl\/index.php?rest_route=%2Fwp%2Fv2%2Fcategories&post=5291"},{"taxonomy":"post_tag","embeddable":true,"href":"https:\/\/radiorevelacionfm.cl\/index.php?rest_route=%2Fwp%2Fv2%2Ftags&post=5291"}],"curies":[{"name":"wp","href":"https:\/\/api.w.org\/{rel}","templated":true}]}}