{"id":52902,"date":"2025-04-21T20:12:38","date_gmt":"2025-04-21T23:12:38","guid":{"rendered":"https:\/\/radiorevelacionfm.cl\/?p=52902"},"modified":"2025-04-21T20:12:38","modified_gmt":"2025-04-21T23:12:38","slug":"biblioteca-de-puerto-aysen-celebra-la-semana-del-libro-con-actividades-para-incentivar-la-lectura","status":"publish","type":"post","link":"https:\/\/radiorevelacionfm.cl\/?p=52902","title":{"rendered":"Biblioteca de Puerto Ays\u00e9n celebra la semana del libro con actividades para incentivar la lectura"},"content":{"rendered":"<div class=\"flex_column av_one_full  flex_column_div av-zero-column-padding first  avia-builder-el-0  el_before_av_one_full  avia-builder-el-first  \" style='border-radius:0px; '><div  class='avia-image-container  av-styling-    avia-builder-el-1  avia-builder-el-no-sibling  avia-align-center '  itemprop=\"image\" itemscope=\"itemscope\" itemtype=\"https:\/\/schema.org\/ImageObject\"  ><div class='avia-image-container-inner'><div class='avia-image-overlay-wrap'><img decoding=\"async\" class='wp-image-52903 avia-img-lazy-loading-not-52903 avia_image' src=\"https:\/\/radiorevelacionfm.cl\/wp-content\/uploads\/2025\/04\/Carta-a-mi-mascota-1-1.jpeg\" alt='' title='Carta a mi mascota (1) (1)' height=\"600\" width=\"800\"  itemprop=\"thumbnailUrl\" srcset=\"https:\/\/radiorevelacionfm.cl\/wp-content\/uploads\/2025\/04\/Carta-a-mi-mascota-1-1.jpeg 800w, https:\/\/radiorevelacionfm.cl\/wp-content\/uploads\/2025\/04\/Carta-a-mi-mascota-1-1-300x225.jpeg 300w, https:\/\/radiorevelacionfm.cl\/wp-content\/uploads\/2025\/04\/Carta-a-mi-mascota-1-1-768x576.jpeg 768w, https:\/\/radiorevelacionfm.cl\/wp-content\/uploads\/2025\/04\/Carta-a-mi-mascota-1-1-705x529.jpeg 705w, https:\/\/radiorevelacionfm.cl\/wp-content\/uploads\/2025\/04\/Carta-a-mi-mascota-1-1-450x338.jpeg 450w, https:\/\/radiorevelacionfm.cl\/wp-content\/uploads\/2025\/04\/Carta-a-mi-mascota-1-1-600x450.jpeg 600w\" sizes=\"(max-width: 800px) 100vw, 800px\" \/><\/div><\/div><\/div><\/div><div class=\"flex_column av_one_full  flex_column_div av-zero-column-padding first  avia-builder-el-2  el_after_av_one_full  el_before_av_one_full  column-top-margin\" style='border-radius:0px; '><section class=\"av_textblock_section \"  itemscope=\"itemscope\" itemtype=\"https:\/\/schema.org\/BlogPosting\" itemprop=\"blogPost\" ><div class='avia_textblock  '   itemprop=\"text\" ><p style=\"text-align: center;\"><strong><span style=\"font-size: 18pt;\">Biblioteca de Puerto Ays\u00e9n celebra la semana del libro con actividades para incentivar la lectura<\/span><\/strong><\/p>\n<div id=\"gtx-trans\" style=\"position: absolute; left: -50px; top: 4.31534px;\">\n<div class=\"gtx-trans-icon\"><\/div>\n<\/div>\n<\/div><\/section><\/div><div class=\"flex_column av_one_full  flex_column_div av-zero-column-padding first  avia-builder-el-4  el_after_av_one_full  el_before_av_hr  column-top-margin\" style='border-radius:0px; '><section class=\"av_textblock_section \"  itemscope=\"itemscope\" itemtype=\"https:\/\/schema.org\/BlogPosting\" itemprop=\"blogPost\" ><div class='avia_textblock  '   itemprop=\"text\" ><p style=\"text-align: justify;\"><em>Durante cinco d\u00edas el recinto municipal pretende ser un foco de cultura para todas las edades. Presentaci\u00f3n de libro, jornadas de lectura, una ruta guiada y escritura creativa; son algunos de los eventos preparados para esta celebraci\u00f3n. <\/em><\/p>\n<p style=\"text-align: justify;\">El pr\u00f3ximo 23 de abril se conmemora internacionalmente el \u201cD\u00eda del Libro y el Derecho de Autor\u201d, una fecha para el fomento de la lectura y la protecci\u00f3n de la propiedad intelectual. Es por ello, y como cada a\u00f1o, la Biblioteca Municipal de Ays\u00e9n planific\u00f3 variadas actividades para atraer a la poblaci\u00f3n a este espacio p\u00fablico<\/p>\n<p style=\"text-align: justify;\">La encargada de la Unidad de Cultura, a cargo de este recinto coment\u00f3 que \u201cpara esta ocasi\u00f3n, el equipo de Biblioteca P\u00fablica ha preparado una parrilla de actividades para compartir con la comunidad esta celebraci\u00f3n, as\u00ed que invitamos a todos a acercarse y apropiarse de este espacio que es un lugar comunitario donde, si bien pueden ir a leer, tambi\u00e9n puede ser un lugar de encuentro y participaci\u00f3n social. Esperamos que las actividades sean del gusto del todos y que participen no solamente de estas actividades, sino que tambi\u00e9n se puedan adherir a las iniciativas que desarrolla Biblioteca Municipal a lo largo del a\u00f1o\u201d.<\/p>\n<p style=\"text-align: justify;\">Este lunes se inaugur\u00f3 esta conmemoraci\u00f3n con la presentaci\u00f3n del libro \u201cEl gato Orejas y yo &#8211; \u00c1ngeles de la calle\u201d, el cual es el segundo libro del autor Sergio Piraino Contreras, vecino de Puerto Ays\u00e9n que lanz\u00f3 hace poco esta obra, por lo que fue invitado para mostrar mostrarles a j\u00f3venes estudiantes ayseninos este escrito que trata sobre tenencia responsable a trav\u00e9s de un texto de car\u00e1cter fant\u00e1stico.<\/p>\n<p style=\"text-align: justify;\">El martes 22 de abril a las 10:00 horas, se realizar\u00e1 el evento \u201cAventuras a ciegas\u201d, por parte de los integrantes de \u201cVisi\u00f3n de Futuro\u201d, agrupaci\u00f3n de personas con poca o nula capacidad visual, los cuales van a hacer una representaci\u00f3n teatralizada sobre la ceguera. Esto con la colaboraci\u00f3n de la Oficina de la Discapacidad y ayudados por los miembros de \u201cCasa Alerce\u201d.<\/p>\n<p style=\"text-align: justify;\">A las 16:00 horas del martes tambi\u00e9n se estar\u00e1n efectuando una muestra con operadores tur\u00edsticos locales y un \u201cTrueque Literario\u201d, este \u00faltimo a realizar por el Club de lectura de la Biblioteca de Ays\u00e9n.<\/p>\n<p style=\"text-align: justify;\">Continuando con la parrilla program\u00e1tica, el mi\u00e9rcoles se estar\u00e1 realizando la tercera versi\u00f3n de la jornada \u201cMujeres leyendo a mujeres\u201d por parte del Centro de la Mujer Naa Alver\u00e9, un momento de reflexi\u00f3n y de compartir pensamientos en un espacio seguro a trav\u00e9s de la poes\u00eda, historias, canciones o cualquier otro recurso literario. Adem\u00e1s, se estar\u00e1 realizando en ese momento una Feria del libro para todo el p\u00fablico con varias librer\u00edas locales.<\/p>\n<p style=\"text-align: justify;\">Durante todo el d\u00eda jueves, en el primer piso de la biblioteca, habr\u00e1 una exposici\u00f3n llamada \u201cMujeres que marcaron la historia\u201d, una ruta guiada que repasa la vida y obra de diez escritoras chilenas, como lo pueden ser Elena Caffarena o Mar\u00eda Luisa Bombal; una actividad colaborativa con el INDH regional de Ays\u00e9n, abierta para todo el p\u00fablico visitante.<\/p>\n<p style=\"text-align: justify;\">Por \u00faltimo, el viernes cierra esta semana de celebraci\u00f3n, con la premiaci\u00f3n de los mejores lectores del a\u00f1o a las 11:00 horas. Mientras que, en la tarde todo finaliza con el reconocido evento \u201cCarta a mi mascota\u201d, una instancia para el incentivo de la escritura creativa de los ni\u00f1os; ya que durante toda la semana se estar\u00e1n recepcionando en la biblioteca las misivas que los j\u00f3venes escribir\u00e1n para sus animales de compa\u00f1\u00eda, para que el viernes desde las 14:30 horas, sean le\u00eddas por ellos delante de sus mascotas, ya que la idea es que los lleven al recinto con sus respectivos elementos para una contenci\u00f3n adecuada.<\/p>\n<p style=\"text-align: justify;\">En definitiva, esta semana est\u00e1 preparada para el disfrute de este espacio p\u00fablico para todas las edades y la biblioteca espera poder contar con el apoyo de todos los vecinos y visitantes de Puerto Ays\u00e9n.<\/p>\n<\/div><\/section><\/div><div  style='height:50px' class='hr hr-invisible   avia-builder-el-6  el_after_av_one_full  el_before_av_social_share '><span class='hr-inner ' ><span class='hr-inner-style'><\/span><\/span><\/div><\/p>\n<div  class='av-social-sharing-box  avia-builder-el-7  el_after_av_hr  el_before_av_hr  '><div class='av-share-box'><h5 class='av-share-link-description av-no-toc '>Compartir esta noticia<\/h5><ul class='av-share-box-list noLightbox'><li class='av-share-link av-social-link-facebook' ><a target=\"_blank\" aria-label=\"Compartir en Facebook\" href='https:\/\/www.facebook.com\/sharer.php?u=https:\/\/radiorevelacionfm.cl\/?p=52902&#038;t=Biblioteca%20de%20Puerto%20Ays%C3%A9n%20celebra%20la%20semana%20del%20libro%20con%20actividades%20para%20incentivar%20la%20lectura' aria-hidden='false' data-av_icon='\ue8f3' data-av_iconfont='entypo-fontello' title='' data-avia-related-tooltip='Compartir en Facebook' rel=\"noopener\"><span class='avia_hidden_link_text'>Compartir en Facebook<\/span><\/a><\/li><li class='av-share-link av-social-link-twitter' ><a target=\"_blank\" aria-label=\"Compartir en Twitter\" href='https:\/\/twitter.com\/share?text=Biblioteca%20de%20Puerto%20Ays%C3%A9n%20celebra%20la%20semana%20del%20libro%20con%20actividades%20para%20incentivar%20la%20lectura&#038;url=https:\/\/radiorevelacionfm.cl\/?p=52902' aria-hidden='false' data-av_icon='\ue8f1' data-av_iconfont='entypo-fontello' title='' data-avia-related-tooltip='Compartir en Twitter' rel=\"noopener\"><span class='avia_hidden_link_text'>Compartir en Twitter<\/span><\/a><\/li><li class='av-share-link av-social-link-whatsapp' ><a target=\"_blank\" aria-label=\"Compartir en Whatsapp\" href='https:\/\/api.whatsapp.com\/send?text=https:\/\/radiorevelacionfm.cl\/?p=52902' aria-hidden='false' data-av_icon='\uf232' data-av_iconfont='entypo-fontello' title='' data-avia-related-tooltip='Compartir en Whatsapp' rel=\"noopener\"><span class='avia_hidden_link_text'>Compartir en Whatsapp<\/span><\/a><\/li><li class='av-share-link av-social-link-linkedin' ><a target=\"_blank\" aria-label=\"Compartir en LinkedIn\" href='https:\/\/linkedin.com\/shareArticle?mini=true&#038;title=Biblioteca%20de%20Puerto%20Ays%C3%A9n%20celebra%20la%20semana%20del%20libro%20con%20actividades%20para%20incentivar%20la%20lectura&#038;url=https:\/\/radiorevelacionfm.cl\/?p=52902' aria-hidden='false' data-av_icon='\ue8fc' data-av_iconfont='entypo-fontello' title='' data-avia-related-tooltip='Compartir en LinkedIn' rel=\"noopener\"><span class='avia_hidden_link_text'>Compartir en LinkedIn<\/span><\/a><\/li><li class='av-share-link av-social-link-mail' ><a  aria-label=\"Compartir por correo\" href='mailto:?subject=Biblioteca%20de%20Puerto%20Ays%C3%A9n%20celebra%20la%20semana%20del%20libro%20con%20actividades%20para%20incentivar%20la%20lectura&#038;body=https:\/\/radiorevelacionfm.cl\/?p=52902' aria-hidden='false' data-av_icon='\ue805' data-av_iconfont='entypo-fontello' title='' data-avia-related-tooltip='Compartir por correo'><span class='avia_hidden_link_text'>Compartir por correo<\/span><\/a><\/li><\/ul><\/div><\/div>\n<div  style='height:50px' class='hr hr-invisible   avia-builder-el-8  el_after_av_social_share  el_before_av_comments_list '><span class='hr-inner ' ><span class='hr-inner-style'><\/span><\/span><\/div>\n<div  class='av-buildercomment  av-blog-meta-html-info-disabled av-blog-meta-tag-disabled  '><\/div>\n","protected":false},"excerpt":{"rendered":"","protected":false},"author":1,"featured_media":52903,"comment_status":"closed","ping_status":"closed","sticky":false,"template":"","format":"standard","meta":{"footnotes":""},"categories":[38],"tags":[],"class_list":["post-52902","post","type-post","status-publish","format-standard","has-post-thumbnail","hentry","category-regional"],"jetpack_featured_media_url":"https:\/\/radiorevelacionfm.cl\/wp-content\/uploads\/2025\/04\/Carta-a-mi-mascota-1-1.jpeg","_links":{"self":[{"href":"https:\/\/radiorevelacionfm.cl\/index.php?rest_route=\/wp\/v2\/posts\/52902","targetHints":{"allow":["GET"]}}],"collection":[{"href":"https:\/\/radiorevelacionfm.cl\/index.php?rest_route=\/wp\/v2\/posts"}],"about":[{"href":"https:\/\/radiorevelacionfm.cl\/index.php?rest_route=\/wp\/v2\/types\/post"}],"author":[{"embeddable":true,"href":"https:\/\/radiorevelacionfm.cl\/index.php?rest_route=\/wp\/v2\/users\/1"}],"replies":[{"embeddable":true,"href":"https:\/\/radiorevelacionfm.cl\/index.php?rest_route=%2Fwp%2Fv2%2Fcomments&post=52902"}],"version-history":[{"count":2,"href":"https:\/\/radiorevelacionfm.cl\/index.php?rest_route=\/wp\/v2\/posts\/52902\/revisions"}],"predecessor-version":[{"id":52905,"href":"https:\/\/radiorevelacionfm.cl\/index.php?rest_route=\/wp\/v2\/posts\/52902\/revisions\/52905"}],"wp:featuredmedia":[{"embeddable":true,"href":"https:\/\/radiorevelacionfm.cl\/index.php?rest_route=\/wp\/v2\/media\/52903"}],"wp:attachment":[{"href":"https:\/\/radiorevelacionfm.cl\/index.php?rest_route=%2Fwp%2Fv2%2Fmedia&parent=52902"}],"wp:term":[{"taxonomy":"category","embeddable":true,"href":"https:\/\/radiorevelacionfm.cl\/index.php?rest_route=%2Fwp%2Fv2%2Fcategories&post=52902"},{"taxonomy":"post_tag","embeddable":true,"href":"https:\/\/radiorevelacionfm.cl\/index.php?rest_route=%2Fwp%2Fv2%2Ftags&post=52902"}],"curies":[{"name":"wp","href":"https:\/\/api.w.org\/{rel}","templated":true}]}}