{"id":52899,"date":"2025-04-22T09:59:58","date_gmt":"2025-04-22T12:59:58","guid":{"rendered":"https:\/\/radiorevelacionfm.cl\/?p=52899"},"modified":"2025-04-22T09:59:58","modified_gmt":"2025-04-22T12:59:58","slug":"en-coyhaique-se-realizara-la-primera-feria-de-energia-comunitaria-enfocado-en-energias-limpias-e-innovacion","status":"publish","type":"post","link":"https:\/\/radiorevelacionfm.cl\/?p=52899","title":{"rendered":"En Coyhaique se realizar\u00e1 la primera Feria de Energ\u00eda Comunitaria enfocado en energ\u00edas limpias e innovaci\u00f3n"},"content":{"rendered":"<div class=\"flex_column av_one_full  flex_column_div av-zero-column-padding first  avia-builder-el-0  el_before_av_one_full  avia-builder-el-first  \" style='border-radius:0px; '><div  class='avia-image-container  av-styling-    avia-builder-el-1  avia-builder-el-no-sibling  avia-align-center '  itemprop=\"image\" itemscope=\"itemscope\" itemtype=\"https:\/\/schema.org\/ImageObject\"  ><div class='avia-image-container-inner'><div class='avia-image-overlay-wrap'><img decoding=\"async\" class='wp-image-52900 avia-img-lazy-loading-not-52900 avia_image' src=\"https:\/\/radiorevelacionfm.cl\/wp-content\/uploads\/2025\/04\/foto-1-75-1_optimized.jpeg\" alt='' title='foto-1-(75)-(1)_optimized' height=\"600\" width=\"1069\"  itemprop=\"thumbnailUrl\" srcset=\"https:\/\/radiorevelacionfm.cl\/wp-content\/uploads\/2025\/04\/foto-1-75-1_optimized.jpeg 1069w, https:\/\/radiorevelacionfm.cl\/wp-content\/uploads\/2025\/04\/foto-1-75-1_optimized-300x168.jpeg 300w, https:\/\/radiorevelacionfm.cl\/wp-content\/uploads\/2025\/04\/foto-1-75-1_optimized-1030x578.jpeg 1030w, https:\/\/radiorevelacionfm.cl\/wp-content\/uploads\/2025\/04\/foto-1-75-1_optimized-768x431.jpeg 768w, https:\/\/radiorevelacionfm.cl\/wp-content\/uploads\/2025\/04\/foto-1-75-1_optimized-705x396.jpeg 705w, https:\/\/radiorevelacionfm.cl\/wp-content\/uploads\/2025\/04\/foto-1-75-1_optimized-450x253.jpeg 450w, https:\/\/radiorevelacionfm.cl\/wp-content\/uploads\/2025\/04\/foto-1-75-1_optimized-600x337.jpeg 600w\" sizes=\"(max-width: 1069px) 100vw, 1069px\" \/><\/div><\/div><\/div><\/div><div class=\"flex_column av_one_full  flex_column_div av-zero-column-padding first  avia-builder-el-2  el_after_av_one_full  el_before_av_one_full  column-top-margin\" style='border-radius:0px; '><section class=\"av_textblock_section \"  itemscope=\"itemscope\" itemtype=\"https:\/\/schema.org\/BlogPosting\" itemprop=\"blogPost\" ><div class='avia_textblock  '   itemprop=\"text\" ><p style=\"text-align: center;\"><strong><span style=\"font-size: 18pt;\">En Coyhaique se realizar\u00e1 la primera Feria de Energ\u00eda Comunitaria enfocado en energ\u00edas limpias e innovaci\u00f3n<\/span><\/strong><\/p>\n<div id=\"gtx-trans\" style=\"position: absolute; left: -50px; top: 4.31534px;\">\n<div class=\"gtx-trans-icon\"><\/div>\n<\/div>\n<\/div><\/section><\/div><div class=\"flex_column av_one_full  flex_column_div av-zero-column-padding first  avia-builder-el-4  el_after_av_one_full  el_before_av_hr  column-top-margin\" style='border-radius:0px; '><section class=\"av_textblock_section \"  itemscope=\"itemscope\" itemtype=\"https:\/\/schema.org\/BlogPosting\" itemprop=\"blogPost\" ><div class='avia_textblock  '   itemprop=\"text\" ><p style=\"text-align: justify;\">Con una visita al Parque Fotovoltaico de El Blanco, los organizadores y patrocinadores de la Feria Comunitaria \u201cEncuentro para el Desarrollo Regional Sustentable\u201d dieron inicio oficial a esta iniciativa, que se realizar\u00e1 el pr\u00f3ximo jueves 24 de abril, entre las 09:00 y las 19:00 horas, en el Centro Cultural de Coyhaique, ubicado en calle Eusebio Lillo N\u00b023.<\/p>\n<p style=\"text-align: justify;\">Durante la jornada las autoridades regionales realizaron un recorrido por las instalaciones y aprovecharon la ocasi\u00f3n para hacer un llamado a la comunidad respecto de la importancia de avanzar en el desarrollo de energ\u00edas limpias.<\/p>\n<p style=\"text-align: justify;\">El Delegado Presidencial Regional, Jorge D\u00edaz Guzm\u00e1n, destac\u00f3 que \u201cestamos muy contentos de estar ac\u00e1 y ver como el sector privado, la academia y el estado con su institucionalidad, en este caso tambi\u00e9n el Gobierno Regional, est\u00e1n promoviendo esta feria. Pero m\u00e1s all\u00e1 de hecho puntual, para nosotros lo relevante es el desarrollo de una actividad econ\u00f3mica que es fundamental para el desarrollo de la regi\u00f3n, que es la energ\u00eda. La generaci\u00f3n de energ\u00eda en sus m\u00e1s variadas posibilidades que nos da la regi\u00f3n, y aqu\u00ed lo demuestran los hechos que nuestro territorio regional tiene alternativas para generar energ\u00edas y dotar de este elemento al desarrollo de la regi\u00f3n y proyectos productivos de toda \u00edndole\u201d.<\/p>\n<p style=\"text-align: justify;\">Cabe destacar que esta feria tiene como objetivo fomentar la conciencia y la participaci\u00f3n ciudadana en torno al uso de energ\u00edas renovables y la construcci\u00f3n de un desarrollo energ\u00e9tico sostenible para la regi\u00f3n. En sentido, se busca promover el modelo de energ\u00eda comunitaria, entendido como una forma de generaci\u00f3n distribuida de propiedad compartida, donde las comunidades organizadas participan activamente en la producci\u00f3n y gesti\u00f3n de su propia energ\u00eda, modelo con gran potencial en Ays\u00e9n.<\/p>\n<p style=\"text-align: justify;\">Al respeto el Seremi de Energ\u00eda Tom\u00e1s Laibe se\u00f1al\u00f3 que \u201chemos venido hasta la Planta Fotovoltaica El Blanco de Edelays\u00e9n, a quienes agradecemos su gentiliza por recibirnos, en el marco de la invitaci\u00f3n que estamos extendiendo a toda la comunidad para formar parte de la primera Feria de Energ\u00eda Comunitaria que estaremos realizando el pr\u00f3ximo jueves 24 de abril desde las 09:00 de la ma\u00f1ana hasta las 7:00 de la tarde en el Centro Cultural de Coyhaique, instancia que organizamos en conjunto con el Centro de Investigaci\u00f3n en Ecosistemas de la Patagonia, la Universidad de Ays\u00e9n y que cuenta con el financiamiento del Gobierno Regional y su Consejo. Porque venir a esta planta para hacer esta invitaci\u00f3n, porque creemos que el foco central de esta feria va a ser relevar la importancia de las energ\u00edas renovables y el tremendo potencial que tiene la regi\u00f3n de Ays\u00e9n\u201d.<\/p>\n<p style=\"text-align: justify;\">Claudio Herrera, Subdirector de Vinculaci\u00f3n y Transferencias del CIEP destac\u00f3 que \u201cestamos muy contentos de participar en esta feria comunitaria, nosotros hablamos en nombre de nuestro Director Ejecutivo, apostamos a sacar la academia de los salones e involucrarnos directamente con las comunidades. En ese sentido esta es una oportunidad \u00fanica, interesante queremos llevar informaci\u00f3n relevante cient\u00edfica, rigurosa, pero vincul\u00e1ndonos con las comunidades y la sociedad civil en general\u201d.<\/p>\n<p style=\"text-align: justify;\">Durante la jornada, se desarrollar\u00e1n charlas, talleres y espacios de di\u00e1logo abiertos a toda la comunidad. Acad\u00e9micos, autoridades y desarrolladores tendr\u00e1n la oportunidad de discutir los desaf\u00edos normativos, t\u00e9cnicos y financieros para impulsar proyectos de energ\u00eda asociativa en el territorio. El sector privado tambi\u00e9n contar\u00e1 con un espacio para compartir experiencias, aprendizajes y visiones sobre el futuro energ\u00e9tico regional.<\/p>\n<p style=\"text-align: justify;\">La feria contar\u00e1 tambi\u00e9n con una zona interactiva especialmente pensada para establecimientos escolares, que incluir\u00e1 actividades did\u00e1cticas y demostraciones orientadas a acercar la ciencia y la energ\u00eda a ni\u00f1as, ni\u00f1os y j\u00f3venes, de manera l\u00fadica y educativa.<\/p>\n<p style=\"text-align: justify;\">Uno de los principales atractivos ser\u00e1 una exhibici\u00f3n permanente con m\u00e1s de 20 stands, donde instituciones p\u00fablicas, empresas privadas, emprendedores y expertos presentar\u00e1n tecnolog\u00edas, servicios e iniciativas vinculadas a la transici\u00f3n energ\u00e9tica en Ays\u00e9n. Entre los temas que se abordar\u00e1n destacan: proyectos fotovoltaicos, hidr\u00e1ulicos y t\u00e9rmicos; innovaciones tecnol\u00f3gicas, como energ\u00eda hidrocin\u00e9tica, mareomotriz y un remolcador el\u00e9ctrico; el marco legal y potencial de la biomasa; instrumentos de fomento y financiamiento de proyectos energ\u00e9ticos, entre otros.<\/p>\n<p style=\"text-align: justify;\">La jornada culminar\u00e1 con un panel de clausura, donde se reconocer\u00e1 p\u00fablicamente a pioneros del desarrollo energ\u00e9tico en Ays\u00e9n, quienes han contribuido significativamente al acceso a la energ\u00eda y al fortalecimiento del sistema el\u00e9ctrico regional, por ello compartir\u00e1n sus testimonios en un acto que busca rendir homenaje a su trayectoria y compromiso con una energ\u00eda m\u00e1s justa, limpia y participativa.<\/p>\n<\/div><\/section><\/div><div  style='height:50px' class='hr hr-invisible   avia-builder-el-6  el_after_av_one_full  el_before_av_social_share '><span class='hr-inner ' ><span class='hr-inner-style'><\/span><\/span><\/div><\/p>\n<div  class='av-social-sharing-box  avia-builder-el-7  el_after_av_hr  el_before_av_hr  '><div class='av-share-box'><h5 class='av-share-link-description av-no-toc '>Compartir esta noticia<\/h5><ul class='av-share-box-list noLightbox'><li class='av-share-link av-social-link-facebook' ><a target=\"_blank\" aria-label=\"Compartir en Facebook\" href='https:\/\/www.facebook.com\/sharer.php?u=https:\/\/radiorevelacionfm.cl\/?p=52899&#038;t=En%20Coyhaique%20se%20realizar%C3%A1%20la%20primera%20Feria%20de%20Energ%C3%ADa%20Comunitaria%20enfocado%20en%20energ%C3%ADas%20limpias%20e%20innovaci%C3%B3n' aria-hidden='false' data-av_icon='\ue8f3' data-av_iconfont='entypo-fontello' title='' data-avia-related-tooltip='Compartir en Facebook' rel=\"noopener\"><span class='avia_hidden_link_text'>Compartir en Facebook<\/span><\/a><\/li><li class='av-share-link av-social-link-twitter' ><a target=\"_blank\" aria-label=\"Compartir en Twitter\" href='https:\/\/twitter.com\/share?text=En%20Coyhaique%20se%20realizar%C3%A1%20la%20primera%20Feria%20de%20Energ%C3%ADa%20Comunitaria%20enfocado%20en%20energ%C3%ADas%20limpias%20e%20innovaci%C3%B3n&#038;url=https:\/\/radiorevelacionfm.cl\/?p=52899' aria-hidden='false' data-av_icon='\ue8f1' data-av_iconfont='entypo-fontello' title='' data-avia-related-tooltip='Compartir en Twitter' rel=\"noopener\"><span class='avia_hidden_link_text'>Compartir en Twitter<\/span><\/a><\/li><li class='av-share-link av-social-link-whatsapp' ><a target=\"_blank\" aria-label=\"Compartir en Whatsapp\" href='https:\/\/api.whatsapp.com\/send?text=https:\/\/radiorevelacionfm.cl\/?p=52899' aria-hidden='false' data-av_icon='\uf232' data-av_iconfont='entypo-fontello' title='' data-avia-related-tooltip='Compartir en Whatsapp' rel=\"noopener\"><span class='avia_hidden_link_text'>Compartir en Whatsapp<\/span><\/a><\/li><li class='av-share-link av-social-link-linkedin' ><a target=\"_blank\" aria-label=\"Compartir en LinkedIn\" href='https:\/\/linkedin.com\/shareArticle?mini=true&#038;title=En%20Coyhaique%20se%20realizar%C3%A1%20la%20primera%20Feria%20de%20Energ%C3%ADa%20Comunitaria%20enfocado%20en%20energ%C3%ADas%20limpias%20e%20innovaci%C3%B3n&#038;url=https:\/\/radiorevelacionfm.cl\/?p=52899' aria-hidden='false' data-av_icon='\ue8fc' data-av_iconfont='entypo-fontello' title='' data-avia-related-tooltip='Compartir en LinkedIn' rel=\"noopener\"><span class='avia_hidden_link_text'>Compartir en LinkedIn<\/span><\/a><\/li><li class='av-share-link av-social-link-mail' ><a  aria-label=\"Compartir por correo\" href='mailto:?subject=En%20Coyhaique%20se%20realizar%C3%A1%20la%20primera%20Feria%20de%20Energ%C3%ADa%20Comunitaria%20enfocado%20en%20energ%C3%ADas%20limpias%20e%20innovaci%C3%B3n&#038;body=https:\/\/radiorevelacionfm.cl\/?p=52899' aria-hidden='false' data-av_icon='\ue805' data-av_iconfont='entypo-fontello' title='' data-avia-related-tooltip='Compartir por correo'><span class='avia_hidden_link_text'>Compartir por correo<\/span><\/a><\/li><\/ul><\/div><\/div>\n<div  style='height:50px' class='hr hr-invisible   avia-builder-el-8  el_after_av_social_share  el_before_av_comments_list '><span class='hr-inner ' ><span class='hr-inner-style'><\/span><\/span><\/div>\n<div  class='av-buildercomment  av-blog-meta-html-info-disabled av-blog-meta-tag-disabled  '><\/div>\n","protected":false},"excerpt":{"rendered":"","protected":false},"author":1,"featured_media":52900,"comment_status":"closed","ping_status":"closed","sticky":false,"template":"","format":"standard","meta":{"footnotes":""},"categories":[38],"tags":[],"class_list":["post-52899","post","type-post","status-publish","format-standard","has-post-thumbnail","hentry","category-regional"],"jetpack_featured_media_url":"https:\/\/radiorevelacionfm.cl\/wp-content\/uploads\/2025\/04\/foto-1-75-1_optimized.jpeg","_links":{"self":[{"href":"https:\/\/radiorevelacionfm.cl\/index.php?rest_route=\/wp\/v2\/posts\/52899","targetHints":{"allow":["GET"]}}],"collection":[{"href":"https:\/\/radiorevelacionfm.cl\/index.php?rest_route=\/wp\/v2\/posts"}],"about":[{"href":"https:\/\/radiorevelacionfm.cl\/index.php?rest_route=\/wp\/v2\/types\/post"}],"author":[{"embeddable":true,"href":"https:\/\/radiorevelacionfm.cl\/index.php?rest_route=\/wp\/v2\/users\/1"}],"replies":[{"embeddable":true,"href":"https:\/\/radiorevelacionfm.cl\/index.php?rest_route=%2Fwp%2Fv2%2Fcomments&post=52899"}],"version-history":[{"count":2,"href":"https:\/\/radiorevelacionfm.cl\/index.php?rest_route=\/wp\/v2\/posts\/52899\/revisions"}],"predecessor-version":[{"id":52907,"href":"https:\/\/radiorevelacionfm.cl\/index.php?rest_route=\/wp\/v2\/posts\/52899\/revisions\/52907"}],"wp:featuredmedia":[{"embeddable":true,"href":"https:\/\/radiorevelacionfm.cl\/index.php?rest_route=\/wp\/v2\/media\/52900"}],"wp:attachment":[{"href":"https:\/\/radiorevelacionfm.cl\/index.php?rest_route=%2Fwp%2Fv2%2Fmedia&parent=52899"}],"wp:term":[{"taxonomy":"category","embeddable":true,"href":"https:\/\/radiorevelacionfm.cl\/index.php?rest_route=%2Fwp%2Fv2%2Fcategories&post=52899"},{"taxonomy":"post_tag","embeddable":true,"href":"https:\/\/radiorevelacionfm.cl\/index.php?rest_route=%2Fwp%2Fv2%2Ftags&post=52899"}],"curies":[{"name":"wp","href":"https:\/\/api.w.org\/{rel}","templated":true}]}}