{"id":52892,"date":"2025-04-21T18:01:29","date_gmt":"2025-04-21T21:01:29","guid":{"rendered":"https:\/\/radiorevelacionfm.cl\/?p=52892"},"modified":"2025-04-21T18:01:29","modified_gmt":"2025-04-21T21:01:29","slug":"escuela-de-la-localidad-de-balmaceda-cuenta-con-nuevos-servicios-higienicos","status":"publish","type":"post","link":"https:\/\/radiorevelacionfm.cl\/?p=52892","title":{"rendered":"Escuela de la localidad de Balmaceda cuenta con nuevos Servicios Higi\u00e9nicos"},"content":{"rendered":"<div class=\"flex_column av_one_full  flex_column_div av-zero-column-padding first  avia-builder-el-0  el_before_av_one_full  avia-builder-el-first  \" style='border-radius:0px; '><div  class='avia-image-container  av-styling-    avia-builder-el-1  avia-builder-el-no-sibling  avia-align-center '  itemprop=\"image\" itemscope=\"itemscope\" itemtype=\"https:\/\/schema.org\/ImageObject\"  ><div class='avia-image-container-inner'><div class='avia-image-overlay-wrap'><img decoding=\"async\" class='wp-image-52893 avia-img-lazy-loading-not-52893 avia_image' src=\"https:\/\/radiorevelacionfm.cl\/wp-content\/uploads\/2025\/04\/grupal-final-1_optimized-1.jpg\" alt='' title='grupal-final-(1)_optimized (1)' height=\"600\" width=\"800\"  itemprop=\"thumbnailUrl\" srcset=\"https:\/\/radiorevelacionfm.cl\/wp-content\/uploads\/2025\/04\/grupal-final-1_optimized-1.jpg 800w, https:\/\/radiorevelacionfm.cl\/wp-content\/uploads\/2025\/04\/grupal-final-1_optimized-1-300x225.jpg 300w, https:\/\/radiorevelacionfm.cl\/wp-content\/uploads\/2025\/04\/grupal-final-1_optimized-1-768x576.jpg 768w, https:\/\/radiorevelacionfm.cl\/wp-content\/uploads\/2025\/04\/grupal-final-1_optimized-1-705x529.jpg 705w, https:\/\/radiorevelacionfm.cl\/wp-content\/uploads\/2025\/04\/grupal-final-1_optimized-1-450x338.jpg 450w, https:\/\/radiorevelacionfm.cl\/wp-content\/uploads\/2025\/04\/grupal-final-1_optimized-1-600x450.jpg 600w\" sizes=\"(max-width: 800px) 100vw, 800px\" \/><\/div><\/div><\/div><\/div><div class=\"flex_column av_one_full  flex_column_div av-zero-column-padding first  avia-builder-el-2  el_after_av_one_full  el_before_av_one_full  column-top-margin\" style='border-radius:0px; '><section class=\"av_textblock_section \"  itemscope=\"itemscope\" itemtype=\"https:\/\/schema.org\/BlogPosting\" itemprop=\"blogPost\" ><div class='avia_textblock  '   itemprop=\"text\" ><p style=\"text-align: center;\"><strong><span style=\"font-size: 18pt;\">Escuela de la localidad de Balmaceda cuenta con nuevos Servicios Higi\u00e9nicos<\/span><\/strong><\/p>\n<div id=\"gtx-trans\" style=\"position: absolute; left: -50px; top: 4.31534px;\">\n<div class=\"gtx-trans-icon\"><\/div>\n<\/div>\n<\/div><\/section><\/div><div class=\"flex_column av_one_full  flex_column_div av-zero-column-padding first  avia-builder-el-4  el_after_av_one_full  el_before_av_hr  column-top-margin\" style='border-radius:0px; '><section class=\"av_textblock_section \"  itemscope=\"itemscope\" itemtype=\"https:\/\/schema.org\/BlogPosting\" itemprop=\"blogPost\" ><div class='avia_textblock  '   itemprop=\"text\" ><p class=\"v1MsoNormal\" style=\"text-align: justify;\" align=\"center\"><em>Las obras de conservaci\u00f3n significaron una inversi\u00f3n de $98.577.650 pesos. aportados por el Ministerio de Educaci\u00f3n y fueron ejecutadas por la Municipalidad de Coyhaique.<\/em><\/p>\n<p class=\"v1MsoNormal\" style=\"text-align: justify;\">El jueves el\u00a0 Seremi(s) Claudio Rivera, junto a la Jefa del Departamento Provincial de Educaci\u00f3n Coyhaique Michelle Grondona y la profesional de infraestructura del\u00a0<a href=\"https:\/\/www.facebook.com\/SLEPAysen?__cft__%5b0%5d=AZWP8aa--ELvTRJ7MxOfUGtVMD2sgYwt4LeOMACVQrGHRZ4Hmk7b1sYWzliI7Ka5l4D2ftyS4zZ6TiZ0_vhQDKz6bujgtB5GcIQezOTX1ilM1NGSrEfE4Ga2Ky3u7JzQ2XekLvfTpxPWQmtnG_EtRqp61hRTtP89uaUqVXJnJVI0q8KdBfjOsL7si8riibaZog4&amp;__tn__=-%5dK-R\" target=\"_blank\" rel=\"noopener noreferrer\">Servicio Local de Educaci\u00f3n P\u00fablica Ays\u00e9n<\/a>\u00a0Carla Figueroa acompa\u00f1aron a la comunidad de la Escuela Jos\u00e9 Antol\u00edn Silva Orme\u00f1o de la localidad de Balmaceda, comuna de Coyhaique en una celebraci\u00f3n familiar con la que destacaron el mejoramiento de la infraestructura del plantel, especialmente la renovaci\u00f3n de los servicios higi\u00e9nicos.<\/p>\n<p class=\"v1MsoNormal\" style=\"text-align: justify;\">Este mejoramiento se concret\u00f3 con recursos del Fondo de Conservaciones 2023 del Ministerio de Educaci\u00f3n con una inversi\u00f3n sectorial de\u00a0<a name=\"v1_Hlk196145859\"><\/a>$98.577.650 pesos.<\/p>\n<p class=\"v1MsoNormal\" style=\"text-align: justify;\">La directora de la escuela Laura Ramos destac\u00f3 la importancia de estas obras que \u201ctraen dignidad a nuestros ni\u00f1os y ni\u00f1as y aportan al proceso pedag\u00f3gico y agradeci\u00f3 el compromiso del Ministerio de Educaci\u00f3n que entreg\u00f3 los recursos, la Municipalidad de Coyhaique que ejecut\u00f3 las obras y el Slep Ays\u00e9n que recibe las obras y las entrega a la escuela, a los estudiantes, a sus padres y apoderados, a los profesores y asistentes de la educaci\u00f3n.<\/p>\n<p class=\"v1MsoNormal\" style=\"text-align: justify;\">En esa misma l\u00ednea, Ang\u00e9lica Cifuentes, presidenta del Centro General de Padres y Apoderados del establecimiento manifest\u00f3 que \u201cEn lo personal estoy muy contenta, feliz porque esta fue gesti\u00f3n realizada con la participaci\u00f3n de nosotros los padres y apoderados. Esto era un anhelo, un sue\u00f1o de muchos padres y hoy los vemos cumplidos con estos ba\u00f1os que est\u00e1n en \u00f3ptimas condiciones para nuestros hijos,\u00a0 as\u00ed es que agradezco a los apoderados que apoyaron estas gestiones y a las autoridades que fueron parte de la soluci\u00f3n a este requerimiento\u201d.<\/p>\n<p class=\"v1MsoNormal\" style=\"text-align: justify;\">Ram\u00f3n P\u00e9rez Aguilar apoderado y padre de Joaqu\u00edn expres\u00f3 que \u201cEsta es una excelente idea la de renovar los ba\u00f1os, hac\u00eda falta que los cambiaran. Hoy hay una gran presencia de apoderados lo que es fant\u00e1stico porque pudieron ver que se dio cumplimiento a lo que se hab\u00eda comprometido y esperamos que vengan nuevas coas buenas para nuestra escuela\u201d.<\/p>\n<p class=\"v1MsoNormal\" style=\"text-align: justify;\">Angel Legue, alumno\u00a0 de S\u00e9ptimo A\u00f1o B\u00e1sico afirm\u00f3 que \u201dNos gustan harto estos ba\u00f1os porque son nuevos los que hab\u00edan estaban muy viejos y es mejor tener algo moderno.<\/p>\n<p class=\"v1MsoNormal\" style=\"text-align: justify;\">Por su parte, Claudio Rivera afirm\u00f3 que \u201cDonde se ponen las palabras, se ponen los recursos: Con esa premisa el Gobierno del Presidente Gabriel Boric ha ido abordando las necesidades de mejoramiento de infraestructura escolar de la regi\u00f3n. Durante este gobierno se han levantado 22 proyectos de conservaci\u00f3n de escuelas p\u00fablicas, de las cuales siete ya est\u00e1n concluidos. Hoy en esta escuela de Balmaceda hemos visto la alegr\u00eda de los estudiantes y sus familias por contar con nuevos servicios higi\u00e9nicos y eso nos se\u00f1ala que estamos en la senda correcta\u201d.<\/p>\n<\/div><\/section><\/div><div  style='height:50px' class='hr hr-invisible   avia-builder-el-6  el_after_av_one_full  el_before_av_social_share '><span class='hr-inner ' ><span class='hr-inner-style'><\/span><\/span><\/div><\/p>\n<div  class='av-social-sharing-box  avia-builder-el-7  el_after_av_hr  el_before_av_hr  '><div class='av-share-box'><h5 class='av-share-link-description av-no-toc '>Compartir esta noticia<\/h5><ul class='av-share-box-list noLightbox'><li class='av-share-link av-social-link-facebook' ><a target=\"_blank\" aria-label=\"Compartir en Facebook\" href='https:\/\/www.facebook.com\/sharer.php?u=https:\/\/radiorevelacionfm.cl\/?p=52892&#038;t=Escuela%20de%20la%20localidad%20de%20Balmaceda%20cuenta%20con%20nuevos%20Servicios%20Higi%C3%A9nicos' aria-hidden='false' data-av_icon='\ue8f3' data-av_iconfont='entypo-fontello' title='' data-avia-related-tooltip='Compartir en Facebook' rel=\"noopener\"><span class='avia_hidden_link_text'>Compartir en Facebook<\/span><\/a><\/li><li class='av-share-link av-social-link-twitter' ><a target=\"_blank\" aria-label=\"Compartir en Twitter\" href='https:\/\/twitter.com\/share?text=Escuela%20de%20la%20localidad%20de%20Balmaceda%20cuenta%20con%20nuevos%20Servicios%20Higi%C3%A9nicos&#038;url=https:\/\/radiorevelacionfm.cl\/?p=52892' aria-hidden='false' data-av_icon='\ue8f1' data-av_iconfont='entypo-fontello' title='' data-avia-related-tooltip='Compartir en Twitter' rel=\"noopener\"><span class='avia_hidden_link_text'>Compartir en Twitter<\/span><\/a><\/li><li class='av-share-link av-social-link-whatsapp' ><a target=\"_blank\" aria-label=\"Compartir en Whatsapp\" href='https:\/\/api.whatsapp.com\/send?text=https:\/\/radiorevelacionfm.cl\/?p=52892' aria-hidden='false' data-av_icon='\uf232' data-av_iconfont='entypo-fontello' title='' data-avia-related-tooltip='Compartir en Whatsapp' rel=\"noopener\"><span class='avia_hidden_link_text'>Compartir en Whatsapp<\/span><\/a><\/li><li class='av-share-link av-social-link-linkedin' ><a target=\"_blank\" aria-label=\"Compartir en LinkedIn\" href='https:\/\/linkedin.com\/shareArticle?mini=true&#038;title=Escuela%20de%20la%20localidad%20de%20Balmaceda%20cuenta%20con%20nuevos%20Servicios%20Higi%C3%A9nicos&#038;url=https:\/\/radiorevelacionfm.cl\/?p=52892' aria-hidden='false' data-av_icon='\ue8fc' data-av_iconfont='entypo-fontello' title='' data-avia-related-tooltip='Compartir en LinkedIn' rel=\"noopener\"><span class='avia_hidden_link_text'>Compartir en LinkedIn<\/span><\/a><\/li><li class='av-share-link av-social-link-mail' ><a  aria-label=\"Compartir por correo\" href='mailto:?subject=Escuela%20de%20la%20localidad%20de%20Balmaceda%20cuenta%20con%20nuevos%20Servicios%20Higi%C3%A9nicos&#038;body=https:\/\/radiorevelacionfm.cl\/?p=52892' aria-hidden='false' data-av_icon='\ue805' data-av_iconfont='entypo-fontello' title='' data-avia-related-tooltip='Compartir por correo'><span class='avia_hidden_link_text'>Compartir por correo<\/span><\/a><\/li><\/ul><\/div><\/div>\n<div  style='height:50px' class='hr hr-invisible   avia-builder-el-8  el_after_av_social_share  el_before_av_comments_list '><span class='hr-inner ' ><span class='hr-inner-style'><\/span><\/span><\/div>\n<div  class='av-buildercomment  av-blog-meta-html-info-disabled av-blog-meta-tag-disabled  '><\/div>\n","protected":false},"excerpt":{"rendered":"","protected":false},"author":1,"featured_media":52893,"comment_status":"closed","ping_status":"closed","sticky":false,"template":"","format":"standard","meta":{"footnotes":""},"categories":[49],"tags":[],"class_list":["post-52892","post","type-post","status-publish","format-standard","has-post-thumbnail","hentry","category-educacion"],"jetpack_featured_media_url":"https:\/\/radiorevelacionfm.cl\/wp-content\/uploads\/2025\/04\/grupal-final-1_optimized-1.jpg","_links":{"self":[{"href":"https:\/\/radiorevelacionfm.cl\/index.php?rest_route=\/wp\/v2\/posts\/52892","targetHints":{"allow":["GET"]}}],"collection":[{"href":"https:\/\/radiorevelacionfm.cl\/index.php?rest_route=\/wp\/v2\/posts"}],"about":[{"href":"https:\/\/radiorevelacionfm.cl\/index.php?rest_route=\/wp\/v2\/types\/post"}],"author":[{"embeddable":true,"href":"https:\/\/radiorevelacionfm.cl\/index.php?rest_route=\/wp\/v2\/users\/1"}],"replies":[{"embeddable":true,"href":"https:\/\/radiorevelacionfm.cl\/index.php?rest_route=%2Fwp%2Fv2%2Fcomments&post=52892"}],"version-history":[{"count":2,"href":"https:\/\/radiorevelacionfm.cl\/index.php?rest_route=\/wp\/v2\/posts\/52892\/revisions"}],"predecessor-version":[{"id":52895,"href":"https:\/\/radiorevelacionfm.cl\/index.php?rest_route=\/wp\/v2\/posts\/52892\/revisions\/52895"}],"wp:featuredmedia":[{"embeddable":true,"href":"https:\/\/radiorevelacionfm.cl\/index.php?rest_route=\/wp\/v2\/media\/52893"}],"wp:attachment":[{"href":"https:\/\/radiorevelacionfm.cl\/index.php?rest_route=%2Fwp%2Fv2%2Fmedia&parent=52892"}],"wp:term":[{"taxonomy":"category","embeddable":true,"href":"https:\/\/radiorevelacionfm.cl\/index.php?rest_route=%2Fwp%2Fv2%2Fcategories&post=52892"},{"taxonomy":"post_tag","embeddable":true,"href":"https:\/\/radiorevelacionfm.cl\/index.php?rest_route=%2Fwp%2Fv2%2Ftags&post=52892"}],"curies":[{"name":"wp","href":"https:\/\/api.w.org\/{rel}","templated":true}]}}