{"id":52888,"date":"2025-04-22T10:26:25","date_gmt":"2025-04-22T13:26:25","guid":{"rendered":"https:\/\/radiorevelacionfm.cl\/?p=52888"},"modified":"2025-04-22T10:26:25","modified_gmt":"2025-04-22T13:26:25","slug":"gobierno-realizo-positiva-evaluacion-tras-feriado-de-semana-santa-destacando-la-buena-coordinacion-intersectorial","status":"publish","type":"post","link":"https:\/\/radiorevelacionfm.cl\/?p=52888","title":{"rendered":"Gobierno realiz\u00f3 positiva evaluaci\u00f3n tras feriado de Semana Santa, destacando la buena coordinaci\u00f3n intersectorial"},"content":{"rendered":"<div class=\"flex_column av_one_full  flex_column_div av-zero-column-padding first  avia-builder-el-0  el_before_av_one_full  avia-builder-el-first  \" style='border-radius:0px; '><div  class='avia-image-container  av-styling-    avia-builder-el-1  avia-builder-el-no-sibling  avia-align-center '  itemprop=\"image\" itemscope=\"itemscope\" itemtype=\"https:\/\/schema.org\/ImageObject\"  ><div class='avia-image-container-inner'><div class='avia-image-overlay-wrap'><img decoding=\"async\" class='wp-image-52890 avia-img-lazy-loading-not-52890 avia_image' src=\"https:\/\/radiorevelacionfm.cl\/wp-content\/uploads\/2025\/04\/foto-2-48-1_optimized-1.jpeg\" alt='' title='foto-2-(48)-(1)_optimized (1)' height=\"600\" width=\"800\"  itemprop=\"thumbnailUrl\" srcset=\"https:\/\/radiorevelacionfm.cl\/wp-content\/uploads\/2025\/04\/foto-2-48-1_optimized-1.jpeg 800w, https:\/\/radiorevelacionfm.cl\/wp-content\/uploads\/2025\/04\/foto-2-48-1_optimized-1-300x225.jpeg 300w, https:\/\/radiorevelacionfm.cl\/wp-content\/uploads\/2025\/04\/foto-2-48-1_optimized-1-768x576.jpeg 768w, https:\/\/radiorevelacionfm.cl\/wp-content\/uploads\/2025\/04\/foto-2-48-1_optimized-1-705x529.jpeg 705w, https:\/\/radiorevelacionfm.cl\/wp-content\/uploads\/2025\/04\/foto-2-48-1_optimized-1-450x338.jpeg 450w, https:\/\/radiorevelacionfm.cl\/wp-content\/uploads\/2025\/04\/foto-2-48-1_optimized-1-600x450.jpeg 600w\" sizes=\"(max-width: 800px) 100vw, 800px\" \/><\/div><\/div><\/div><\/div><div class=\"flex_column av_one_full  flex_column_div av-zero-column-padding first  avia-builder-el-2  el_after_av_one_full  el_before_av_one_full  column-top-margin\" style='border-radius:0px; '><section class=\"av_textblock_section \"  itemscope=\"itemscope\" itemtype=\"https:\/\/schema.org\/BlogPosting\" itemprop=\"blogPost\" ><div class='avia_textblock  '   itemprop=\"text\" ><p style=\"text-align: center;\"><strong><span style=\"font-size: 18pt;\">Gobierno realiz\u00f3 positiva evaluaci\u00f3n tras feriado de Semana Santa, destacando la buena coordinaci\u00f3n intersectorial<\/span><\/strong><\/p>\n<div id=\"gtx-trans\" style=\"position: absolute; left: -50px; top: 4.31534px;\">\n<div class=\"gtx-trans-icon\"><\/div>\n<\/div>\n<\/div><\/section><\/div><\/p>\n<div class=\"flex_column av_one_full  flex_column_div av-zero-column-padding first  avia-builder-el-4  el_after_av_one_full  el_before_av_hr  column-top-margin\" style='border-radius:0px; '><section class=\"av_textblock_section \"  itemscope=\"itemscope\" itemtype=\"https:\/\/schema.org\/BlogPosting\" itemprop=\"blogPost\" ><div class='avia_textblock  '   itemprop=\"text\" ><p style=\"text-align: justify;\">Este lunes se llev\u00f3 a cabo un punto de prensa convocado por el Delegado Presidencial Jorge D\u00edaz Guzm\u00e1n y la Seremi de Gobierno \u00darsula Mix Jim\u00e9nez, con diferentes autoridades regionales quienes dieron a conocer un positivo balance tras el feriado de Semana Santa. En la oportunidad, el Delegado Presidencial Regional, Jorge D\u00edaz Guzm\u00e1n, valor\u00f3 el trabajo colaborativo de las diferentes instituciones se\u00f1alando que: \u201cNo hay ninguna persona que haya tenido -o al menos que hayamos conocido-, alg\u00fan problema generado por consumir alg\u00fan producto del mar no certificado\u201d. En este sentido, destac\u00f3 la importancia de las planificaciones y coordinaciones entre los organismos p\u00fablicos, incluyendo las polic\u00edas.<\/p>\n<p style=\"text-align: justify;\">Sobre esta misma materia, la Seremi de Salud Carmen Monsalve, se refiri\u00f3 al rol que como autoridad sanitaria cumplieron durante el fin de semana, realizando acciones de fiscalizaci\u00f3n en los lugares donde se elaboran y venden productos del mar, labor preventiva que permiti\u00f3 que el Laboratorio de Salud P\u00fablica autorizara la comercializaci\u00f3n de m\u00e1s de 66.000 kilos de productos marinos. \u201cEste trabajo permite no tener reportes de personas afectadas por veneno paralizante o veneno diarreico. Adem\u00e1s, recalc\u00f3\u00a0 que durante Semana Santa no hubo decomisos de productos por presencia de venenos o toxinas\u201d, asegur\u00f3.<\/p>\n<p style=\"text-align: justify;\">El Seremi de Transporte y Telecomunicaciones Hans Zimmermann, coment\u00f3 que se registraron al menos cinco siniestros viales pero ninguno con resultados fatales o lesionados de gravedad. \u201c\u00c9stos, accidentes tienen relaci\u00f3n con el exceso de velocidad y la conducci\u00f3n imprudente. Pese a estos n\u00fameros, no existe un aumento en la tasa estad\u00edstica, la que se ha mantenido hace al menos seis a\u00f1os\u201d, precis\u00f3.<\/p>\n<p style=\"text-align: justify;\">En tanto, el General Eduardo Palma, Jefe de Zona de Ays\u00e9n, resalt\u00f3 que las coordinaciones y el trabajo en conjunto hicieron posible que no hubiera v\u00edctimas fatales, coincidiendo con la evaluaci\u00f3n positiva del fin de semana largo. A esto se sum\u00f3 el Prefecto Inspector Javier Valenzuela, quien abord\u00f3 las acciones enfocadas principalmente en la labor migratoria, lo que permiti\u00f3 reforzar los controles migratorios con un binomio canino detector de drogas, logrando la detenci\u00f3n de un ciudadano venezolano en Puerto Ays\u00e9n. Adem\u00e1s, destacar que el total del movimiento migratorio este 2025 fue similar al a\u00f1o anterior.<\/p>\n<p style=\"text-align: justify;\">Finalmente, el Seremi de Econom\u00eda Felipe Rojas, tambi\u00e9n destac\u00f3 la coordinaci\u00f3n entre las instituciones p\u00fablicas, lo que a su juicio permiti\u00f3 terminar con cifras positivas tras el fin de semana, dando cuenta que hubo buenos resultados debido a la presencia de turistas argentinos en la regi\u00f3n, lo contribuy\u00f3 a la reactivaci\u00f3n econ\u00f3mica.<\/p>\n<\/div><\/section><\/div>\n<div  style='height:50px' class='hr hr-invisible   avia-builder-el-6  el_after_av_one_full  el_before_av_social_share '><span class='hr-inner ' ><span class='hr-inner-style'><\/span><\/span><\/div>\n<div  class='av-social-sharing-box  avia-builder-el-7  el_after_av_hr  el_before_av_hr  '><div class='av-share-box'><h5 class='av-share-link-description av-no-toc '>Compartir esta noticia<\/h5><ul class='av-share-box-list noLightbox'><li class='av-share-link av-social-link-facebook' ><a target=\"_blank\" aria-label=\"Compartir en Facebook\" href='https:\/\/www.facebook.com\/sharer.php?u=https:\/\/radiorevelacionfm.cl\/?p=52888&#038;t=Gobierno%20realiz%C3%B3%20positiva%20evaluaci%C3%B3n%20tras%20feriado%20de%20Semana%20Santa%2C%20destacando%20la%20buena%20coordinaci%C3%B3n%20intersectorial' aria-hidden='false' data-av_icon='\ue8f3' data-av_iconfont='entypo-fontello' title='' data-avia-related-tooltip='Compartir en Facebook' rel=\"noopener\"><span class='avia_hidden_link_text'>Compartir en Facebook<\/span><\/a><\/li><li class='av-share-link av-social-link-twitter' ><a target=\"_blank\" aria-label=\"Compartir en Twitter\" href='https:\/\/twitter.com\/share?text=Gobierno%20realiz%C3%B3%20positiva%20evaluaci%C3%B3n%20tras%20feriado%20de%20Semana%20Santa%2C%20destacando%20la%20buena%20coordinaci%C3%B3n%20intersectorial&#038;url=https:\/\/radiorevelacionfm.cl\/?p=52888' aria-hidden='false' data-av_icon='\ue8f1' data-av_iconfont='entypo-fontello' title='' data-avia-related-tooltip='Compartir en Twitter' rel=\"noopener\"><span class='avia_hidden_link_text'>Compartir en Twitter<\/span><\/a><\/li><li class='av-share-link av-social-link-whatsapp' ><a target=\"_blank\" aria-label=\"Compartir en Whatsapp\" href='https:\/\/api.whatsapp.com\/send?text=https:\/\/radiorevelacionfm.cl\/?p=52888' aria-hidden='false' data-av_icon='\uf232' data-av_iconfont='entypo-fontello' title='' data-avia-related-tooltip='Compartir en Whatsapp' rel=\"noopener\"><span class='avia_hidden_link_text'>Compartir en Whatsapp<\/span><\/a><\/li><li class='av-share-link av-social-link-linkedin' ><a target=\"_blank\" aria-label=\"Compartir en LinkedIn\" href='https:\/\/linkedin.com\/shareArticle?mini=true&#038;title=Gobierno%20realiz%C3%B3%20positiva%20evaluaci%C3%B3n%20tras%20feriado%20de%20Semana%20Santa%2C%20destacando%20la%20buena%20coordinaci%C3%B3n%20intersectorial&#038;url=https:\/\/radiorevelacionfm.cl\/?p=52888' aria-hidden='false' data-av_icon='\ue8fc' data-av_iconfont='entypo-fontello' title='' data-avia-related-tooltip='Compartir en LinkedIn' rel=\"noopener\"><span class='avia_hidden_link_text'>Compartir en LinkedIn<\/span><\/a><\/li><li class='av-share-link av-social-link-mail' ><a  aria-label=\"Compartir por correo\" href='mailto:?subject=Gobierno%20realiz%C3%B3%20positiva%20evaluaci%C3%B3n%20tras%20feriado%20de%20Semana%20Santa%2C%20destacando%20la%20buena%20coordinaci%C3%B3n%20intersectorial&#038;body=https:\/\/radiorevelacionfm.cl\/?p=52888' aria-hidden='false' data-av_icon='\ue805' data-av_iconfont='entypo-fontello' title='' data-avia-related-tooltip='Compartir por correo'><span class='avia_hidden_link_text'>Compartir por correo<\/span><\/a><\/li><\/ul><\/div><\/div>\n<div  style='height:50px' class='hr hr-invisible   avia-builder-el-8  el_after_av_social_share  el_before_av_comments_list '><span class='hr-inner ' ><span class='hr-inner-style'><\/span><\/span><\/div>\n<div  class='av-buildercomment  av-blog-meta-html-info-disabled av-blog-meta-tag-disabled  '><\/div>\n","protected":false},"excerpt":{"rendered":"","protected":false},"author":1,"featured_media":52890,"comment_status":"closed","ping_status":"closed","sticky":false,"template":"","format":"standard","meta":{"footnotes":""},"categories":[38],"tags":[],"class_list":["post-52888","post","type-post","status-publish","format-standard","has-post-thumbnail","hentry","category-regional"],"jetpack_featured_media_url":"https:\/\/radiorevelacionfm.cl\/wp-content\/uploads\/2025\/04\/foto-2-48-1_optimized-1.jpeg","_links":{"self":[{"href":"https:\/\/radiorevelacionfm.cl\/index.php?rest_route=\/wp\/v2\/posts\/52888","targetHints":{"allow":["GET"]}}],"collection":[{"href":"https:\/\/radiorevelacionfm.cl\/index.php?rest_route=\/wp\/v2\/posts"}],"about":[{"href":"https:\/\/radiorevelacionfm.cl\/index.php?rest_route=\/wp\/v2\/types\/post"}],"author":[{"embeddable":true,"href":"https:\/\/radiorevelacionfm.cl\/index.php?rest_route=\/wp\/v2\/users\/1"}],"replies":[{"embeddable":true,"href":"https:\/\/radiorevelacionfm.cl\/index.php?rest_route=%2Fwp%2Fv2%2Fcomments&post=52888"}],"version-history":[{"count":2,"href":"https:\/\/radiorevelacionfm.cl\/index.php?rest_route=\/wp\/v2\/posts\/52888\/revisions"}],"predecessor-version":[{"id":52909,"href":"https:\/\/radiorevelacionfm.cl\/index.php?rest_route=\/wp\/v2\/posts\/52888\/revisions\/52909"}],"wp:featuredmedia":[{"embeddable":true,"href":"https:\/\/radiorevelacionfm.cl\/index.php?rest_route=\/wp\/v2\/media\/52890"}],"wp:attachment":[{"href":"https:\/\/radiorevelacionfm.cl\/index.php?rest_route=%2Fwp%2Fv2%2Fmedia&parent=52888"}],"wp:term":[{"taxonomy":"category","embeddable":true,"href":"https:\/\/radiorevelacionfm.cl\/index.php?rest_route=%2Fwp%2Fv2%2Fcategories&post=52888"},{"taxonomy":"post_tag","embeddable":true,"href":"https:\/\/radiorevelacionfm.cl\/index.php?rest_route=%2Fwp%2Fv2%2Ftags&post=52888"}],"curies":[{"name":"wp","href":"https:\/\/api.w.org\/{rel}","templated":true}]}}