{"id":52884,"date":"2025-04-21T17:29:39","date_gmt":"2025-04-21T20:29:39","guid":{"rendered":"https:\/\/radiorevelacionfm.cl\/?p=52884"},"modified":"2025-04-21T17:29:39","modified_gmt":"2025-04-21T20:29:39","slug":"festival-de-cine-ojo-de-pescado-lanza-el-ii-concurso-de-ilustracion-bajo-el-lema-convivamos-en-paz-y-abre-convocatoria-para-su-competencia-jovenes-cineastas","status":"publish","type":"post","link":"https:\/\/radiorevelacionfm.cl\/?p=52884","title":{"rendered":"Festival de Cine Ojo de Pescado lanza el II Concurso de Ilustraci\u00f3n bajo el lema \u00a1Convivamos en Paz! y abre convocatoria para su competencia J\u00f3venes Cineastas"},"content":{"rendered":"<div class=\"flex_column av_one_full  flex_column_div av-zero-column-padding first  avia-builder-el-0  el_before_av_one_full  avia-builder-el-first  \" style='border-radius:0px; '><div  class='avia-image-container  av-styling-    avia-builder-el-1  avia-builder-el-no-sibling  avia-align-center '  itemprop=\"image\" itemscope=\"itemscope\" itemtype=\"https:\/\/schema.org\/ImageObject\"  ><div class='avia-image-container-inner'><div class='avia-image-overlay-wrap'><img decoding=\"async\" class='wp-image-52885 avia-img-lazy-loading-not-52885 avia_image' src=\"https:\/\/radiorevelacionfm.cl\/wp-content\/uploads\/2025\/04\/afiche-instagram-2-1-1_optimized.jpg\" alt='' title='afiche-instagram-(2)-(1)-(1)_optimized' height=\"1000\" width=\"800\"  itemprop=\"thumbnailUrl\" srcset=\"https:\/\/radiorevelacionfm.cl\/wp-content\/uploads\/2025\/04\/afiche-instagram-2-1-1_optimized.jpg 800w, https:\/\/radiorevelacionfm.cl\/wp-content\/uploads\/2025\/04\/afiche-instagram-2-1-1_optimized-240x300.jpg 240w, https:\/\/radiorevelacionfm.cl\/wp-content\/uploads\/2025\/04\/afiche-instagram-2-1-1_optimized-768x960.jpg 768w, https:\/\/radiorevelacionfm.cl\/wp-content\/uploads\/2025\/04\/afiche-instagram-2-1-1_optimized-564x705.jpg 564w, https:\/\/radiorevelacionfm.cl\/wp-content\/uploads\/2025\/04\/afiche-instagram-2-1-1_optimized-450x563.jpg 450w, https:\/\/radiorevelacionfm.cl\/wp-content\/uploads\/2025\/04\/afiche-instagram-2-1-1_optimized-600x750.jpg 600w\" sizes=\"(max-width: 800px) 100vw, 800px\" \/><\/div><\/div><\/div><\/div><div class=\"flex_column av_one_full  flex_column_div av-zero-column-padding first  avia-builder-el-2  el_after_av_one_full  el_before_av_one_full  column-top-margin\" style='border-radius:0px; '><section class=\"av_textblock_section \"  itemscope=\"itemscope\" itemtype=\"https:\/\/schema.org\/BlogPosting\" itemprop=\"blogPost\" ><div class='avia_textblock  '   itemprop=\"text\" ><p style=\"text-align: center;\"><strong><span style=\"font-size: 18pt;\">Festival de Cine Ojo de Pescado lanza el II Concurso de Ilustraci\u00f3n bajo el lema \u00a1Convivamos en Paz! y abre convocatoria para su competencia J\u00f3venes Cineastas<\/span><\/strong><\/p>\n<div id=\"gtx-trans\" style=\"position: absolute; left: -50px; top: 4.31534px;\">\n<div class=\"gtx-trans-icon\"><\/div>\n<\/div>\n<\/div><\/section><\/div><div class=\"flex_column av_one_full  flex_column_div av-zero-column-padding first  avia-builder-el-4  el_after_av_one_full  el_before_av_hr  column-top-margin\" style='border-radius:0px; '><section class=\"av_textblock_section \"  itemscope=\"itemscope\" itemtype=\"https:\/\/schema.org\/BlogPosting\" itemprop=\"blogPost\" ><div class='avia_textblock  '   itemprop=\"text\" ><ul>\n<li style=\"text-align: justify;\"><em>La ilustraci\u00f3n ganadora ser\u00e1 la imagen oficial del 14\u00ba Festival de Cine Ojo de Pescado, proyecto financiado por el Fondo de Fomento Audiovisual, Convocatoria 2025 del Ministerio de las Culturas, las Artes y el Patrimonio.<\/em><\/li>\n<\/ul>\n<ul style=\"text-align: justify;\">\n<li><em>Tambi\u00e9n est\u00e1n abiertas las postulaciones para la categor\u00eda de la competencia &#8216;J\u00f3venes Cineastas&#8217;, una secci\u00f3n especial para ni\u00f1os, ni\u00f1as y adolescentes, donde podr\u00e1n presentar sus obras y demostrar su talento en el cine.<\/em><\/li>\n<\/ul>\n<p style=\"text-align: justify;\">Despu\u00e9s del entusiasmo generado por la primera edici\u00f3n del Concurso de Ilustraci\u00f3n en el 2024, el festival invita a ni\u00f1os, ni\u00f1as y j\u00f3venes a participar bajo la premisa \u00a1Convivamos en Paz!, alentando a cada participante a reflexionar sobre la empat\u00eda, la solidaridad y el respeto, dejando atr\u00e1s lo que nos divide.<\/p>\n<p style=\"text-align: justify;\">Este concurso es un espacio para que, a trav\u00e9s de los pinceles y l\u00e1pices, puedan dar forma a sus ideas y aportar nuevas miradas para resolver los desaf\u00edos de nuestra sociedad. Porque sus miradas enriquecen el mundo y nos desaf\u00edan a verlo con nuevos ojos. Este proyecto es financiado por el Fondo de Fomento Audiovisual, Convocatoria 2025, del Ministerio de las Culturas, las Artes y el Patrimonio.<\/p>\n<p style=\"text-align: justify;\"><strong>\u00bfC\u00f3mo hacerlo?<\/strong><\/p>\n<p style=\"text-align: justify;\">Queremos explorar, a trav\u00e9s de la ilustraci\u00f3n, los mundos fascinantes que habitan en la imaginaci\u00f3n de ni\u00f1os, ni\u00f1as y adolescentes de 8 a 15 a\u00f1os de todo Chile. La convocatoria estar\u00e1 abierta hasta el 4 de mayo.<\/p>\n<p style=\"text-align: justify;\">Las bases y formulario de participaci\u00f3n ya est\u00e1n disponibles en <a href=\"http:\/\/www.ojodepescado.cl\">www.ojodepescado.cl<\/a>. Los dibujos deber\u00e1n ser escaneados y adjuntados al formulario en l\u00ednea. Se aceptan obras creadas con t\u00e9cnicas tradicionales como l\u00e1pices, acuarelas, pasteles, collage, entre otras. No se aceptar\u00e1n obras creadas en formato digital.<\/p>\n<p style=\"text-align: justify;\">Se seleccionar\u00e1 una obra ganadora y dos menciones honrosas. Todos los participantes recibir\u00e1n un diploma de reconocimiento y un pack de productos GIOTTO. La obra ganadora, adem\u00e1s, ser\u00e1 premiada con una Tablet y ser\u00e1 la imagen gr\u00e1fica oficial del 14\u00ba Festival Internacional de Cine Ojo de Pescado:<\/p>\n<p style=\"text-align: justify;\"><em>\u201cQueremos generar cada d\u00eda m\u00e1s y mejores espacios para la participaci\u00f3n genuina y expresi\u00f3n de opiniones de ni\u00f1os, ni\u00f1as y adolescentes, por eso, desde el a\u00f1o pasado, existe este concurso de ilustraci\u00f3n que permite que la imagen que representa al festival de cine Ojo de Pescado sea una manifestaci\u00f3n art\u00edstica y de ideas propia de las ni\u00f1eces y adolescencias. De esta manera, esperamos que otros ni\u00f1os y ni\u00f1as se sientan espont\u00e1neamente convocados a nuestro festival, y se sumen a esta gran fiesta que promueve los derechos de participaci\u00f3n art\u00edstica y cultural de las ni\u00f1eces por medio del cine y la televisi\u00f3n de calidad, y con enfoque de derechos humanos.\u201d se\u00f1ala <\/em>Alejandra Fritis,\u00a0 Directora Art\u00edstica del Festival Internacional de Cine Ojo de Pescado.<\/p>\n<p style=\"text-align: justify;\"><strong>\u00a1Pero eso no es todo!<\/strong><\/p>\n<p style=\"text-align: justify;\">Paralelamente se encuentran abiertas las postulaciones para la COMPETENCIA DE CORTOMETRAJES \u2018J\u00d3VENES CINEASTAS\u2019. Este concurso est\u00e1 dirigido a cortometrajes realizados por ni\u00f1os, ni\u00f1as y j\u00f3venes de Chile o Iberoam\u00e9rica de hasta 18 a\u00f1os, que est\u00e9n cursando educaci\u00f3n primaria o secundaria al momento de la creaci\u00f3n de la obra.<\/p>\n<p style=\"text-align: justify;\">La inscripci\u00f3n a la competencia es gratuita y pueden postular hasta el 30 de abril de 2025 a las 23:59 (hora chilena). Los postulantes deben completar el formulario de inscripci\u00f3n online disponible en <a href=\"http:\/\/www.ojodepescado.cl\">www.ojodepescado.cl<\/a>. Por otro lado, les recordamos que todas las categor\u00edas de competencia est\u00e1n abiertas.<\/p>\n<p style=\"text-align: justify;\">A lo largo de su trayectoria, Ojo de Pescado se ha consolidado como un referente en la promoci\u00f3n del talento art\u00edstico de ni\u00f1os, ni\u00f1as y adolescentes, fomentando el arte como una herramienta de expresi\u00f3n y un medio para comprender y transformar el entorno que los rodea. A trav\u00e9s del cine como lenguaje, invita a tomarse el tiempo de crear y observar, con ello, a cultivar una forma de mirar m\u00e1s atenta, reflexiva y sensible. De este modo, impulsa el respeto por los derechos infantiles y promueve una cultura de paz y no violencia, contribuyendo al bienestar de la humanidad, especialmente de las generaciones m\u00e1s j\u00f3venes.<\/p>\n<\/div><\/section><\/div><div  style='height:50px' class='hr hr-invisible   avia-builder-el-6  el_after_av_one_full  el_before_av_social_share '><span class='hr-inner ' ><span class='hr-inner-style'><\/span><\/span><\/div><\/p>\n<div  class='av-social-sharing-box  avia-builder-el-7  el_after_av_hr  el_before_av_hr  '><div class='av-share-box'><h5 class='av-share-link-description av-no-toc '>Compartir esta noticia<\/h5><ul class='av-share-box-list noLightbox'><li class='av-share-link av-social-link-facebook' ><a target=\"_blank\" aria-label=\"Compartir en Facebook\" href='https:\/\/www.facebook.com\/sharer.php?u=https:\/\/radiorevelacionfm.cl\/?p=52884&#038;t=Festival%20de%20Cine%20Ojo%20de%20Pescado%20lanza%20el%20II%20Concurso%20de%20Ilustraci%C3%B3n%20bajo%20el%20lema%20%C2%A1Convivamos%20en%20Paz%21%20y%20abre%20convocatoria%20para%20su%20competencia%20J%C3%B3venes%20Cineastas' aria-hidden='false' data-av_icon='\ue8f3' data-av_iconfont='entypo-fontello' title='' data-avia-related-tooltip='Compartir en Facebook' rel=\"noopener\"><span class='avia_hidden_link_text'>Compartir en Facebook<\/span><\/a><\/li><li class='av-share-link av-social-link-twitter' ><a target=\"_blank\" aria-label=\"Compartir en Twitter\" href='https:\/\/twitter.com\/share?text=Festival%20de%20Cine%20Ojo%20de%20Pescado%20lanza%20el%20II%20Concurso%20de%20Ilustraci%C3%B3n%20bajo%20el%20lema%20%C2%A1Convivamos%20en%20Paz%21%20y%20abre%20convocatoria%20para%20su%20competencia%20J%C3%B3venes%20Cineastas&#038;url=https:\/\/radiorevelacionfm.cl\/?p=52884' aria-hidden='false' data-av_icon='\ue8f1' data-av_iconfont='entypo-fontello' title='' data-avia-related-tooltip='Compartir en Twitter' rel=\"noopener\"><span class='avia_hidden_link_text'>Compartir en Twitter<\/span><\/a><\/li><li class='av-share-link av-social-link-whatsapp' ><a target=\"_blank\" aria-label=\"Compartir en Whatsapp\" href='https:\/\/api.whatsapp.com\/send?text=https:\/\/radiorevelacionfm.cl\/?p=52884' aria-hidden='false' data-av_icon='\uf232' data-av_iconfont='entypo-fontello' title='' data-avia-related-tooltip='Compartir en Whatsapp' rel=\"noopener\"><span class='avia_hidden_link_text'>Compartir en Whatsapp<\/span><\/a><\/li><li class='av-share-link av-social-link-linkedin' ><a target=\"_blank\" aria-label=\"Compartir en LinkedIn\" href='https:\/\/linkedin.com\/shareArticle?mini=true&#038;title=Festival%20de%20Cine%20Ojo%20de%20Pescado%20lanza%20el%20II%20Concurso%20de%20Ilustraci%C3%B3n%20bajo%20el%20lema%20%C2%A1Convivamos%20en%20Paz%21%20y%20abre%20convocatoria%20para%20su%20competencia%20J%C3%B3venes%20Cineastas&#038;url=https:\/\/radiorevelacionfm.cl\/?p=52884' aria-hidden='false' data-av_icon='\ue8fc' data-av_iconfont='entypo-fontello' title='' data-avia-related-tooltip='Compartir en LinkedIn' rel=\"noopener\"><span class='avia_hidden_link_text'>Compartir en LinkedIn<\/span><\/a><\/li><li class='av-share-link av-social-link-mail' ><a  aria-label=\"Compartir por correo\" href='mailto:?subject=Festival%20de%20Cine%20Ojo%20de%20Pescado%20lanza%20el%20II%20Concurso%20de%20Ilustraci%C3%B3n%20bajo%20el%20lema%20%C2%A1Convivamos%20en%20Paz%21%20y%20abre%20convocatoria%20para%20su%20competencia%20J%C3%B3venes%20Cineastas&#038;body=https:\/\/radiorevelacionfm.cl\/?p=52884' aria-hidden='false' data-av_icon='\ue805' data-av_iconfont='entypo-fontello' title='' data-avia-related-tooltip='Compartir por correo'><span class='avia_hidden_link_text'>Compartir por correo<\/span><\/a><\/li><\/ul><\/div><\/div>\n<div  style='height:50px' class='hr hr-invisible   avia-builder-el-8  el_after_av_social_share  el_before_av_comments_list '><span class='hr-inner ' ><span class='hr-inner-style'><\/span><\/span><\/div>\n<div  class='av-buildercomment  av-blog-meta-html-info-disabled av-blog-meta-tag-disabled  '><\/div>\n","protected":false},"excerpt":{"rendered":"","protected":false},"author":1,"featured_media":52885,"comment_status":"closed","ping_status":"closed","sticky":false,"template":"","format":"standard","meta":{"footnotes":""},"categories":[52],"tags":[],"class_list":["post-52884","post","type-post","status-publish","format-standard","has-post-thumbnail","hentry","category-cultura"],"jetpack_featured_media_url":"https:\/\/radiorevelacionfm.cl\/wp-content\/uploads\/2025\/04\/afiche-instagram-2-1-1_optimized.jpg","_links":{"self":[{"href":"https:\/\/radiorevelacionfm.cl\/index.php?rest_route=\/wp\/v2\/posts\/52884","targetHints":{"allow":["GET"]}}],"collection":[{"href":"https:\/\/radiorevelacionfm.cl\/index.php?rest_route=\/wp\/v2\/posts"}],"about":[{"href":"https:\/\/radiorevelacionfm.cl\/index.php?rest_route=\/wp\/v2\/types\/post"}],"author":[{"embeddable":true,"href":"https:\/\/radiorevelacionfm.cl\/index.php?rest_route=\/wp\/v2\/users\/1"}],"replies":[{"embeddable":true,"href":"https:\/\/radiorevelacionfm.cl\/index.php?rest_route=%2Fwp%2Fv2%2Fcomments&post=52884"}],"version-history":[{"count":2,"href":"https:\/\/radiorevelacionfm.cl\/index.php?rest_route=\/wp\/v2\/posts\/52884\/revisions"}],"predecessor-version":[{"id":52887,"href":"https:\/\/radiorevelacionfm.cl\/index.php?rest_route=\/wp\/v2\/posts\/52884\/revisions\/52887"}],"wp:featuredmedia":[{"embeddable":true,"href":"https:\/\/radiorevelacionfm.cl\/index.php?rest_route=\/wp\/v2\/media\/52885"}],"wp:attachment":[{"href":"https:\/\/radiorevelacionfm.cl\/index.php?rest_route=%2Fwp%2Fv2%2Fmedia&parent=52884"}],"wp:term":[{"taxonomy":"category","embeddable":true,"href":"https:\/\/radiorevelacionfm.cl\/index.php?rest_route=%2Fwp%2Fv2%2Fcategories&post=52884"},{"taxonomy":"post_tag","embeddable":true,"href":"https:\/\/radiorevelacionfm.cl\/index.php?rest_route=%2Fwp%2Fv2%2Ftags&post=52884"}],"curies":[{"name":"wp","href":"https:\/\/api.w.org\/{rel}","templated":true}]}}