{"id":5288,"date":"2021-06-15T18:27:21","date_gmt":"2021-06-15T21:27:21","guid":{"rendered":"https:\/\/radiorevelacionfm.cl\/?p=5288"},"modified":"2021-06-15T18:27:21","modified_gmt":"2021-06-15T21:27:21","slug":"pdi-detiene-a-sujeto-que-se-encontraba-profugo-de-la-justicia-por-delitos-de-robo-y-contra-la-salud-publica","status":"publish","type":"post","link":"https:\/\/radiorevelacionfm.cl\/?p=5288","title":{"rendered":"PDI detiene a sujeto que se encontraba pr\u00f3fugo de la justicia por delitos de robo y contra la salud p\u00fablica"},"content":{"rendered":"<div class=\"flex_column av_one_full  flex_column_div av-zero-column-padding first  avia-builder-el-0  el_before_av_one_full  avia-builder-el-first  \" style='border-radius:0px; '><div  class='avia-image-container  av-styling-    avia-builder-el-1  avia-builder-el-no-sibling  avia-align-center '  itemprop=\"image\" itemscope=\"itemscope\" itemtype=\"https:\/\/schema.org\/ImageObject\"  ><div class='avia-image-container-inner'><div class='avia-image-overlay-wrap'><img decoding=\"async\" class='wp-image-5289 avia-img-lazy-loading-not-5289 avia_image' src=\"https:\/\/radiorevelacionfm.cl\/wp-content\/uploads\/2021\/06\/pdi-archivo-1-1.jpg\" alt='' title='pdi-archivo (1) (1)' height=\"600\" width=\"904\"  itemprop=\"thumbnailUrl\" srcset=\"https:\/\/radiorevelacionfm.cl\/wp-content\/uploads\/2021\/06\/pdi-archivo-1-1.jpg 904w, https:\/\/radiorevelacionfm.cl\/wp-content\/uploads\/2021\/06\/pdi-archivo-1-1-300x199.jpg 300w, https:\/\/radiorevelacionfm.cl\/wp-content\/uploads\/2021\/06\/pdi-archivo-1-1-768x510.jpg 768w, https:\/\/radiorevelacionfm.cl\/wp-content\/uploads\/2021\/06\/pdi-archivo-1-1-705x468.jpg 705w, https:\/\/radiorevelacionfm.cl\/wp-content\/uploads\/2021\/06\/pdi-archivo-1-1-600x398.jpg 600w\" sizes=\"(max-width: 904px) 100vw, 904px\" \/><\/div><\/div><\/div><\/div><div class=\"flex_column av_one_full  flex_column_div av-zero-column-padding first  avia-builder-el-2  el_after_av_one_full  el_before_av_one_full  column-top-margin\" style='border-radius:0px; '><section class=\"av_textblock_section \"  itemscope=\"itemscope\" itemtype=\"https:\/\/schema.org\/BlogPosting\" itemprop=\"blogPost\" ><div class='avia_textblock  '   itemprop=\"text\" ><p style=\"text-align: center;\"><strong><span style=\"font-size: 18pt;\">PDI detiene a sujeto que se encontraba pr\u00f3fugo de la justicia por delitos de robo y contra la salud p\u00fablica<\/span><\/strong><\/p>\n<div id=\"gtx-trans\" style=\"position: absolute; left: -50px; top: 4.31534px;\">\n<div class=\"gtx-trans-icon\"><\/div>\n<\/div>\n<\/div><\/section><\/div><div class=\"flex_column av_one_full  flex_column_div av-zero-column-padding first  avia-builder-el-4  el_after_av_one_full  el_before_av_hr  column-top-margin\" style='border-radius:0px; '><section class=\"av_textblock_section \"  itemscope=\"itemscope\" itemtype=\"https:\/\/schema.org\/BlogPosting\" itemprop=\"blogPost\" ><div class='avia_textblock  '   itemprop=\"text\" ><p style=\"text-align: justify;\">Dando cumplimiento a dos \u00f3rdenes de detenci\u00f3n del Juzgado de Garant\u00eda de Coyhaique por los delitos de robo en lugar no habitado e infringir normas higi\u00e9nicas y de salubridad, detectives de la Brigada Investigadora de Robos Coyhaique detuvieron a un sujeto, mayor de edad y con antecedentes policiales, para ponerlo a disposici\u00f3n de los Tribunales de Justicia y continuar con su proceso penal.<\/p>\n<p style=\"text-align: justify;\">Al respecto, el comisario Ren\u00e9 Quintanilla, jefe subrogante de la Brigada Investigadora de Robos Coyhaique, se\u00f1al\u00f3 que \u201cse detuvo a una persona mayor de edad quien era requerida por los Tribunales de Justicia por existir dos \u00f3rdenes de detenci\u00f3n en su contra, debiendo cumplir condena por una de esas causas\u201d.<\/p>\n<p style=\"text-align: justify;\">Tras no presentarse a las audiencias para continuar con su proceso penal, el sujeto se encontraba como pr\u00f3fugo de la justicia, \u201cfue as\u00ed que mediante la investigaci\u00f3n, an\u00e1lisis criminal e inteligencia policial que se realiz\u00f3 durante varios meses, se logr\u00f3 la detenci\u00f3n el d\u00eda de ayer (lunes) en horas de la tarde, siendo puesto a disposici\u00f3n del Juzgado de Garant\u00eda el d\u00eda de hoy (martes)\u201d para su control de detenci\u00f3n, formalizaci\u00f3n y continuar con su proceso penal, puntualiz\u00f3 el comisario Quintanilla, agregando que \u201cel sujeto deambulaba por varios domicilios de familiares y amistades, se escond\u00eda y utilizaba distintos elementos para poder evadir el actuar policial\u201d.<\/p>\n<p style=\"text-align: justify;\">De acuerdo a lo informado por el jefe subrogante de la unidad especializada, el sujeto buscado por la justicia mantiene un amplio prontuario policial por delitos de robo con intimidaci\u00f3n, robo en lugar habitado, robo en lugar no habitado, lesiones menos graves, porte de arma cortante, consumo y porte de drogas en lugares p\u00fablicos, maltrato a obra de funcionarios policiales e infringir normas higi\u00e9nicas y de salubridad.<\/p>\n<p style=\"text-align: justify;\">El sujeto fue puesto a disposici\u00f3n del Juzgado de Garant\u00eda de Coyhaique durante la ma\u00f1ana del martes 15 de junio, instancia donde el Tribunal declar\u00f3 legal su detenci\u00f3n y determin\u00f3 su ingreso al Centro de Detenci\u00f3n Preventiva de Gendarmer\u00eda para cumplir condena por el delito de infringir normas higi\u00e9nicas y de salubridad, conducci\u00f3n en estado de ebriedad y sin la debida licencia, fijando plazos de investigaci\u00f3n y nueva audiencia para otras causas pendientes del imputado.<\/p>\n<\/div><\/section><\/div><div  style='height:50px' class='hr hr-invisible   avia-builder-el-6  el_after_av_one_full  el_before_av_social_share '><span class='hr-inner ' ><span class='hr-inner-style'><\/span><\/span><\/div><\/p>\n<div  class='av-social-sharing-box  avia-builder-el-7  el_after_av_hr  el_before_av_hr  '><div class='av-share-box'><h5 class='av-share-link-description av-no-toc '>Compartir esta noticia<\/h5><ul class='av-share-box-list noLightbox'><li class='av-share-link av-social-link-facebook' ><a target=\"_blank\" aria-label=\"Compartir en Facebook\" href='https:\/\/www.facebook.com\/sharer.php?u=https:\/\/radiorevelacionfm.cl\/?p=5288&#038;t=PDI%20detiene%20a%20sujeto%20que%20se%20encontraba%20pr%C3%B3fugo%20de%20la%20justicia%20por%20delitos%20de%20robo%20y%20contra%20la%20salud%20p%C3%BAblica' aria-hidden='false' data-av_icon='\ue8f3' data-av_iconfont='entypo-fontello' title='' data-avia-related-tooltip='Compartir en Facebook' rel=\"noopener\"><span class='avia_hidden_link_text'>Compartir en Facebook<\/span><\/a><\/li><li class='av-share-link av-social-link-twitter' ><a target=\"_blank\" aria-label=\"Compartir en Twitter\" href='https:\/\/twitter.com\/share?text=PDI%20detiene%20a%20sujeto%20que%20se%20encontraba%20pr%C3%B3fugo%20de%20la%20justicia%20por%20delitos%20de%20robo%20y%20contra%20la%20salud%20p%C3%BAblica&#038;url=https:\/\/radiorevelacionfm.cl\/?p=5288' aria-hidden='false' data-av_icon='\ue8f1' data-av_iconfont='entypo-fontello' title='' data-avia-related-tooltip='Compartir en Twitter' rel=\"noopener\"><span class='avia_hidden_link_text'>Compartir en Twitter<\/span><\/a><\/li><li class='av-share-link av-social-link-whatsapp' ><a target=\"_blank\" aria-label=\"Compartir en Whatsapp\" href='https:\/\/api.whatsapp.com\/send?text=https:\/\/radiorevelacionfm.cl\/?p=5288' aria-hidden='false' data-av_icon='\uf232' data-av_iconfont='entypo-fontello' title='' data-avia-related-tooltip='Compartir en Whatsapp' rel=\"noopener\"><span class='avia_hidden_link_text'>Compartir en Whatsapp<\/span><\/a><\/li><li class='av-share-link av-social-link-linkedin' ><a target=\"_blank\" aria-label=\"Compartir en LinkedIn\" href='https:\/\/linkedin.com\/shareArticle?mini=true&#038;title=PDI%20detiene%20a%20sujeto%20que%20se%20encontraba%20pr%C3%B3fugo%20de%20la%20justicia%20por%20delitos%20de%20robo%20y%20contra%20la%20salud%20p%C3%BAblica&#038;url=https:\/\/radiorevelacionfm.cl\/?p=5288' aria-hidden='false' data-av_icon='\ue8fc' data-av_iconfont='entypo-fontello' title='' data-avia-related-tooltip='Compartir en LinkedIn' rel=\"noopener\"><span class='avia_hidden_link_text'>Compartir en LinkedIn<\/span><\/a><\/li><li class='av-share-link av-social-link-mail' ><a  aria-label=\"Compartir por correo\" href='mailto:?subject=PDI%20detiene%20a%20sujeto%20que%20se%20encontraba%20pr%C3%B3fugo%20de%20la%20justicia%20por%20delitos%20de%20robo%20y%20contra%20la%20salud%20p%C3%BAblica&#038;body=https:\/\/radiorevelacionfm.cl\/?p=5288' aria-hidden='false' data-av_icon='\ue805' data-av_iconfont='entypo-fontello' title='' data-avia-related-tooltip='Compartir por correo'><span class='avia_hidden_link_text'>Compartir por correo<\/span><\/a><\/li><\/ul><\/div><\/div>\n<div  style='height:50px' class='hr hr-invisible   avia-builder-el-8  el_after_av_social_share  el_before_av_comments_list '><span class='hr-inner ' ><span class='hr-inner-style'><\/span><\/span><\/div>\n<div  class='av-buildercomment  av-blog-meta-html-info-disabled av-blog-meta-tag-disabled  '><\/div>\n","protected":false},"excerpt":{"rendered":"","protected":false},"author":1,"featured_media":5289,"comment_status":"open","ping_status":"open","sticky":false,"template":"","format":"standard","meta":{"footnotes":""},"categories":[36],"tags":[],"class_list":["post-5288","post","type-post","status-publish","format-standard","has-post-thumbnail","hentry","category-policial"],"jetpack_featured_media_url":"https:\/\/radiorevelacionfm.cl\/wp-content\/uploads\/2021\/06\/pdi-archivo-1-1.jpg","_links":{"self":[{"href":"https:\/\/radiorevelacionfm.cl\/index.php?rest_route=\/wp\/v2\/posts\/5288","targetHints":{"allow":["GET"]}}],"collection":[{"href":"https:\/\/radiorevelacionfm.cl\/index.php?rest_route=\/wp\/v2\/posts"}],"about":[{"href":"https:\/\/radiorevelacionfm.cl\/index.php?rest_route=\/wp\/v2\/types\/post"}],"author":[{"embeddable":true,"href":"https:\/\/radiorevelacionfm.cl\/index.php?rest_route=\/wp\/v2\/users\/1"}],"replies":[{"embeddable":true,"href":"https:\/\/radiorevelacionfm.cl\/index.php?rest_route=%2Fwp%2Fv2%2Fcomments&post=5288"}],"version-history":[{"count":1,"href":"https:\/\/radiorevelacionfm.cl\/index.php?rest_route=\/wp\/v2\/posts\/5288\/revisions"}],"predecessor-version":[{"id":5290,"href":"https:\/\/radiorevelacionfm.cl\/index.php?rest_route=\/wp\/v2\/posts\/5288\/revisions\/5290"}],"wp:featuredmedia":[{"embeddable":true,"href":"https:\/\/radiorevelacionfm.cl\/index.php?rest_route=\/wp\/v2\/media\/5289"}],"wp:attachment":[{"href":"https:\/\/radiorevelacionfm.cl\/index.php?rest_route=%2Fwp%2Fv2%2Fmedia&parent=5288"}],"wp:term":[{"taxonomy":"category","embeddable":true,"href":"https:\/\/radiorevelacionfm.cl\/index.php?rest_route=%2Fwp%2Fv2%2Fcategories&post=5288"},{"taxonomy":"post_tag","embeddable":true,"href":"https:\/\/radiorevelacionfm.cl\/index.php?rest_route=%2Fwp%2Fv2%2Ftags&post=5288"}],"curies":[{"name":"wp","href":"https:\/\/api.w.org\/{rel}","templated":true}]}}