{"id":52876,"date":"2025-04-21T14:58:49","date_gmt":"2025-04-21T17:58:49","guid":{"rendered":"https:\/\/radiorevelacionfm.cl\/?p=52876"},"modified":"2025-04-21T14:58:49","modified_gmt":"2025-04-21T17:58:49","slug":"puerto-cisnes-impulsa-mejoras-en-infraestructura-turistica","status":"publish","type":"post","link":"https:\/\/radiorevelacionfm.cl\/?p=52876","title":{"rendered":"\u00a1Puerto Cisnes impulsa mejoras en infraestructura tur\u00edstica!"},"content":{"rendered":"<div class=\"flex_column av_one_full  flex_column_div av-zero-column-padding first  avia-builder-el-0  el_before_av_one_full  avia-builder-el-first  \" style='border-radius:0px; '><div  class='avia-image-container  av-styling-    avia-builder-el-1  avia-builder-el-no-sibling  avia-align-center '  itemprop=\"image\" itemscope=\"itemscope\" itemtype=\"https:\/\/schema.org\/ImageObject\"  ><div class='avia-image-container-inner'><div class='avia-image-overlay-wrap'><img decoding=\"async\" class='wp-image-52877 avia-img-lazy-loading-not-52877 avia_image' src=\"https:\/\/radiorevelacionfm.cl\/wp-content\/uploads\/2025\/04\/fotorender-1_optimized-1.jpg\" alt='' title='fotorender-(1)_optimized (1)' height=\"600\" width=\"1067\"  itemprop=\"thumbnailUrl\" srcset=\"https:\/\/radiorevelacionfm.cl\/wp-content\/uploads\/2025\/04\/fotorender-1_optimized-1.jpg 1067w, https:\/\/radiorevelacionfm.cl\/wp-content\/uploads\/2025\/04\/fotorender-1_optimized-1-300x169.jpg 300w, https:\/\/radiorevelacionfm.cl\/wp-content\/uploads\/2025\/04\/fotorender-1_optimized-1-1030x579.jpg 1030w, https:\/\/radiorevelacionfm.cl\/wp-content\/uploads\/2025\/04\/fotorender-1_optimized-1-768x432.jpg 768w, https:\/\/radiorevelacionfm.cl\/wp-content\/uploads\/2025\/04\/fotorender-1_optimized-1-705x396.jpg 705w, https:\/\/radiorevelacionfm.cl\/wp-content\/uploads\/2025\/04\/fotorender-1_optimized-1-450x253.jpg 450w, https:\/\/radiorevelacionfm.cl\/wp-content\/uploads\/2025\/04\/fotorender-1_optimized-1-600x337.jpg 600w\" sizes=\"(max-width: 1067px) 100vw, 1067px\" \/><\/div><\/div><\/div><\/div><div class=\"flex_column av_one_full  flex_column_div av-zero-column-padding first  avia-builder-el-2  el_after_av_one_full  el_before_av_one_full  column-top-margin\" style='border-radius:0px; '><section class=\"av_textblock_section \"  itemscope=\"itemscope\" itemtype=\"https:\/\/schema.org\/BlogPosting\" itemprop=\"blogPost\" ><div class='avia_textblock  '   itemprop=\"text\" ><p style=\"text-align: center;\"><span style=\"font-size: 18pt;\"><strong>\u00a1Puerto Cisnes impulsa mejoras en infraestructura tur\u00edstica!<\/strong><\/span><\/p>\n<div id=\"gtx-trans\" style=\"position: absolute; left: -50px; top: 4.31534px;\">\n<div class=\"gtx-trans-icon\"><\/div>\n<\/div>\n<\/div><\/section><\/div><div class=\"flex_column av_one_full  flex_column_div av-zero-column-padding first  avia-builder-el-4  el_after_av_one_full  el_before_av_hr  column-top-margin\" style='border-radius:0px; '><section class=\"av_textblock_section \"  itemscope=\"itemscope\" itemtype=\"https:\/\/schema.org\/BlogPosting\" itemprop=\"blogPost\" ><div class='avia_textblock  '   itemprop=\"text\" ><p style=\"text-align: justify;\">Con la entrega oficial del terreno a la empresa contratista, se dio el primer paso para la ejecuci\u00f3n del proyecto \u201cMejoramiento de Accesibilidad Mirador Los Chonos\u201d en la comuna de Cisnes, una iniciativa que busca transformar este importante espacio tur\u00edstico en un lugar m\u00e1s seguro, inclusivo y accesible para todos y todas.<\/p>\n<p style=\"text-align: justify;\">El proyecto es financiado por la Subsecretar\u00eda de Desarrollo Regional y Administrativo (Subdere), a trav\u00e9s del Programa de Mejoramiento Urbano (PMU), con una inversi\u00f3n de $74.727.240 pesos (IVA incluido) y un plazo de ejecuci\u00f3n de 179 d\u00edas corridos.<\/p>\n<p style=\"text-align: justify;\">El alcalde de la comuna de Cisnes, Francisco Roncagliolo, expres\u00f3 su durante esta etapa inicial, se\u00f1alando que cada proyecto que se pone en marcha es una clara muestra del avance de la comuna hacia un futuro m\u00e1s conectado y moderno. <em>\u00abCon esta intervenci\u00f3n, buscamos seguir mejorando la infraestructura tur\u00edstica, lo que no solo beneficia a los cisnenses, sino tambi\u00e9n a los muchos turistas que eligen nuestra comuna como destino\u00bb<\/em>, destac\u00f3 el edil.<\/p>\n<p style=\"text-align: justify;\">Este proyecto tiene como eje central mejorar la accesibilidad universal del Mirador Los Chonos. Para ello, se construir\u00e1 un radier de hormig\u00f3n en las \u00e1reas de circulaci\u00f3n, permitiendo un desplazamiento m\u00e1s seguro y c\u00f3modo para todas las personas. Adem\u00e1s, se reconstruir\u00e1n los dos miradores existentes, se realizar\u00e1 la mantenci\u00f3n de la techumbre de las estatuas y se instalar\u00e1 iluminaci\u00f3n en todo el sector, lo que no solo embellecer\u00e1 el entorno, sino que tambi\u00e9n mejorar\u00e1 significativamente la seguridad para quienes visiten el lugar en horarios de menor luz.<\/p>\n<p style=\"text-align: justify;\">Con estas mejoras, el Mirador Los Chonos se prepara para recibir a m\u00e1s personas, creando un espacio m\u00e1s accesible, seguro y conectado con la belleza natural que distingue a Puerto Cisnes.<\/p>\n<\/div><\/section><\/div><div  style='height:50px' class='hr hr-invisible   avia-builder-el-6  el_after_av_one_full  el_before_av_social_share '><span class='hr-inner ' ><span class='hr-inner-style'><\/span><\/span><\/div><\/p>\n<div  class='av-social-sharing-box  avia-builder-el-7  el_after_av_hr  el_before_av_hr  '><div class='av-share-box'><h5 class='av-share-link-description av-no-toc '>Compartir esta noticia<\/h5><ul class='av-share-box-list noLightbox'><li class='av-share-link av-social-link-facebook' ><a target=\"_blank\" aria-label=\"Compartir en Facebook\" href='https:\/\/www.facebook.com\/sharer.php?u=https:\/\/radiorevelacionfm.cl\/?p=52876&#038;t=%C2%A1Puerto%20Cisnes%20impulsa%20mejoras%20en%20infraestructura%20tur%C3%ADstica%21' aria-hidden='false' data-av_icon='\ue8f3' data-av_iconfont='entypo-fontello' title='' data-avia-related-tooltip='Compartir en Facebook' rel=\"noopener\"><span class='avia_hidden_link_text'>Compartir en Facebook<\/span><\/a><\/li><li class='av-share-link av-social-link-twitter' ><a target=\"_blank\" aria-label=\"Compartir en Twitter\" href='https:\/\/twitter.com\/share?text=%C2%A1Puerto%20Cisnes%20impulsa%20mejoras%20en%20infraestructura%20tur%C3%ADstica%21&#038;url=https:\/\/radiorevelacionfm.cl\/?p=52876' aria-hidden='false' data-av_icon='\ue8f1' data-av_iconfont='entypo-fontello' title='' data-avia-related-tooltip='Compartir en Twitter' rel=\"noopener\"><span class='avia_hidden_link_text'>Compartir en Twitter<\/span><\/a><\/li><li class='av-share-link av-social-link-whatsapp' ><a target=\"_blank\" aria-label=\"Compartir en Whatsapp\" href='https:\/\/api.whatsapp.com\/send?text=https:\/\/radiorevelacionfm.cl\/?p=52876' aria-hidden='false' data-av_icon='\uf232' data-av_iconfont='entypo-fontello' title='' data-avia-related-tooltip='Compartir en Whatsapp' rel=\"noopener\"><span class='avia_hidden_link_text'>Compartir en Whatsapp<\/span><\/a><\/li><li class='av-share-link av-social-link-linkedin' ><a target=\"_blank\" aria-label=\"Compartir en LinkedIn\" href='https:\/\/linkedin.com\/shareArticle?mini=true&#038;title=%C2%A1Puerto%20Cisnes%20impulsa%20mejoras%20en%20infraestructura%20tur%C3%ADstica%21&#038;url=https:\/\/radiorevelacionfm.cl\/?p=52876' aria-hidden='false' data-av_icon='\ue8fc' data-av_iconfont='entypo-fontello' title='' data-avia-related-tooltip='Compartir en LinkedIn' rel=\"noopener\"><span class='avia_hidden_link_text'>Compartir en LinkedIn<\/span><\/a><\/li><li class='av-share-link av-social-link-mail' ><a  aria-label=\"Compartir por correo\" href='mailto:?subject=%C2%A1Puerto%20Cisnes%20impulsa%20mejoras%20en%20infraestructura%20tur%C3%ADstica%21&#038;body=https:\/\/radiorevelacionfm.cl\/?p=52876' aria-hidden='false' data-av_icon='\ue805' data-av_iconfont='entypo-fontello' title='' data-avia-related-tooltip='Compartir por correo'><span class='avia_hidden_link_text'>Compartir por correo<\/span><\/a><\/li><\/ul><\/div><\/div>\n<div  style='height:50px' class='hr hr-invisible   avia-builder-el-8  el_after_av_social_share  el_before_av_comments_list '><span class='hr-inner ' ><span class='hr-inner-style'><\/span><\/span><\/div>\n<div  class='av-buildercomment  av-blog-meta-html-info-disabled av-blog-meta-tag-disabled  '><\/div>\n","protected":false},"excerpt":{"rendered":"","protected":false},"author":1,"featured_media":52877,"comment_status":"closed","ping_status":"closed","sticky":false,"template":"","format":"standard","meta":{"footnotes":""},"categories":[38],"tags":[],"class_list":["post-52876","post","type-post","status-publish","format-standard","has-post-thumbnail","hentry","category-regional"],"jetpack_featured_media_url":"https:\/\/radiorevelacionfm.cl\/wp-content\/uploads\/2025\/04\/fotorender-1_optimized-1.jpg","_links":{"self":[{"href":"https:\/\/radiorevelacionfm.cl\/index.php?rest_route=\/wp\/v2\/posts\/52876","targetHints":{"allow":["GET"]}}],"collection":[{"href":"https:\/\/radiorevelacionfm.cl\/index.php?rest_route=\/wp\/v2\/posts"}],"about":[{"href":"https:\/\/radiorevelacionfm.cl\/index.php?rest_route=\/wp\/v2\/types\/post"}],"author":[{"embeddable":true,"href":"https:\/\/radiorevelacionfm.cl\/index.php?rest_route=\/wp\/v2\/users\/1"}],"replies":[{"embeddable":true,"href":"https:\/\/radiorevelacionfm.cl\/index.php?rest_route=%2Fwp%2Fv2%2Fcomments&post=52876"}],"version-history":[{"count":2,"href":"https:\/\/radiorevelacionfm.cl\/index.php?rest_route=\/wp\/v2\/posts\/52876\/revisions"}],"predecessor-version":[{"id":52879,"href":"https:\/\/radiorevelacionfm.cl\/index.php?rest_route=\/wp\/v2\/posts\/52876\/revisions\/52879"}],"wp:featuredmedia":[{"embeddable":true,"href":"https:\/\/radiorevelacionfm.cl\/index.php?rest_route=\/wp\/v2\/media\/52877"}],"wp:attachment":[{"href":"https:\/\/radiorevelacionfm.cl\/index.php?rest_route=%2Fwp%2Fv2%2Fmedia&parent=52876"}],"wp:term":[{"taxonomy":"category","embeddable":true,"href":"https:\/\/radiorevelacionfm.cl\/index.php?rest_route=%2Fwp%2Fv2%2Fcategories&post=52876"},{"taxonomy":"post_tag","embeddable":true,"href":"https:\/\/radiorevelacionfm.cl\/index.php?rest_route=%2Fwp%2Fv2%2Ftags&post=52876"}],"curies":[{"name":"wp","href":"https:\/\/api.w.org\/{rel}","templated":true}]}}