{"id":52872,"date":"2025-04-21T12:02:27","date_gmt":"2025-04-21T15:02:27","guid":{"rendered":"https:\/\/radiorevelacionfm.cl\/?p=52872"},"modified":"2025-04-21T12:02:27","modified_gmt":"2025-04-21T15:02:27","slug":"comunidad-de-cisnes-fue-protagonista-de-ciencia-en-el-territorio","status":"publish","type":"post","link":"https:\/\/radiorevelacionfm.cl\/?p=52872","title":{"rendered":"Comunidad de Cisnes fue protagonista de \u201cCiencia en el territorio\u201d"},"content":{"rendered":"<div class=\"flex_column av_one_full  flex_column_div av-zero-column-padding first  avia-builder-el-0  el_before_av_one_full  avia-builder-el-first  \" style='border-radius:0px; '><div  class='avia-image-container  av-styling-    avia-builder-el-1  avia-builder-el-no-sibling  avia-align-center '  itemprop=\"image\" itemscope=\"itemscope\" itemtype=\"https:\/\/schema.org\/ImageObject\"  ><div class='avia-image-container-inner'><div class='avia-image-overlay-wrap'><img decoding=\"async\" class='wp-image-52873 avia-img-lazy-loading-not-52873 avia_image' src=\"https:\/\/radiorevelacionfm.cl\/wp-content\/uploads\/2025\/04\/ciencia-en-el-territorio-2-cisnes-1_optimized.jpg\" alt='' title='ciencia-en-el-territorio-2---cisnes-(1)_optimized' height=\"600\" width=\"800\"  itemprop=\"thumbnailUrl\" srcset=\"https:\/\/radiorevelacionfm.cl\/wp-content\/uploads\/2025\/04\/ciencia-en-el-territorio-2-cisnes-1_optimized.jpg 800w, https:\/\/radiorevelacionfm.cl\/wp-content\/uploads\/2025\/04\/ciencia-en-el-territorio-2-cisnes-1_optimized-300x225.jpg 300w, https:\/\/radiorevelacionfm.cl\/wp-content\/uploads\/2025\/04\/ciencia-en-el-territorio-2-cisnes-1_optimized-768x576.jpg 768w, https:\/\/radiorevelacionfm.cl\/wp-content\/uploads\/2025\/04\/ciencia-en-el-territorio-2-cisnes-1_optimized-705x529.jpg 705w, https:\/\/radiorevelacionfm.cl\/wp-content\/uploads\/2025\/04\/ciencia-en-el-territorio-2-cisnes-1_optimized-450x338.jpg 450w, https:\/\/radiorevelacionfm.cl\/wp-content\/uploads\/2025\/04\/ciencia-en-el-territorio-2-cisnes-1_optimized-600x450.jpg 600w\" sizes=\"(max-width: 800px) 100vw, 800px\" \/><\/div><\/div><\/div><\/div><div class=\"flex_column av_one_full  flex_column_div av-zero-column-padding first  avia-builder-el-2  el_after_av_one_full  el_before_av_one_full  column-top-margin\" style='border-radius:0px; '><section class=\"av_textblock_section \"  itemscope=\"itemscope\" itemtype=\"https:\/\/schema.org\/BlogPosting\" itemprop=\"blogPost\" ><div class='avia_textblock  '   itemprop=\"text\" ><p style=\"text-align: center;\"><span style=\"font-size: 18pt;\"><b>Comunidad de Cisnes fue protagonista de \u201cCiencia en el territorio\u201d<\/b><\/span><\/p>\n<div id=\"gtx-trans\" style=\"position: absolute; left: -50px; top: 4.31534px;\">\n<div class=\"gtx-trans-icon\"><\/div>\n<\/div>\n<\/div><\/section><\/div><div class=\"flex_column av_one_full  flex_column_div av-zero-column-padding first  avia-builder-el-4  el_after_av_one_full  el_before_av_hr  column-top-margin\" style='border-radius:0px; '><section class=\"av_textblock_section \"  itemscope=\"itemscope\" itemtype=\"https:\/\/schema.org\/BlogPosting\" itemprop=\"blogPost\" ><div class='avia_textblock  '   itemprop=\"text\" ><p style=\"text-align: justify;\"><em>Con ciencia participativa, ni\u00f1os y adultos, conocieron y experimentaron distintas \u00e1reas del conocimiento a trav\u00e9s de la interacci\u00f3n directa con investigadores regionales del CIEP.<\/em><\/p>\n<p style=\"text-align: justify;\">Una jornada de conocimiento, charlas y m\u00fasica vivi\u00f3 la comuna de Cisnes el pasado martes, con el desarrollo de \u201cCiencia en el Territorio\u201d, actividad organizada por el Centro de Investigaci\u00f3n en Ecosistemas de la Patagonia, CIEP, con el apoyo de la Municipalidad de Cisnes y el financiamiento del Gobierno Regional de Ays\u00e9n y su Consejo.<\/p>\n<p style=\"text-align: justify;\">\u201cEn lo personal me parece fant\u00e1stico, creo que es una gran ventaja para toda la comunidad poder tener la ciencia \u2018en su casa\u2019, por lo general para acceder a la ciencia tenemos que visitar un museo o ir a un lugar espec\u00edfico para aprender de eso y no siempre est\u00e1 disponible. Tambi\u00e9n que lo puedan traer aqu\u00ed a Puerto Cisnes en un lenguaje simple, donde pueden venir ni\u00f1os, adultos y entender muchas cosas que est\u00e1n pasando dentro del territorio es muy interesante de conocer\u201d, coment\u00f3 con entusiasmo Celestino Ancamil Hern\u00e1ndez, presidente de la Agrupaci\u00f3n de Turismo N\u00e1utico y Conservaci\u00f3n de Cet\u00e1ceos de Cisnes, quien expuso ante los asistentes parte del trabajo realizado.<\/p>\n<p style=\"text-align: justify;\">Durante la jornada que se desarroll\u00f3, hasta las 18 horas, en el Gimnasio Segundo Subiabre, tambi\u00e9n alumnos de la Escuela Guido G\u00f3mez participaron recorriendo una docena de stand instalados, a trav\u00e9s de los cuales investigadores del CIEP, compartieron temas como la energ\u00eda renovable, experiencias de laboratorio, muestras oceanogr\u00e1ficas, caracterizaci\u00f3n de las mieles de la regi\u00f3n, adem\u00e1s de estudios de la calidad del aire y del laboratorio social.<\/p>\n<p style=\"text-align: justify;\">Tambi\u00e9n hubo charlas de ciencia participativa y el acompa\u00f1amiento musical de bandas locales como Santiago Vald\u00e9s y Cristian Araya.<\/p>\n<p style=\"text-align: justify;\">CIENCIA APLICADA AL TERRITORIO<\/p>\n<p style=\"text-align: justify;\">El alcalde de la comuna de Cisnes, Francisco Roncagliolo, quien particip\u00f3 de la inauguraci\u00f3n de la feria, valor\u00f3 el encuentro abierto a la comunidad.<\/p>\n<p style=\"text-align: justify;\">\u201cEstoy muy contento de que se pueda realizar esta actividad de ciencia aqu\u00ed en la comunidad (\u2026) y una de las cosas que nosotros relevamos mucho y es de lo que m\u00e1s nos interesa en este proceso, es que se aplique la ciencia, pero no cualquier ciencia, una ciencia aplicada al territorio, una ciencia que permita conocer lo que tenemos, pero tambi\u00e9n que nos permita trabajar con lo que tenemos\u201d.<\/p>\n<p style=\"text-align: justify;\">Roncagliolo, agreg\u00f3 que \u201choy d\u00eda es muy relevante este acercamiento que hace el CIEP a la comunidad, nuestros estudiantes y a todos los sectores productivos en general, creo que se tienen que buscar puntos de encuentro para poder\u00a0 potenciar todas las habilidades que tenemos, tanto con este centro creado por nuestra regi\u00f3n para beneficio de la regi\u00f3n como tambi\u00e9n el mundo privado que es muy necesario para desarrollar nuestros sectores productivos y tambi\u00e9n lo que podemos hacer nosotros desde los sectores p\u00fablicos porque tambi\u00e9n necesitamos informaci\u00f3n\u201d.<\/p>\n<\/div><\/section><\/div><div  style='height:50px' class='hr hr-invisible   avia-builder-el-6  el_after_av_one_full  el_before_av_social_share '><span class='hr-inner ' ><span class='hr-inner-style'><\/span><\/span><\/div><\/p>\n<div  class='av-social-sharing-box  avia-builder-el-7  el_after_av_hr  el_before_av_hr  '><div class='av-share-box'><h5 class='av-share-link-description av-no-toc '>Compartir esta noticia<\/h5><ul class='av-share-box-list noLightbox'><li class='av-share-link av-social-link-facebook' ><a target=\"_blank\" aria-label=\"Compartir en Facebook\" href='https:\/\/www.facebook.com\/sharer.php?u=https:\/\/radiorevelacionfm.cl\/?p=52872&#038;t=Comunidad%20de%20Cisnes%20fue%20protagonista%20de%20%E2%80%9CCiencia%20en%20el%20territorio%E2%80%9D' aria-hidden='false' data-av_icon='\ue8f3' data-av_iconfont='entypo-fontello' title='' data-avia-related-tooltip='Compartir en Facebook' rel=\"noopener\"><span class='avia_hidden_link_text'>Compartir en Facebook<\/span><\/a><\/li><li class='av-share-link av-social-link-twitter' ><a target=\"_blank\" aria-label=\"Compartir en Twitter\" href='https:\/\/twitter.com\/share?text=Comunidad%20de%20Cisnes%20fue%20protagonista%20de%20%E2%80%9CCiencia%20en%20el%20territorio%E2%80%9D&#038;url=https:\/\/radiorevelacionfm.cl\/?p=52872' aria-hidden='false' data-av_icon='\ue8f1' data-av_iconfont='entypo-fontello' title='' data-avia-related-tooltip='Compartir en Twitter' rel=\"noopener\"><span class='avia_hidden_link_text'>Compartir en Twitter<\/span><\/a><\/li><li class='av-share-link av-social-link-whatsapp' ><a target=\"_blank\" aria-label=\"Compartir en Whatsapp\" href='https:\/\/api.whatsapp.com\/send?text=https:\/\/radiorevelacionfm.cl\/?p=52872' aria-hidden='false' data-av_icon='\uf232' data-av_iconfont='entypo-fontello' title='' data-avia-related-tooltip='Compartir en Whatsapp' rel=\"noopener\"><span class='avia_hidden_link_text'>Compartir en Whatsapp<\/span><\/a><\/li><li class='av-share-link av-social-link-linkedin' ><a target=\"_blank\" aria-label=\"Compartir en LinkedIn\" href='https:\/\/linkedin.com\/shareArticle?mini=true&#038;title=Comunidad%20de%20Cisnes%20fue%20protagonista%20de%20%E2%80%9CCiencia%20en%20el%20territorio%E2%80%9D&#038;url=https:\/\/radiorevelacionfm.cl\/?p=52872' aria-hidden='false' data-av_icon='\ue8fc' data-av_iconfont='entypo-fontello' title='' data-avia-related-tooltip='Compartir en LinkedIn' rel=\"noopener\"><span class='avia_hidden_link_text'>Compartir en LinkedIn<\/span><\/a><\/li><li class='av-share-link av-social-link-mail' ><a  aria-label=\"Compartir por correo\" href='mailto:?subject=Comunidad%20de%20Cisnes%20fue%20protagonista%20de%20%E2%80%9CCiencia%20en%20el%20territorio%E2%80%9D&#038;body=https:\/\/radiorevelacionfm.cl\/?p=52872' aria-hidden='false' data-av_icon='\ue805' data-av_iconfont='entypo-fontello' title='' data-avia-related-tooltip='Compartir por correo'><span class='avia_hidden_link_text'>Compartir por correo<\/span><\/a><\/li><\/ul><\/div><\/div>\n<div  style='height:50px' class='hr hr-invisible   avia-builder-el-8  el_after_av_social_share  el_before_av_comments_list '><span class='hr-inner ' ><span class='hr-inner-style'><\/span><\/span><\/div>\n<div  class='av-buildercomment  av-blog-meta-html-info-disabled av-blog-meta-tag-disabled  '><\/div>\n","protected":false},"excerpt":{"rendered":"","protected":false},"author":1,"featured_media":52873,"comment_status":"closed","ping_status":"closed","sticky":false,"template":"","format":"standard","meta":{"footnotes":""},"categories":[38],"tags":[],"class_list":["post-52872","post","type-post","status-publish","format-standard","has-post-thumbnail","hentry","category-regional"],"jetpack_featured_media_url":"https:\/\/radiorevelacionfm.cl\/wp-content\/uploads\/2025\/04\/ciencia-en-el-territorio-2-cisnes-1_optimized.jpg","_links":{"self":[{"href":"https:\/\/radiorevelacionfm.cl\/index.php?rest_route=\/wp\/v2\/posts\/52872","targetHints":{"allow":["GET"]}}],"collection":[{"href":"https:\/\/radiorevelacionfm.cl\/index.php?rest_route=\/wp\/v2\/posts"}],"about":[{"href":"https:\/\/radiorevelacionfm.cl\/index.php?rest_route=\/wp\/v2\/types\/post"}],"author":[{"embeddable":true,"href":"https:\/\/radiorevelacionfm.cl\/index.php?rest_route=\/wp\/v2\/users\/1"}],"replies":[{"embeddable":true,"href":"https:\/\/radiorevelacionfm.cl\/index.php?rest_route=%2Fwp%2Fv2%2Fcomments&post=52872"}],"version-history":[{"count":2,"href":"https:\/\/radiorevelacionfm.cl\/index.php?rest_route=\/wp\/v2\/posts\/52872\/revisions"}],"predecessor-version":[{"id":52875,"href":"https:\/\/radiorevelacionfm.cl\/index.php?rest_route=\/wp\/v2\/posts\/52872\/revisions\/52875"}],"wp:featuredmedia":[{"embeddable":true,"href":"https:\/\/radiorevelacionfm.cl\/index.php?rest_route=\/wp\/v2\/media\/52873"}],"wp:attachment":[{"href":"https:\/\/radiorevelacionfm.cl\/index.php?rest_route=%2Fwp%2Fv2%2Fmedia&parent=52872"}],"wp:term":[{"taxonomy":"category","embeddable":true,"href":"https:\/\/radiorevelacionfm.cl\/index.php?rest_route=%2Fwp%2Fv2%2Fcategories&post=52872"},{"taxonomy":"post_tag","embeddable":true,"href":"https:\/\/radiorevelacionfm.cl\/index.php?rest_route=%2Fwp%2Fv2%2Ftags&post=52872"}],"curies":[{"name":"wp","href":"https:\/\/api.w.org\/{rel}","templated":true}]}}