{"id":52868,"date":"2025-04-21T11:08:12","date_gmt":"2025-04-21T14:08:12","guid":{"rendered":"https:\/\/radiorevelacionfm.cl\/?p=52868"},"modified":"2025-04-21T11:08:12","modified_gmt":"2025-04-21T14:08:12","slug":"autoridades-locales-de-la-junta-se-reunieron-con-edelaysen-y-visitaron-central-electrica-del-sector","status":"publish","type":"post","link":"https:\/\/radiorevelacionfm.cl\/?p=52868","title":{"rendered":"Autoridades locales de La Junta se reunieron con Edelaysen y visitaron Central El\u00e9ctrica del sector"},"content":{"rendered":"<div class=\"flex_column av_one_full  flex_column_div av-zero-column-padding first  avia-builder-el-0  el_before_av_one_full  avia-builder-el-first  \" style='border-radius:0px; '><div  class='avia-image-container  av-styling-    avia-builder-el-1  avia-builder-el-no-sibling  avia-align-center '  itemprop=\"image\" itemscope=\"itemscope\" itemtype=\"https:\/\/schema.org\/ImageObject\"  ><div class='avia-image-container-inner'><div class='avia-image-overlay-wrap'><img decoding=\"async\" class='wp-image-52869 avia-img-lazy-loading-not-52869 avia_image' src=\"https:\/\/radiorevelacionfm.cl\/wp-content\/uploads\/2025\/04\/reunion-autoridades-la-junta-3-1_optimized.jpeg\" alt='' title='reuni\u00f3n-autoridades-la-junta-(3)-(1)_optimized' height=\"600\" width=\"800\"  itemprop=\"thumbnailUrl\" srcset=\"https:\/\/radiorevelacionfm.cl\/wp-content\/uploads\/2025\/04\/reunion-autoridades-la-junta-3-1_optimized.jpeg 800w, https:\/\/radiorevelacionfm.cl\/wp-content\/uploads\/2025\/04\/reunion-autoridades-la-junta-3-1_optimized-300x225.jpeg 300w, https:\/\/radiorevelacionfm.cl\/wp-content\/uploads\/2025\/04\/reunion-autoridades-la-junta-3-1_optimized-768x576.jpeg 768w, https:\/\/radiorevelacionfm.cl\/wp-content\/uploads\/2025\/04\/reunion-autoridades-la-junta-3-1_optimized-705x529.jpeg 705w, https:\/\/radiorevelacionfm.cl\/wp-content\/uploads\/2025\/04\/reunion-autoridades-la-junta-3-1_optimized-450x338.jpeg 450w, https:\/\/radiorevelacionfm.cl\/wp-content\/uploads\/2025\/04\/reunion-autoridades-la-junta-3-1_optimized-600x450.jpeg 600w\" sizes=\"(max-width: 800px) 100vw, 800px\" \/><\/div><\/div><\/div><\/div><div class=\"flex_column av_one_full  flex_column_div av-zero-column-padding first  avia-builder-el-2  el_after_av_one_full  el_before_av_one_full  column-top-margin\" style='border-radius:0px; '><section class=\"av_textblock_section \"  itemscope=\"itemscope\" itemtype=\"https:\/\/schema.org\/BlogPosting\" itemprop=\"blogPost\" ><div class='avia_textblock  '   itemprop=\"text\" ><p style=\"text-align: center;\"><strong><span style=\"font-size: 18pt;\">Autoridades locales de La Junta se reunieron con Edelaysen y visitaron Central El\u00e9ctrica del sector<\/span><\/strong><\/p>\n<div id=\"gtx-trans\" style=\"position: absolute; left: -50px; top: 4.31534px;\">\n<div class=\"gtx-trans-icon\"><\/div>\n<\/div>\n<\/div><\/section><\/div><div class=\"flex_column av_one_full  flex_column_div av-zero-column-padding first  avia-builder-el-4  el_after_av_one_full  el_before_av_hr  column-top-margin\" style='border-radius:0px; '><section class=\"av_textblock_section \"  itemscope=\"itemscope\" itemtype=\"https:\/\/schema.org\/BlogPosting\" itemprop=\"blogPost\" ><div class='avia_textblock  '   itemprop=\"text\" ><p style=\"text-align: justify;\"><em>La instancia sirvi\u00f3 para acercar la empresa a los l\u00edderes de la comuna de Cisnes y que conozcan el proceso de generaci\u00f3n de electricidad.<\/em><\/p>\n<p style=\"text-align: justify;\">Representantes de la el\u00e9ctrica sostuvieron una importante reuni\u00f3n con autoridades de la comuna de Cisnes, presentes en la localidad de La Junta, entre ellas, representantes de Carabineros, Bomberos y los concejales locales Paulina Zapata y Cristian Jaramillo, en una jornada orientada a fortalecer el trabajo conjunto, adem\u00e1s de dar a conocer los programas con los que cuenta Edelaysen y el conocimiento sobre el sistema el\u00e9ctrico local.<\/p>\n<p style=\"text-align: justify;\">En la ocasi\u00f3n se present\u00f3 informaci\u00f3n relevante sobre el funcionamiento del sistema el\u00e9ctrico en la zona, as\u00ed como los programas que actualmente impulsa la empresa para avanzar hacia un servicio m\u00e1s continuo y seguro. De acuerdo con ello, las autoridades asistentes pudieron plantear sus inquietudes y conocer de primera fuente el trabajo que realiza Edelaysen en la localidad.<\/p>\n<p style=\"text-align: justify;\">En este contexto Yasna Vera, ejecutiva de Edelaysen destac\u00f3 estar: \u201cMuy agradecidos de tener en esta oportunidad de reuni\u00f3n junto a las autoridades de La Junta. Nosotros creemos que este tipo de espacios de encuentro son fundamentales para seguir construyendo una relaci\u00f3n cercana con las comunidades y sus representantes. Nos permiten avanzar en acciones coordinadas que aporten al bienestar de los vecinos de La Junta, as\u00ed que reitero los agradecimientos a cada uno de los asistentes a esta jornada y esperamos continuar generando este tipo de instancias\u201d.<\/p>\n<p style=\"text-align: justify;\">La jornada concluy\u00f3 con una visita guiada a la Central El\u00e9ctrica de La Junta, donde los asistentes pudieron recorrer las instalaciones, conocer su operaci\u00f3n y resolver diversas dudas sobre la generaci\u00f3n y distribuci\u00f3n de energ\u00eda en la localidad.<\/p>\n<p style=\"text-align: justify;\">Paulina Zapata concejala por la comuna de Cisnes con asiento en la localidad de La Junta, destac\u00f3 la actividad realizada donde destac\u00f3 que: \u201cNos pudimos informar de todos los proyectos y la oferta program\u00e1tica que tiene Edelaysen para trabajar con las comunidades, cosa que se agradece, ya que vemos diferentes luces donde podemos trabajar igual con las diferentes localidades de nuestra comuna\u201d.<\/p>\n<p style=\"text-align: justify;\">Por su parte Cristian Jaramillo, concejal de la comuna agreg\u00f3 \u201cCiertamente, positivo encuentro, probablemente uno como cliente a veces desconoce un poco el proceso que involucra la generaci\u00f3n de energ\u00eda. Hoy con esta inducci\u00f3n que ha hecho el personal de Edelaysen, particularmente Sergio Sol\u00eds (relacionador de la localidad), quedamos m\u00e1s al tanto de todos los procesos y pudimos conocer un poco m\u00e1s las dependencias de la Central El\u00e9ctrica en La Junta\u201d.<\/p>\n<p style=\"text-align: justify;\">Finalmente, el suboficial mayor Sandoval, jefe de la\u00a0Tenencia De Carabineros La Junta mencion\u00f3 que: \u201cComo carabineros, estamos participando en esta instancia invitados por Edelaysen, conociendo sus instalaciones en una actividad bastante importante para nosotros al saber del funcionamiento, como adoptar alg\u00fan tipo de emergencia que tengamos ac\u00e1, por lo que ha sido una visita muy grata\u201d.<\/p>\n<p style=\"text-align: justify;\">Es as\u00ed como desde Edelaysen valoraron la instancia como una oportunidad concreta para compartir informaci\u00f3n, resolver dudas y mantener un v\u00ednculo directo con las autoridades locales de La Junta.<\/p>\n<\/div><\/section><\/div><div  style='height:50px' class='hr hr-invisible   avia-builder-el-6  el_after_av_one_full  el_before_av_social_share '><span class='hr-inner ' ><span class='hr-inner-style'><\/span><\/span><\/div><\/p>\n<div  class='av-social-sharing-box  avia-builder-el-7  el_after_av_hr  el_before_av_hr  '><div class='av-share-box'><h5 class='av-share-link-description av-no-toc '>Compartir esta noticia<\/h5><ul class='av-share-box-list noLightbox'><li class='av-share-link av-social-link-facebook' ><a target=\"_blank\" aria-label=\"Compartir en Facebook\" href='https:\/\/www.facebook.com\/sharer.php?u=https:\/\/radiorevelacionfm.cl\/?p=52868&#038;t=Autoridades%20locales%20de%20La%20Junta%20se%20reunieron%20con%20Edelaysen%20y%20visitaron%20Central%20El%C3%A9ctrica%20del%20sector' aria-hidden='false' data-av_icon='\ue8f3' data-av_iconfont='entypo-fontello' title='' data-avia-related-tooltip='Compartir en Facebook' rel=\"noopener\"><span class='avia_hidden_link_text'>Compartir en Facebook<\/span><\/a><\/li><li class='av-share-link av-social-link-twitter' ><a target=\"_blank\" aria-label=\"Compartir en Twitter\" href='https:\/\/twitter.com\/share?text=Autoridades%20locales%20de%20La%20Junta%20se%20reunieron%20con%20Edelaysen%20y%20visitaron%20Central%20El%C3%A9ctrica%20del%20sector&#038;url=https:\/\/radiorevelacionfm.cl\/?p=52868' aria-hidden='false' data-av_icon='\ue8f1' data-av_iconfont='entypo-fontello' title='' data-avia-related-tooltip='Compartir en Twitter' rel=\"noopener\"><span class='avia_hidden_link_text'>Compartir en Twitter<\/span><\/a><\/li><li class='av-share-link av-social-link-whatsapp' ><a target=\"_blank\" aria-label=\"Compartir en Whatsapp\" href='https:\/\/api.whatsapp.com\/send?text=https:\/\/radiorevelacionfm.cl\/?p=52868' aria-hidden='false' data-av_icon='\uf232' data-av_iconfont='entypo-fontello' title='' data-avia-related-tooltip='Compartir en Whatsapp' rel=\"noopener\"><span class='avia_hidden_link_text'>Compartir en Whatsapp<\/span><\/a><\/li><li class='av-share-link av-social-link-linkedin' ><a target=\"_blank\" aria-label=\"Compartir en LinkedIn\" href='https:\/\/linkedin.com\/shareArticle?mini=true&#038;title=Autoridades%20locales%20de%20La%20Junta%20se%20reunieron%20con%20Edelaysen%20y%20visitaron%20Central%20El%C3%A9ctrica%20del%20sector&#038;url=https:\/\/radiorevelacionfm.cl\/?p=52868' aria-hidden='false' data-av_icon='\ue8fc' data-av_iconfont='entypo-fontello' title='' data-avia-related-tooltip='Compartir en LinkedIn' rel=\"noopener\"><span class='avia_hidden_link_text'>Compartir en LinkedIn<\/span><\/a><\/li><li class='av-share-link av-social-link-mail' ><a  aria-label=\"Compartir por correo\" href='mailto:?subject=Autoridades%20locales%20de%20La%20Junta%20se%20reunieron%20con%20Edelaysen%20y%20visitaron%20Central%20El%C3%A9ctrica%20del%20sector&#038;body=https:\/\/radiorevelacionfm.cl\/?p=52868' aria-hidden='false' data-av_icon='\ue805' data-av_iconfont='entypo-fontello' title='' data-avia-related-tooltip='Compartir por correo'><span class='avia_hidden_link_text'>Compartir por correo<\/span><\/a><\/li><\/ul><\/div><\/div>\n<div  style='height:50px' class='hr hr-invisible   avia-builder-el-8  el_after_av_social_share  el_before_av_comments_list '><span class='hr-inner ' ><span class='hr-inner-style'><\/span><\/span><\/div>\n<div  class='av-buildercomment  av-blog-meta-html-info-disabled av-blog-meta-tag-disabled  '><\/div>\n","protected":false},"excerpt":{"rendered":"","protected":false},"author":1,"featured_media":52869,"comment_status":"closed","ping_status":"closed","sticky":false,"template":"","format":"standard","meta":{"footnotes":""},"categories":[38],"tags":[],"class_list":["post-52868","post","type-post","status-publish","format-standard","has-post-thumbnail","hentry","category-regional"],"jetpack_featured_media_url":"https:\/\/radiorevelacionfm.cl\/wp-content\/uploads\/2025\/04\/reunion-autoridades-la-junta-3-1_optimized.jpeg","_links":{"self":[{"href":"https:\/\/radiorevelacionfm.cl\/index.php?rest_route=\/wp\/v2\/posts\/52868","targetHints":{"allow":["GET"]}}],"collection":[{"href":"https:\/\/radiorevelacionfm.cl\/index.php?rest_route=\/wp\/v2\/posts"}],"about":[{"href":"https:\/\/radiorevelacionfm.cl\/index.php?rest_route=\/wp\/v2\/types\/post"}],"author":[{"embeddable":true,"href":"https:\/\/radiorevelacionfm.cl\/index.php?rest_route=\/wp\/v2\/users\/1"}],"replies":[{"embeddable":true,"href":"https:\/\/radiorevelacionfm.cl\/index.php?rest_route=%2Fwp%2Fv2%2Fcomments&post=52868"}],"version-history":[{"count":2,"href":"https:\/\/radiorevelacionfm.cl\/index.php?rest_route=\/wp\/v2\/posts\/52868\/revisions"}],"predecessor-version":[{"id":52871,"href":"https:\/\/radiorevelacionfm.cl\/index.php?rest_route=\/wp\/v2\/posts\/52868\/revisions\/52871"}],"wp:featuredmedia":[{"embeddable":true,"href":"https:\/\/radiorevelacionfm.cl\/index.php?rest_route=\/wp\/v2\/media\/52869"}],"wp:attachment":[{"href":"https:\/\/radiorevelacionfm.cl\/index.php?rest_route=%2Fwp%2Fv2%2Fmedia&parent=52868"}],"wp:term":[{"taxonomy":"category","embeddable":true,"href":"https:\/\/radiorevelacionfm.cl\/index.php?rest_route=%2Fwp%2Fv2%2Fcategories&post=52868"},{"taxonomy":"post_tag","embeddable":true,"href":"https:\/\/radiorevelacionfm.cl\/index.php?rest_route=%2Fwp%2Fv2%2Ftags&post=52868"}],"curies":[{"name":"wp","href":"https:\/\/api.w.org\/{rel}","templated":true}]}}