{"id":52860,"date":"2025-04-21T10:44:16","date_gmt":"2025-04-21T13:44:16","guid":{"rendered":"https:\/\/radiorevelacionfm.cl\/?p=52860"},"modified":"2025-04-21T10:44:16","modified_gmt":"2025-04-21T13:44:16","slug":"comite-de-desarrollo-productivo-aysen-cumple-un-ano-fortaleciendo-el-desarrollo-productivo-con-sello-territorial","status":"publish","type":"post","link":"https:\/\/radiorevelacionfm.cl\/?p=52860","title":{"rendered":"Comit\u00e9 de Desarrollo Productivo Ays\u00e9n cumple un a\u00f1o fortaleciendo el desarrollo productivo con sello territorial"},"content":{"rendered":"<div class=\"flex_column av_one_full  flex_column_div av-zero-column-padding first  avia-builder-el-0  el_before_av_one_full  avia-builder-el-first  \" style='border-radius:0px; '><div  class='avia-image-container  av-styling-    avia-builder-el-1  avia-builder-el-no-sibling  avia-align-center '  itemprop=\"image\" itemscope=\"itemscope\" itemtype=\"https:\/\/schema.org\/ImageObject\"  ><div class='avia-image-container-inner'><div class='avia-image-overlay-wrap'><img decoding=\"async\" class='wp-image-52861 avia-img-lazy-loading-not-52861 avia_image' src=\"https:\/\/radiorevelacionfm.cl\/wp-content\/uploads\/2025\/04\/02_cdppleno_abril-1_optimized.jpg\" alt='' title='02_cdppleno_abril-(1)_optimized' height=\"600\" width=\"1065\"  itemprop=\"thumbnailUrl\" srcset=\"https:\/\/radiorevelacionfm.cl\/wp-content\/uploads\/2025\/04\/02_cdppleno_abril-1_optimized.jpg 1065w, https:\/\/radiorevelacionfm.cl\/wp-content\/uploads\/2025\/04\/02_cdppleno_abril-1_optimized-300x169.jpg 300w, https:\/\/radiorevelacionfm.cl\/wp-content\/uploads\/2025\/04\/02_cdppleno_abril-1_optimized-1030x580.jpg 1030w, https:\/\/radiorevelacionfm.cl\/wp-content\/uploads\/2025\/04\/02_cdppleno_abril-1_optimized-768x433.jpg 768w, https:\/\/radiorevelacionfm.cl\/wp-content\/uploads\/2025\/04\/02_cdppleno_abril-1_optimized-705x397.jpg 705w, https:\/\/radiorevelacionfm.cl\/wp-content\/uploads\/2025\/04\/02_cdppleno_abril-1_optimized-450x254.jpg 450w, https:\/\/radiorevelacionfm.cl\/wp-content\/uploads\/2025\/04\/02_cdppleno_abril-1_optimized-600x338.jpg 600w\" sizes=\"(max-width: 1065px) 100vw, 1065px\" \/><\/div><\/div><\/div><\/div><div class=\"flex_column av_one_full  flex_column_div av-zero-column-padding first  avia-builder-el-2  el_after_av_one_full  el_before_av_one_full  column-top-margin\" style='border-radius:0px; '><section class=\"av_textblock_section \"  itemscope=\"itemscope\" itemtype=\"https:\/\/schema.org\/BlogPosting\" itemprop=\"blogPost\" ><div class='avia_textblock  '   itemprop=\"text\" ><p style=\"text-align: center;\"><span style=\"font-size: 18pt;\"><b>Comit\u00e9 de Desarrollo Productivo Ays\u00e9n cumple un a\u00f1o fortaleciendo el desarrollo productivo con sello territorial<\/b><\/span><\/p>\n<div id=\"gtx-trans\" style=\"position: absolute; left: -50px; top: 4.31534px;\">\n<div class=\"gtx-trans-icon\"><\/div>\n<\/div>\n<\/div><\/section><\/div><div class=\"flex_column av_one_full  flex_column_div av-zero-column-padding first  avia-builder-el-4  el_after_av_one_full  el_before_av_hr  column-top-margin\" style='border-radius:0px; '><section class=\"av_textblock_section \"  itemscope=\"itemscope\" itemtype=\"https:\/\/schema.org\/BlogPosting\" itemprop=\"blogPost\" ><div class='avia_textblock  '   itemprop=\"text\" ><p style=\"text-align: justify;\"><em>El Comit\u00e9 de Desarrollo Productivo Regional de Ays\u00e9n cumple su primer aniversario consolidando una pol\u00edtica de descentralizaci\u00f3n efectiva que ha beneficiado a m\u00e1s de 400 personas emprendedoras en toda la regi\u00f3n.<\/em><\/p>\n<p style=\"text-align: justify;\">A un a\u00f1o de su creaci\u00f3n, el Comit\u00e9 de Desarrollo Productivo Regional (CDPR) de Ays\u00e9n se ha consolidado como una herramienta estrat\u00e9gica para impulsar el desarrollo econ\u00f3mico desde el propio territorio. Esta instancia de gobernanza participativa, presidida por el Gobernador Regional y conformada por Corfo, Sercotec, el Gobierno Regional, y representantes del sector p\u00fablico, privado y acad\u00e9mico, ha permitido avanzar hacia un modelo de desarrollo m\u00e1s inclusivo, descentralizado y sostenible.<\/p>\n<p style=\"text-align: justify;\">Durante 2024, el CDPR canaliz\u00f3 una inversi\u00f3n superior a los $1.900 millones, beneficiando a m\u00e1s de 400 personas y organizaciones de la regi\u00f3n. Los recursos fueron distribuidos a trav\u00e9s de programas como\u00a0<em>Innova Regi\u00f3n<\/em>,\u00a0<em>Activa Desarrolla Inversi\u00f3n<\/em>,\u00a0<em>Bienes P\u00fablicos<\/em>,\u00a0<em>Red de Proveedores<\/em>,\u00a0<em>Capital Semilla Emprende<\/em>,\u00a0<em>Abeja Emprende<\/em>\u00a0y\u00a0<em>Crece<\/em>, entre otros. Estas iniciativas han fortalecido sectores estrat\u00e9gicos como el turismo, la agroindustria, la pesca, la acuicultura, la tecnolog\u00eda, la construcci\u00f3n sustentable y otras industrias emergentes, todas con un fuerte v\u00ednculo con las necesidades del territorio.<\/p>\n<p style=\"text-align: justify;\">El gobernador regional de Ays\u00e9n y presidente del CDPR,\u00a0<strong>Marcelo Santana Vargas<\/strong>, se\u00f1al\u00f3 que \u201cel foco de nuestro Gobierno Regional est\u00e1 en que Ays\u00e9n vuelva a crecer. Dinamizar la actividad econ\u00f3mica es fundamental para el desarrollo y crecimiento de nuestra regi\u00f3n. Este Comit\u00e9 apunta justamente a la descentralizaci\u00f3n en la toma de decisiones respecto de importantes instrumentos de fomento, tales como son algunos programas de Corfo y Sercotec. Solo en estas dos instituciones vamos a disponer este a\u00f1o 2025 de m\u00e1s de 1.900 millones de pesos que beneficiar\u00e1n m\u00e1s de 150 proyectos productivos para nuestra regi\u00f3n\u201d.<\/p>\n<p style=\"text-align: justify;\">La creaci\u00f3n del CDPR se enmarca en una pol\u00edtica de Estado orientada a fortalecer la descentralizaci\u00f3n. En agosto de 2022, el Presidente\u00a0<strong>Gabriel Boric<\/strong>\u00a0anunci\u00f3 la transferencia de competencias a los gobiernos regionales, abarcando m\u00e1s de 40 programas en \u00e1reas como desarrollo productivo, cultural, social y ordenamiento territorial. Ays\u00e9n fue una de las primeras regiones en implementar este modelo. Con la reciente instalaci\u00f3n de comit\u00e9s en Arica y Parinacota, Coquimbo y Magallanes, el proceso de conformaci\u00f3n de CDPR en todo el pa\u00eds ha sido completado, entregando a las regiones herramientas concretas para planificar su propio desarrollo.<\/p>\n<p style=\"text-align: justify;\">Desde su rol articulador,\u00a0<strong>Corfo Ays\u00e9n<\/strong>\u00a0ha liderado el despliegue de instrumentos p\u00fablicos con pertinencia territorial, fortaleciendo el acompa\u00f1amiento t\u00e9cnico y la coordinaci\u00f3n interinstitucional. El director regional de Corfo,\u00a0<strong>Humberto Mar\u00edn Leiva<\/strong>, indic\u00f3 que \u201ceste primer a\u00f1o del CDPR es tambi\u00e9n la consolidaci\u00f3n de un ecosistema que avanza hacia la innovaci\u00f3n y el crecimiento con identidad local. Hemos trabajado para que cada instrumento llegue a quienes m\u00e1s lo necesitan, generando valor desde los territorios y potenciando sus capacidades productivas\u201d.<\/p>\n<p style=\"text-align: justify;\">Por su parte, la directora regional de\u00a0<strong>Sercotec<\/strong>,\u00a0<strong>Nelly Vargas Mansilla<\/strong>, destac\u00f3 el enfoque humano detr\u00e1s de los n\u00fameros. \u201cCada una de las m\u00e1s de 120 iniciativas apoyadas a trav\u00e9s de Sercotec tiene rostro, historia y sue\u00f1os. Eso es lo que celebramos hoy: un comit\u00e9 que no solo distribuye recursos, sino que cree en el talento de nuestra gente y en la fuerza de quienes impulsan ideas con impacto local\u201d, se\u00f1al\u00f3.<\/p>\n<p style=\"text-align: justify;\">Durante su primer a\u00f1o, el CDPR ha realizado 23 sesiones de trabajo: 13 del subcomit\u00e9 de Fomento Productivo, 4 del subcomit\u00e9 de Innovaci\u00f3n y Emprendimiento y 6 sesiones plenarias. Este trabajo refleja una gobernanza activa y plural, que articula saberes, recursos y voluntades, reconociendo la diversidad de Ays\u00e9n como una fortaleza para dise\u00f1ar pol\u00edticas p\u00fablicas con identidad territorial.<\/p>\n<p style=\"text-align: justify;\">De cara a 2025, el Comit\u00e9 continuar\u00e1 priorizando sectores productivos clave, reforzando el trabajo en red y el acompa\u00f1amiento a iniciativas que aporten valor al desarrollo sostenible de la regi\u00f3n. El compromiso es claro: seguir fortaleciendo una econom\u00eda que nace en el territorio, se construye desde las personas y se proyecta con una mirada de futuro, resiliente, justa e inclusiva.<\/p>\n<\/div><\/section><\/div><div  style='height:50px' class='hr hr-invisible   avia-builder-el-6  el_after_av_one_full  el_before_av_social_share '><span class='hr-inner ' ><span class='hr-inner-style'><\/span><\/span><\/div><\/p>\n<div  class='av-social-sharing-box  avia-builder-el-7  el_after_av_hr  el_before_av_hr  '><div class='av-share-box'><h5 class='av-share-link-description av-no-toc '>Compartir esta noticia<\/h5><ul class='av-share-box-list noLightbox'><li class='av-share-link av-social-link-facebook' ><a target=\"_blank\" aria-label=\"Compartir en Facebook\" href='https:\/\/www.facebook.com\/sharer.php?u=https:\/\/radiorevelacionfm.cl\/?p=52860&#038;t=Comit%C3%A9%20de%20Desarrollo%20Productivo%20Ays%C3%A9n%20cumple%20un%20a%C3%B1o%20fortaleciendo%20el%20desarrollo%20productivo%20con%20sello%20territorial' aria-hidden='false' data-av_icon='\ue8f3' data-av_iconfont='entypo-fontello' title='' data-avia-related-tooltip='Compartir en Facebook' rel=\"noopener\"><span class='avia_hidden_link_text'>Compartir en Facebook<\/span><\/a><\/li><li class='av-share-link av-social-link-twitter' ><a target=\"_blank\" aria-label=\"Compartir en Twitter\" href='https:\/\/twitter.com\/share?text=Comit%C3%A9%20de%20Desarrollo%20Productivo%20Ays%C3%A9n%20cumple%20un%20a%C3%B1o%20fortaleciendo%20el%20desarrollo%20productivo%20con%20sello%20territorial&#038;url=https:\/\/radiorevelacionfm.cl\/?p=52860' aria-hidden='false' data-av_icon='\ue8f1' data-av_iconfont='entypo-fontello' title='' data-avia-related-tooltip='Compartir en Twitter' rel=\"noopener\"><span class='avia_hidden_link_text'>Compartir en Twitter<\/span><\/a><\/li><li class='av-share-link av-social-link-whatsapp' ><a target=\"_blank\" aria-label=\"Compartir en Whatsapp\" href='https:\/\/api.whatsapp.com\/send?text=https:\/\/radiorevelacionfm.cl\/?p=52860' aria-hidden='false' data-av_icon='\uf232' data-av_iconfont='entypo-fontello' title='' data-avia-related-tooltip='Compartir en Whatsapp' rel=\"noopener\"><span class='avia_hidden_link_text'>Compartir en Whatsapp<\/span><\/a><\/li><li class='av-share-link av-social-link-linkedin' ><a target=\"_blank\" aria-label=\"Compartir en LinkedIn\" href='https:\/\/linkedin.com\/shareArticle?mini=true&#038;title=Comit%C3%A9%20de%20Desarrollo%20Productivo%20Ays%C3%A9n%20cumple%20un%20a%C3%B1o%20fortaleciendo%20el%20desarrollo%20productivo%20con%20sello%20territorial&#038;url=https:\/\/radiorevelacionfm.cl\/?p=52860' aria-hidden='false' data-av_icon='\ue8fc' data-av_iconfont='entypo-fontello' title='' data-avia-related-tooltip='Compartir en LinkedIn' rel=\"noopener\"><span class='avia_hidden_link_text'>Compartir en LinkedIn<\/span><\/a><\/li><li class='av-share-link av-social-link-mail' ><a  aria-label=\"Compartir por correo\" href='mailto:?subject=Comit%C3%A9%20de%20Desarrollo%20Productivo%20Ays%C3%A9n%20cumple%20un%20a%C3%B1o%20fortaleciendo%20el%20desarrollo%20productivo%20con%20sello%20territorial&#038;body=https:\/\/radiorevelacionfm.cl\/?p=52860' aria-hidden='false' data-av_icon='\ue805' data-av_iconfont='entypo-fontello' title='' data-avia-related-tooltip='Compartir por correo'><span class='avia_hidden_link_text'>Compartir por correo<\/span><\/a><\/li><\/ul><\/div><\/div>\n<div  style='height:50px' class='hr hr-invisible   avia-builder-el-8  el_after_av_social_share  el_before_av_comments_list '><span class='hr-inner ' ><span class='hr-inner-style'><\/span><\/span><\/div>\n<div  class='av-buildercomment  av-blog-meta-html-info-disabled av-blog-meta-tag-disabled  '><\/div>\n","protected":false},"excerpt":{"rendered":"","protected":false},"author":1,"featured_media":52861,"comment_status":"closed","ping_status":"closed","sticky":false,"template":"","format":"standard","meta":{"footnotes":""},"categories":[38],"tags":[],"class_list":["post-52860","post","type-post","status-publish","format-standard","has-post-thumbnail","hentry","category-regional"],"jetpack_featured_media_url":"https:\/\/radiorevelacionfm.cl\/wp-content\/uploads\/2025\/04\/02_cdppleno_abril-1_optimized.jpg","_links":{"self":[{"href":"https:\/\/radiorevelacionfm.cl\/index.php?rest_route=\/wp\/v2\/posts\/52860","targetHints":{"allow":["GET"]}}],"collection":[{"href":"https:\/\/radiorevelacionfm.cl\/index.php?rest_route=\/wp\/v2\/posts"}],"about":[{"href":"https:\/\/radiorevelacionfm.cl\/index.php?rest_route=\/wp\/v2\/types\/post"}],"author":[{"embeddable":true,"href":"https:\/\/radiorevelacionfm.cl\/index.php?rest_route=\/wp\/v2\/users\/1"}],"replies":[{"embeddable":true,"href":"https:\/\/radiorevelacionfm.cl\/index.php?rest_route=%2Fwp%2Fv2%2Fcomments&post=52860"}],"version-history":[{"count":2,"href":"https:\/\/radiorevelacionfm.cl\/index.php?rest_route=\/wp\/v2\/posts\/52860\/revisions"}],"predecessor-version":[{"id":52863,"href":"https:\/\/radiorevelacionfm.cl\/index.php?rest_route=\/wp\/v2\/posts\/52860\/revisions\/52863"}],"wp:featuredmedia":[{"embeddable":true,"href":"https:\/\/radiorevelacionfm.cl\/index.php?rest_route=\/wp\/v2\/media\/52861"}],"wp:attachment":[{"href":"https:\/\/radiorevelacionfm.cl\/index.php?rest_route=%2Fwp%2Fv2%2Fmedia&parent=52860"}],"wp:term":[{"taxonomy":"category","embeddable":true,"href":"https:\/\/radiorevelacionfm.cl\/index.php?rest_route=%2Fwp%2Fv2%2Fcategories&post=52860"},{"taxonomy":"post_tag","embeddable":true,"href":"https:\/\/radiorevelacionfm.cl\/index.php?rest_route=%2Fwp%2Fv2%2Ftags&post=52860"}],"curies":[{"name":"wp","href":"https:\/\/api.w.org\/{rel}","templated":true}]}}