{"id":52856,"date":"2025-04-20T17:20:08","date_gmt":"2025-04-20T20:20:08","guid":{"rendered":"https:\/\/radiorevelacionfm.cl\/?p=52856"},"modified":"2025-04-20T17:20:08","modified_gmt":"2025-04-20T20:20:08","slug":"hasta-el-30-de-abril-se-puede-postular-al-subsidio-de-arriendo-para-personas-mayores-y-con-discapacidad","status":"publish","type":"post","link":"https:\/\/radiorevelacionfm.cl\/?p=52856","title":{"rendered":"Hasta el 30 de abril se puede postular al Subsidio de Arriendo para Personas Mayores y con Discapacidad"},"content":{"rendered":"<div class=\"flex_column av_one_full  flex_column_div av-zero-column-padding first  avia-builder-el-0  el_before_av_one_full  avia-builder-el-first  \" style='border-radius:0px; '><div  class='avia-image-container  av-styling-    avia-builder-el-1  avia-builder-el-no-sibling  avia-align-center '  itemprop=\"image\" itemscope=\"itemscope\" itemtype=\"https:\/\/schema.org\/ImageObject\"  ><div class='avia-image-container-inner'><div class='avia-image-overlay-wrap'><img decoding=\"async\" class='wp-image-43495 avia-img-lazy-loading-not-43495 avia_image' src=\"https:\/\/radiorevelacionfm.cl\/wp-content\/uploads\/2024\/06\/archivo-viviendas-region-1.jpg\" alt='' title='archivo viviendas regi\u00f3n (1)' height=\"600\" width=\"800\"  itemprop=\"thumbnailUrl\" srcset=\"https:\/\/radiorevelacionfm.cl\/wp-content\/uploads\/2024\/06\/archivo-viviendas-region-1.jpg 800w, https:\/\/radiorevelacionfm.cl\/wp-content\/uploads\/2024\/06\/archivo-viviendas-region-1-300x225.jpg 300w, https:\/\/radiorevelacionfm.cl\/wp-content\/uploads\/2024\/06\/archivo-viviendas-region-1-768x576.jpg 768w, https:\/\/radiorevelacionfm.cl\/wp-content\/uploads\/2024\/06\/archivo-viviendas-region-1-705x529.jpg 705w, https:\/\/radiorevelacionfm.cl\/wp-content\/uploads\/2024\/06\/archivo-viviendas-region-1-450x338.jpg 450w, https:\/\/radiorevelacionfm.cl\/wp-content\/uploads\/2024\/06\/archivo-viviendas-region-1-600x450.jpg 600w\" sizes=\"(max-width: 800px) 100vw, 800px\" \/><\/div><\/div><\/div><\/div><div class=\"flex_column av_one_full  flex_column_div av-zero-column-padding first  avia-builder-el-2  el_after_av_one_full  el_before_av_one_full  column-top-margin\" style='border-radius:0px; '><section class=\"av_textblock_section \"  itemscope=\"itemscope\" itemtype=\"https:\/\/schema.org\/BlogPosting\" itemprop=\"blogPost\" ><div class='avia_textblock  '   itemprop=\"text\" ><p style=\"text-align: center;\"><strong><span style=\"font-size: 18pt;\">Hasta el 30 de abril se puede postular al Subsidio de Arriendo para Personas Mayores y con Discapacidad<\/span><\/strong><\/p>\n<div id=\"gtx-trans\" style=\"position: absolute; left: -50px; top: 4.31534px;\">\n<div class=\"gtx-trans-icon\"><\/div>\n<\/div>\n<\/div><\/section><\/div><div class=\"flex_column av_one_full  flex_column_div av-zero-column-padding first  avia-builder-el-4  el_after_av_one_full  el_before_av_hr  column-top-margin\" style='border-radius:0px; '><section class=\"av_textblock_section \"  itemscope=\"itemscope\" itemtype=\"https:\/\/schema.org\/BlogPosting\" itemprop=\"blogPost\" ><div class='avia_textblock  '   itemprop=\"text\" ><p style=\"text-align: justify;\">Solo hasta el pr\u00f3ximo mi\u00e9rcoles 30 de abril estar\u00e1n abiertas las postulaciones al Subsidio de Arriendo para personas mayores y personas con discapacidad, beneficio que permite cubrir entre un 90% y 95% del valor del arriendo a las personas mayores de 60 a\u00f1os y mayores de 18 a\u00f1os con discapacidad, siempre y cuando est\u00e9n dentro del 70% del Registro Social de Hogares (RSH).<\/p>\n<p style=\"text-align: justify;\">La informaci\u00f3n fue destacada esta semana por la Seremi de Vivienda y Urbanismo, Paulina Ruz Delf\u00edn, quien precis\u00f3 que se trata de un subsidio que tiene un alto impacto social, ya que su objetivo es entregar apoyo y nuevas oportunidades a muchos adultos mayores que deben vivir solos y realmente no tienen c\u00f3mo pagar un arriendo.<\/p>\n<p style=\"text-align: justify;\">\u201cNuestro deber como Gobierno es ir en ayuda de todos los compatriotas que lo necesitan y en especial de nuestros adultos mayores y personas que por diversas circunstancias hoy presentan condiciones espaciales y deben afrontar alg\u00fan tipo de discapacidad. Para ellos es este beneficio, con el cual pueden llegar a pagar solo entre el 5 y 10% del costo de total de un arriendo, es decir, que es una gran oportunidad, sobre todo considerando el alto costo de los arriendos en nuestra regi\u00f3n. Por eso esperamos tener un buen n\u00famero de postulaciones, ya que la experiencia de a\u00f1os anteriores ha sido muy positiva y cada vez va siendo mayor el n\u00famero de interesados y de beneficiados\u201d, indic\u00f3.<\/p>\n<p style=\"text-align: justify;\">Record\u00f3 la Seremi de Vivienda que el plazo para las postulaciones cierra el pr\u00f3ximo mi\u00e9rcoles 30 de abril y es importante que los interesados sepan que pueden hacer el tr\u00e1mite de forma presencial en las oficinas del Serviu de Coyhaique, Puerto Ays\u00e9n y Cochrane, y a trav\u00e9s de la p\u00e1gina web <a href=\"http:\/\/www.minvu.cl\">www.minvu.cl<\/a>, entendiendo que si no manejan la tecnolog\u00eda pueden solicitar apoyo de un familiar o un amigo para completar oportunamente su postulaci\u00f3n.<\/p>\n<p style=\"text-align: justify;\">\u201cEntre las novedades que presenta este llamado podemos indicar que, para aquellas personas que opten por postular de manera presencial en las oficinas de atenci\u00f3n ciudadana del Serviu, pero que se encuentren imposibilitadas de hacerlo (enfermas, postradas, en situaciones de movilidad reducida u otro tipo de raz\u00f3n que lo impida), podr\u00e1n hacerlo a trav\u00e9s de una persona representante, quien con un poder simple podr\u00e1 realizar este tr\u00e1mite y no requerir\u00e1 una autorizaci\u00f3n notarial. La idea es ir simplificando el proceso y entregar la mayor cantidad de facilidades para que nuestros adultos mayores y personas con discapacidad puedan obtener el beneficio, puedan mejorar sus condiciones de vida y proyectar su futuro con la seguridad y tranquilidad que realmente se merecen\u201d, manifest\u00f3.<\/p>\n<p style=\"text-align: justify;\"><strong>EL SUBSIDIO<\/strong><\/p>\n<ul style=\"text-align: justify;\">\n<li>Este subsidio est\u00e1 destinado a las <strong>personas mayores de 60 a\u00f1os <\/strong>y <strong>personas mayores de 18 a\u00f1os<\/strong> <strong>con discapacidad <\/strong>que se encuentran <strong>dentro del 70% de la calificaci\u00f3n socioecon\u00f3mica<\/strong> <strong>del Registro Social de Hogares (RSH)<\/strong> y que requieren apoyo para el pago de un arriendo.<\/li>\n<li>Cubre entre un <strong>90% y un 95% del valor del arriendo mensual<\/strong>, dependiendo del porcentaje del RSH de la persona que lo obtiene, quien <strong>deber\u00e1 pagar solo entre el 5% y el 10% del arriendo<\/strong>. (<strong>ejemplo<\/strong>: Para un arriendo de $300 mil pesos mensuales, el subsidio cubre entre $270 mil y $285 mil pesos, debiendo la persona beneficiaria pagar entre $15 mil y $30 mil pesos.<\/li>\n<li>Considera el <strong>aporte <\/strong><strong>\u00fanico adicional de 1 UF <\/strong>($38.870 pesos aprox.) para <strong>gastos para la formalizaci\u00f3n del contrato. <\/strong><\/li>\n<li>Permite el pago del arriendo mensual por <strong>aproximadamente dos a\u00f1os<\/strong>. En el caso de las <strong>personas mayores<\/strong>, <strong>se renueva autom\u00e1ticamente<\/strong>, siempre y cuando se mantenga <strong>vigente el contrato de arriendo<\/strong>.<\/li>\n<li>Se debe acreditar un <strong>ingreso m\u00ednimo de 5 UF<\/strong> ($194 mil pesos aprox.).<\/li>\n<\/ul>\n<ul>\n<li style=\"text-align: justify;\">No exige tener ahorro m\u00ednimo. Se otorga puntaje adicional por edad, por discapacidad y para quienes tengan en su n\u00facleo familiar a una \u201cpersona cuidadora\u201d inscrita en el RSH.<\/li>\n<li style=\"text-align: justify;\">Pueden postular personas solas (sin n\u00facleo familiar). No requiere estar actualmente arrendando: pueden postular tambi\u00e9n personas que necesitan buscar una vivienda para arrendar.<\/li>\n<li style=\"text-align: justify;\">En nuestra regi\u00f3n de Ays\u00e9n el valor mensual del arriendo <strong>no debe exceder las 13 UF<\/strong> ($504 mil pesos aprox.).<\/li>\n<li style=\"text-align: justify;\"><strong>Las postulaciones pueden ser presenciales, en oficinas Serviu, o en l\u00ednea:<\/strong> a trav\u00e9s de la p\u00e1gina web <strong>minvu.cl<\/strong> (requiere Clave \u00danica).<\/li>\n<li style=\"text-align: justify;\"><strong>En caso de dudas, consultar en Minvu Al\u00f3: <\/strong>desde tel\u00e9fono fijo: 600 901 11 11; desde celular: 02 2 901 11 11<\/li>\n<\/ul>\n<\/div><\/section><\/div><div  style='height:50px' class='hr hr-invisible   avia-builder-el-6  el_after_av_one_full  el_before_av_social_share '><span class='hr-inner ' ><span class='hr-inner-style'><\/span><\/span><\/div><\/p>\n<div  class='av-social-sharing-box  avia-builder-el-7  el_after_av_hr  el_before_av_hr  '><div class='av-share-box'><h5 class='av-share-link-description av-no-toc '>Compartir esta noticia<\/h5><ul class='av-share-box-list noLightbox'><li class='av-share-link av-social-link-facebook' ><a target=\"_blank\" aria-label=\"Compartir en Facebook\" href='https:\/\/www.facebook.com\/sharer.php?u=https:\/\/radiorevelacionfm.cl\/?p=52856&#038;t=Hasta%20el%2030%20de%20abril%20se%20puede%20postular%20al%20Subsidio%20de%20Arriendo%20para%20Personas%20Mayores%20y%20con%20Discapacidad' aria-hidden='false' data-av_icon='\ue8f3' data-av_iconfont='entypo-fontello' title='' data-avia-related-tooltip='Compartir en Facebook' rel=\"noopener\"><span class='avia_hidden_link_text'>Compartir en Facebook<\/span><\/a><\/li><li class='av-share-link av-social-link-twitter' ><a target=\"_blank\" aria-label=\"Compartir en Twitter\" href='https:\/\/twitter.com\/share?text=Hasta%20el%2030%20de%20abril%20se%20puede%20postular%20al%20Subsidio%20de%20Arriendo%20para%20Personas%20Mayores%20y%20con%20Discapacidad&#038;url=https:\/\/radiorevelacionfm.cl\/?p=52856' aria-hidden='false' data-av_icon='\ue8f1' data-av_iconfont='entypo-fontello' title='' data-avia-related-tooltip='Compartir en Twitter' rel=\"noopener\"><span class='avia_hidden_link_text'>Compartir en Twitter<\/span><\/a><\/li><li class='av-share-link av-social-link-whatsapp' ><a target=\"_blank\" aria-label=\"Compartir en Whatsapp\" href='https:\/\/api.whatsapp.com\/send?text=https:\/\/radiorevelacionfm.cl\/?p=52856' aria-hidden='false' data-av_icon='\uf232' data-av_iconfont='entypo-fontello' title='' data-avia-related-tooltip='Compartir en Whatsapp' rel=\"noopener\"><span class='avia_hidden_link_text'>Compartir en Whatsapp<\/span><\/a><\/li><li class='av-share-link av-social-link-linkedin' ><a target=\"_blank\" aria-label=\"Compartir en LinkedIn\" href='https:\/\/linkedin.com\/shareArticle?mini=true&#038;title=Hasta%20el%2030%20de%20abril%20se%20puede%20postular%20al%20Subsidio%20de%20Arriendo%20para%20Personas%20Mayores%20y%20con%20Discapacidad&#038;url=https:\/\/radiorevelacionfm.cl\/?p=52856' aria-hidden='false' data-av_icon='\ue8fc' data-av_iconfont='entypo-fontello' title='' data-avia-related-tooltip='Compartir en LinkedIn' rel=\"noopener\"><span class='avia_hidden_link_text'>Compartir en LinkedIn<\/span><\/a><\/li><li class='av-share-link av-social-link-mail' ><a  aria-label=\"Compartir por correo\" href='mailto:?subject=Hasta%20el%2030%20de%20abril%20se%20puede%20postular%20al%20Subsidio%20de%20Arriendo%20para%20Personas%20Mayores%20y%20con%20Discapacidad&#038;body=https:\/\/radiorevelacionfm.cl\/?p=52856' aria-hidden='false' data-av_icon='\ue805' data-av_iconfont='entypo-fontello' title='' data-avia-related-tooltip='Compartir por correo'><span class='avia_hidden_link_text'>Compartir por correo<\/span><\/a><\/li><\/ul><\/div><\/div>\n<div  style='height:50px' class='hr hr-invisible   avia-builder-el-8  el_after_av_social_share  el_before_av_comments_list '><span class='hr-inner ' ><span class='hr-inner-style'><\/span><\/span><\/div>\n<div  class='av-buildercomment  av-blog-meta-html-info-disabled av-blog-meta-tag-disabled  '><\/div>\n","protected":false},"excerpt":{"rendered":"","protected":false},"author":1,"featured_media":43495,"comment_status":"closed","ping_status":"closed","sticky":false,"template":"","format":"standard","meta":{"footnotes":""},"categories":[57],"tags":[],"class_list":["post-52856","post","type-post","status-publish","format-standard","has-post-thumbnail","hentry","category-vivienda"],"jetpack_featured_media_url":"https:\/\/radiorevelacionfm.cl\/wp-content\/uploads\/2024\/06\/archivo-viviendas-region-1.jpg","_links":{"self":[{"href":"https:\/\/radiorevelacionfm.cl\/index.php?rest_route=\/wp\/v2\/posts\/52856","targetHints":{"allow":["GET"]}}],"collection":[{"href":"https:\/\/radiorevelacionfm.cl\/index.php?rest_route=\/wp\/v2\/posts"}],"about":[{"href":"https:\/\/radiorevelacionfm.cl\/index.php?rest_route=\/wp\/v2\/types\/post"}],"author":[{"embeddable":true,"href":"https:\/\/radiorevelacionfm.cl\/index.php?rest_route=\/wp\/v2\/users\/1"}],"replies":[{"embeddable":true,"href":"https:\/\/radiorevelacionfm.cl\/index.php?rest_route=%2Fwp%2Fv2%2Fcomments&post=52856"}],"version-history":[{"count":2,"href":"https:\/\/radiorevelacionfm.cl\/index.php?rest_route=\/wp\/v2\/posts\/52856\/revisions"}],"predecessor-version":[{"id":52859,"href":"https:\/\/radiorevelacionfm.cl\/index.php?rest_route=\/wp\/v2\/posts\/52856\/revisions\/52859"}],"wp:featuredmedia":[{"embeddable":true,"href":"https:\/\/radiorevelacionfm.cl\/index.php?rest_route=\/wp\/v2\/media\/43495"}],"wp:attachment":[{"href":"https:\/\/radiorevelacionfm.cl\/index.php?rest_route=%2Fwp%2Fv2%2Fmedia&parent=52856"}],"wp:term":[{"taxonomy":"category","embeddable":true,"href":"https:\/\/radiorevelacionfm.cl\/index.php?rest_route=%2Fwp%2Fv2%2Fcategories&post=52856"},{"taxonomy":"post_tag","embeddable":true,"href":"https:\/\/radiorevelacionfm.cl\/index.php?rest_route=%2Fwp%2Fv2%2Ftags&post=52856"}],"curies":[{"name":"wp","href":"https:\/\/api.w.org\/{rel}","templated":true}]}}