{"id":5284,"date":"2021-06-15T17:35:09","date_gmt":"2021-06-15T20:35:09","guid":{"rendered":"https:\/\/radiorevelacionfm.cl\/?p=5284"},"modified":"2021-06-15T17:35:09","modified_gmt":"2021-06-15T20:35:09","slug":"comenzo-proceso-de-licitacion-para-alcantarillado-y-casetas-sanitarias-de-puerto-bertrand","status":"publish","type":"post","link":"https:\/\/radiorevelacionfm.cl\/?p=5284","title":{"rendered":"Comenz\u00f3 proceso de licitaci\u00f3n para Alcantarillado y Casetas Sanitarias de Puerto Bertrand"},"content":{"rendered":"<div class=\"flex_column av_one_full  flex_column_div av-zero-column-padding first  avia-builder-el-0  el_before_av_one_full  avia-builder-el-first  \" style='border-radius:0px; '><div  class='avia-image-container  av-styling-    avia-builder-el-1  avia-builder-el-no-sibling  avia-align-center '  itemprop=\"image\" itemscope=\"itemscope\" itemtype=\"https:\/\/schema.org\/ImageObject\"  ><div class='avia-image-container-inner'><div class='avia-image-overlay-wrap'><img decoding=\"async\" class='wp-image-5286 avia-img-lazy-loading-not-5286 avia_image' src=\"https:\/\/radiorevelacionfm.cl\/wp-content\/uploads\/2021\/06\/BERTRAND-1-archivo-1-1.jpg\" alt='' title='BERTRAND 1 archivo (1) (1)' height=\"600\" width=\"905\"  itemprop=\"thumbnailUrl\" srcset=\"https:\/\/radiorevelacionfm.cl\/wp-content\/uploads\/2021\/06\/BERTRAND-1-archivo-1-1.jpg 905w, https:\/\/radiorevelacionfm.cl\/wp-content\/uploads\/2021\/06\/BERTRAND-1-archivo-1-1-300x199.jpg 300w, https:\/\/radiorevelacionfm.cl\/wp-content\/uploads\/2021\/06\/BERTRAND-1-archivo-1-1-768x509.jpg 768w, https:\/\/radiorevelacionfm.cl\/wp-content\/uploads\/2021\/06\/BERTRAND-1-archivo-1-1-705x467.jpg 705w, https:\/\/radiorevelacionfm.cl\/wp-content\/uploads\/2021\/06\/BERTRAND-1-archivo-1-1-600x398.jpg 600w\" sizes=\"(max-width: 905px) 100vw, 905px\" \/><\/div><\/div><\/div><\/div><div class=\"flex_column av_one_full  flex_column_div av-zero-column-padding first  avia-builder-el-2  el_after_av_one_full  el_before_av_one_full  column-top-margin\" style='border-radius:0px; '><section class=\"av_textblock_section \"  itemscope=\"itemscope\" itemtype=\"https:\/\/schema.org\/BlogPosting\" itemprop=\"blogPost\" ><div class='avia_textblock  '   itemprop=\"text\" ><p style=\"text-align: center;\"><strong><span style=\"font-size: 18pt;\">Comenz\u00f3 proceso de licitaci\u00f3n para Alcantarillado y Casetas Sanitarias de Puerto Bertrand<\/span><\/strong><\/p>\n<div id=\"gtx-trans\" style=\"position: absolute; left: -50px; top: 4.31534px;\">\n<div class=\"gtx-trans-icon\"><\/div>\n<\/div>\n<\/div><\/section><\/div><div class=\"flex_column av_one_full  flex_column_div av-zero-column-padding first  avia-builder-el-4  el_after_av_one_full  el_before_av_hr  column-top-margin\" style='border-radius:0px; '><section class=\"av_textblock_section \"  itemscope=\"itemscope\" itemtype=\"https:\/\/schema.org\/BlogPosting\" itemprop=\"blogPost\" ><div class='avia_textblock  '   itemprop=\"text\" ><p style=\"text-align: justify;\">Tal como corresponde y exige la normativa vigente, el proyecto de construcci\u00f3n de Alcantarillado y Casetas Sanitarias para Puerto Bertrand, ha ido superando cada una de sus etapas, encontr\u00e1ndose hoy en el proceso de licitaci\u00f3n que lleva adelante desde sus inicios la unidad de Secplac de la Municipalidad de Chile Chico.<\/p>\n<p style=\"text-align: justify;\">Orgulloso de que esta iniciativa haya avanzado con diversas gestiones, reuniones y por supuesto el trabajo profesional y t\u00e9cnico del equipo municipal durante esta gesti\u00f3n edilicia, se mostr\u00f3 el Alcalde Ricardo Ibarra Valdebenito.<\/p>\n<p style=\"text-align: justify;\">\u201cFinalmente este proyecto fue licitado la semana reci\u00e9n pasada, es una macro inversi\u00f3n por 2.259 millones de pesos para la construcci\u00f3n del alcantarillado y casetas sanitarias de Puerto Bertrand. La fecha de adjudicaci\u00f3n es el d\u00eda 27 de julio del a\u00f1o 2021, esto queremos dejarlo en claro porque tiene varias etapas y es un proyecto bastante grande\u201d.<\/p>\n<p style=\"text-align: justify;\">Esta es una iniciativa muy esperada por la comunidad y considera dos etapas grandes para concretarla, a\u00f1adi\u00f3 el Alcalde Ibarra.<\/p>\n<p style=\"text-align: justify;\">\u201cTiene dos etapa grandes donde se tiene que desarrollar arquitect\u00f3nicamente y un proyecto de ingenier\u00eda de lo que va a ser el alcantarillado. Esta es una aspiraci\u00f3n hist\u00f3rica que ten\u00eda Puerto Bertrand y que ser\u00e1 una pronta realidad cuando se adjudique el d\u00eda 27 de julio, est\u00e1n los recursos, est\u00e1 el proyecto hecho, finalmente solo falta la ejecuci\u00f3n una vez que se asigne la empresa que va a desarrollar las obras. Un proyecto bonito, importante y anhelado por toda la gente de Puerto Bertrand\u201d.<\/p>\n<p style=\"text-align: justify;\">La construcci\u00f3n del Alcantarillado y Casetas Sanitarias de Puerto Bertrand, es una iniciativa que cambiar\u00e1 la calidad de vida de cada uno de los habitantes de esta peque\u00f1a, bella y tur\u00edstica localidad, que a\u00f1o a a\u00f1o recibe cada vez m\u00e1s tur\u00edsticas y es por ello que este proyecto permitir\u00e1 potenciar los diversos emprendimientos en torno a esta \u00e1rea productiva creciente en la zona.<\/p>\n<\/div><\/section><\/div><div  style='height:50px' class='hr hr-invisible   avia-builder-el-6  el_after_av_one_full  el_before_av_social_share '><span class='hr-inner ' ><span class='hr-inner-style'><\/span><\/span><\/div><\/p>\n<div  class='av-social-sharing-box  avia-builder-el-7  el_after_av_hr  el_before_av_hr  '><div class='av-share-box'><h5 class='av-share-link-description av-no-toc '>Compartir esta noticia<\/h5><ul class='av-share-box-list noLightbox'><li class='av-share-link av-social-link-facebook' ><a target=\"_blank\" aria-label=\"Compartir en Facebook\" href='https:\/\/www.facebook.com\/sharer.php?u=https:\/\/radiorevelacionfm.cl\/?p=5284&#038;t=Comenz%C3%B3%20proceso%20de%20licitaci%C3%B3n%20para%20Alcantarillado%20y%20Casetas%20Sanitarias%20de%20Puerto%20Bertrand' aria-hidden='false' data-av_icon='\ue8f3' data-av_iconfont='entypo-fontello' title='' data-avia-related-tooltip='Compartir en Facebook' rel=\"noopener\"><span class='avia_hidden_link_text'>Compartir en Facebook<\/span><\/a><\/li><li class='av-share-link av-social-link-twitter' ><a target=\"_blank\" aria-label=\"Compartir en Twitter\" href='https:\/\/twitter.com\/share?text=Comenz%C3%B3%20proceso%20de%20licitaci%C3%B3n%20para%20Alcantarillado%20y%20Casetas%20Sanitarias%20de%20Puerto%20Bertrand&#038;url=https:\/\/radiorevelacionfm.cl\/?p=5284' aria-hidden='false' data-av_icon='\ue8f1' data-av_iconfont='entypo-fontello' title='' data-avia-related-tooltip='Compartir en Twitter' rel=\"noopener\"><span class='avia_hidden_link_text'>Compartir en Twitter<\/span><\/a><\/li><li class='av-share-link av-social-link-whatsapp' ><a target=\"_blank\" aria-label=\"Compartir en Whatsapp\" href='https:\/\/api.whatsapp.com\/send?text=https:\/\/radiorevelacionfm.cl\/?p=5284' aria-hidden='false' data-av_icon='\uf232' data-av_iconfont='entypo-fontello' title='' data-avia-related-tooltip='Compartir en Whatsapp' rel=\"noopener\"><span class='avia_hidden_link_text'>Compartir en Whatsapp<\/span><\/a><\/li><li class='av-share-link av-social-link-linkedin' ><a target=\"_blank\" aria-label=\"Compartir en LinkedIn\" href='https:\/\/linkedin.com\/shareArticle?mini=true&#038;title=Comenz%C3%B3%20proceso%20de%20licitaci%C3%B3n%20para%20Alcantarillado%20y%20Casetas%20Sanitarias%20de%20Puerto%20Bertrand&#038;url=https:\/\/radiorevelacionfm.cl\/?p=5284' aria-hidden='false' data-av_icon='\ue8fc' data-av_iconfont='entypo-fontello' title='' data-avia-related-tooltip='Compartir en LinkedIn' rel=\"noopener\"><span class='avia_hidden_link_text'>Compartir en LinkedIn<\/span><\/a><\/li><li class='av-share-link av-social-link-mail' ><a  aria-label=\"Compartir por correo\" href='mailto:?subject=Comenz%C3%B3%20proceso%20de%20licitaci%C3%B3n%20para%20Alcantarillado%20y%20Casetas%20Sanitarias%20de%20Puerto%20Bertrand&#038;body=https:\/\/radiorevelacionfm.cl\/?p=5284' aria-hidden='false' data-av_icon='\ue805' data-av_iconfont='entypo-fontello' title='' data-avia-related-tooltip='Compartir por correo'><span class='avia_hidden_link_text'>Compartir por correo<\/span><\/a><\/li><\/ul><\/div><\/div>\n<div  style='height:50px' class='hr hr-invisible   avia-builder-el-8  el_after_av_social_share  el_before_av_comments_list '><span class='hr-inner ' ><span class='hr-inner-style'><\/span><\/span><\/div>\n<div  class='av-buildercomment  av-blog-meta-html-info-disabled av-blog-meta-tag-disabled  '><\/div>\n","protected":false},"excerpt":{"rendered":"","protected":false},"author":1,"featured_media":5286,"comment_status":"open","ping_status":"open","sticky":false,"template":"","format":"standard","meta":{"footnotes":""},"categories":[38],"tags":[],"class_list":["post-5284","post","type-post","status-publish","format-standard","has-post-thumbnail","hentry","category-regional"],"jetpack_featured_media_url":"https:\/\/radiorevelacionfm.cl\/wp-content\/uploads\/2021\/06\/BERTRAND-1-archivo-1-1.jpg","_links":{"self":[{"href":"https:\/\/radiorevelacionfm.cl\/index.php?rest_route=\/wp\/v2\/posts\/5284","targetHints":{"allow":["GET"]}}],"collection":[{"href":"https:\/\/radiorevelacionfm.cl\/index.php?rest_route=\/wp\/v2\/posts"}],"about":[{"href":"https:\/\/radiorevelacionfm.cl\/index.php?rest_route=\/wp\/v2\/types\/post"}],"author":[{"embeddable":true,"href":"https:\/\/radiorevelacionfm.cl\/index.php?rest_route=\/wp\/v2\/users\/1"}],"replies":[{"embeddable":true,"href":"https:\/\/radiorevelacionfm.cl\/index.php?rest_route=%2Fwp%2Fv2%2Fcomments&post=5284"}],"version-history":[{"count":1,"href":"https:\/\/radiorevelacionfm.cl\/index.php?rest_route=\/wp\/v2\/posts\/5284\/revisions"}],"predecessor-version":[{"id":5287,"href":"https:\/\/radiorevelacionfm.cl\/index.php?rest_route=\/wp\/v2\/posts\/5284\/revisions\/5287"}],"wp:featuredmedia":[{"embeddable":true,"href":"https:\/\/radiorevelacionfm.cl\/index.php?rest_route=\/wp\/v2\/media\/5286"}],"wp:attachment":[{"href":"https:\/\/radiorevelacionfm.cl\/index.php?rest_route=%2Fwp%2Fv2%2Fmedia&parent=5284"}],"wp:term":[{"taxonomy":"category","embeddable":true,"href":"https:\/\/radiorevelacionfm.cl\/index.php?rest_route=%2Fwp%2Fv2%2Fcategories&post=5284"},{"taxonomy":"post_tag","embeddable":true,"href":"https:\/\/radiorevelacionfm.cl\/index.php?rest_route=%2Fwp%2Fv2%2Ftags&post=5284"}],"curies":[{"name":"wp","href":"https:\/\/api.w.org\/{rel}","templated":true}]}}