{"id":52835,"date":"2025-04-19T16:30:45","date_gmt":"2025-04-19T19:30:45","guid":{"rendered":"https:\/\/radiorevelacionfm.cl\/?p=52835"},"modified":"2025-04-19T16:30:45","modified_gmt":"2025-04-19T19:30:45","slug":"sandoval-pide-informacion-por-barcaza-pilchero-es-inexplicable-el-largo-proceso-de-reparaciones-y-los-recursos-que-se-han-destinado-para-su-reparacion","status":"publish","type":"post","link":"https:\/\/radiorevelacionfm.cl\/?p=52835","title":{"rendered":"Sandoval pide informaci\u00f3n por barcaza Pilchero: \u201cEs inexplicable el largo proceso de reparaciones y los recursos que se han destinado para su reparaci\u00f3n\u201d"},"content":{"rendered":"<div class=\"flex_column av_one_full  flex_column_div av-zero-column-padding first  avia-builder-el-0  el_before_av_one_full  avia-builder-el-first  \" style='border-radius:0px; '><div  class='avia-image-container  av-styling-    avia-builder-el-1  avia-builder-el-no-sibling  avia-align-center '  itemprop=\"image\" itemscope=\"itemscope\" itemtype=\"https:\/\/schema.org\/ImageObject\"  ><div class='avia-image-container-inner'><div class='avia-image-overlay-wrap'><img decoding=\"async\" class='wp-image-52836 avia-img-lazy-loading-not-52836 avia_image' src=\"https:\/\/radiorevelacionfm.cl\/wp-content\/uploads\/2025\/04\/barcaza-pilchero-en-puerto-ibANez-1-1_optimized-1.jpg\" alt='' title='barcaza-pilchero-en-puerto-ib\u00c1\u00d1ez-(1)-(1)_optimized (1)' height=\"600\" width=\"800\"  itemprop=\"thumbnailUrl\" srcset=\"https:\/\/radiorevelacionfm.cl\/wp-content\/uploads\/2025\/04\/barcaza-pilchero-en-puerto-ibANez-1-1_optimized-1.jpg 800w, https:\/\/radiorevelacionfm.cl\/wp-content\/uploads\/2025\/04\/barcaza-pilchero-en-puerto-ibANez-1-1_optimized-1-300x225.jpg 300w, https:\/\/radiorevelacionfm.cl\/wp-content\/uploads\/2025\/04\/barcaza-pilchero-en-puerto-ibANez-1-1_optimized-1-768x576.jpg 768w, https:\/\/radiorevelacionfm.cl\/wp-content\/uploads\/2025\/04\/barcaza-pilchero-en-puerto-ibANez-1-1_optimized-1-705x529.jpg 705w, https:\/\/radiorevelacionfm.cl\/wp-content\/uploads\/2025\/04\/barcaza-pilchero-en-puerto-ibANez-1-1_optimized-1-450x338.jpg 450w, https:\/\/radiorevelacionfm.cl\/wp-content\/uploads\/2025\/04\/barcaza-pilchero-en-puerto-ibANez-1-1_optimized-1-600x450.jpg 600w\" sizes=\"(max-width: 800px) 100vw, 800px\" \/><\/div><\/div><\/div><\/div><div class=\"flex_column av_one_full  flex_column_div av-zero-column-padding first  avia-builder-el-2  el_after_av_one_full  el_before_av_one_full  column-top-margin\" style='border-radius:0px; '><section class=\"av_textblock_section \"  itemscope=\"itemscope\" itemtype=\"https:\/\/schema.org\/BlogPosting\" itemprop=\"blogPost\" ><div class='avia_textblock  '   itemprop=\"text\" ><p style=\"text-align: center;\"><strong><span style=\"font-size: 18pt;\">Sandoval pide informaci\u00f3n por barcaza Pilchero: \u201cEs inexplicable el largo proceso de reparaciones y los recursos que se han destinado para su reparaci\u00f3n\u201d <\/span><\/strong><\/p>\n<div id=\"gtx-trans\" style=\"position: absolute; left: -50px; top: 4.31534px;\">\n<div class=\"gtx-trans-icon\"><\/div>\n<\/div>\n<\/div><\/section><\/div><div class=\"flex_column av_one_full  flex_column_div av-zero-column-padding first  avia-builder-el-4  el_after_av_one_full  el_before_av_hr  column-top-margin\" style='border-radius:0px; '><section class=\"av_textblock_section \"  itemscope=\"itemscope\" itemtype=\"https:\/\/schema.org\/BlogPosting\" itemprop=\"blogPost\" ><div class='avia_textblock  '   itemprop=\"text\" ><p style=\"text-align: justify;\"><em>Parlamentario ofici\u00f3 a Contralor\u00eda Regional, MOP Ays\u00e9n, entre otros, para recabar antecedentes.<\/em><\/p>\n<p style=\"text-align: justify;\">\u201cEs inexplicable el largo proceso de reparaciones que lleva adelante esta nave y la reiterada y sustantivas sumas de dinero que se han destinado para su reparaci\u00f3n\u201d. As\u00ed lo se\u00f1al\u00f3 el senador David Sandoval, al referirse al largo de periodo que la barcaza Pilchero permanece fuera de operaciones en el Lago General Carrera.<\/p>\n<p style=\"text-align: justify;\">Al respecto, el parlamentario recalc\u00f3 que la consecuencia final de esta demora \u201ces que la embarcaci\u00f3n sigue sin estar operativa\u201d, dejando de ser una opci\u00f3n para la comunidad.<\/p>\n<p style=\"text-align: justify;\">Por lo mismo es que ofici\u00f3 a la Contralor\u00eda Regional de la Rep\u00fablica, a fin de conocer todos los antecedentes disponibles sobre, entre otros, los contratos que se han realizado para las obras de reparaci\u00f3n. \u201cEn diciembre de 2024, se anunci\u00f3 una inversi\u00f3n de mil millones de pesos, para una barcaza que ya ha costado varios miles de millones en reparaciones y sigue sin operar. Por eso, pedimos un informe pormenorizado a Contralor\u00eda porque aqu\u00ed estamos hablando de recursos p\u00fablicos. Pero m\u00e1s all\u00e1 de eso, estamos hablando de un bien que deber\u00eda estar siendo de servicio hacia las comunidades\u201d, subray\u00f3.<\/p>\n<p style=\"text-align: justify;\">Junto con ello, tambi\u00e9n envi\u00f3 un requerimiento al MOP Ays\u00e9n, para saber qu\u00e9 se ha hecho y cu\u00e1les son las causas por las cuales se ha producido esta demora y el largo periodo de carena de esta, adem\u00e1s de conocer las inversiones y recursos que se han destinado para estos fines.<\/p>\n<p style=\"text-align: justify;\">Por \u00faltimo, el legislador considera que esta tambi\u00e9n es una oportunidad para que las nuevas autoridades locales, concejales, alcaldes y los propios consejeros regionales \u201cpara adentrarse en una tem\u00e1tica que beneficia a las comunidades del Lago General Carrera\u201d.<\/p>\n<\/div><\/section><\/div><div  style='height:50px' class='hr hr-invisible   avia-builder-el-6  el_after_av_one_full  el_before_av_social_share '><span class='hr-inner ' ><span class='hr-inner-style'><\/span><\/span><\/div><\/p>\n<div  class='av-social-sharing-box  avia-builder-el-7  el_after_av_hr  el_before_av_hr  '><div class='av-share-box'><h5 class='av-share-link-description av-no-toc '>Compartir esta noticia<\/h5><ul class='av-share-box-list noLightbox'><li class='av-share-link av-social-link-facebook' ><a target=\"_blank\" aria-label=\"Compartir en Facebook\" href='https:\/\/www.facebook.com\/sharer.php?u=https:\/\/radiorevelacionfm.cl\/?p=52835&#038;t=Sandoval%20pide%20informaci%C3%B3n%20por%20barcaza%20Pilchero%3A%20%E2%80%9CEs%20inexplicable%20el%20largo%20proceso%20de%20reparaciones%20y%20los%20recursos%20que%20se%20han%20destinado%20para%20su%20reparaci%C3%B3n%E2%80%9D' aria-hidden='false' data-av_icon='\ue8f3' data-av_iconfont='entypo-fontello' title='' data-avia-related-tooltip='Compartir en Facebook' rel=\"noopener\"><span class='avia_hidden_link_text'>Compartir en Facebook<\/span><\/a><\/li><li class='av-share-link av-social-link-twitter' ><a target=\"_blank\" aria-label=\"Compartir en Twitter\" href='https:\/\/twitter.com\/share?text=Sandoval%20pide%20informaci%C3%B3n%20por%20barcaza%20Pilchero%3A%20%E2%80%9CEs%20inexplicable%20el%20largo%20proceso%20de%20reparaciones%20y%20los%20recursos%20que%20se%20han%20destinado%20para%20su%20reparaci%C3%B3n%E2%80%9D&#038;url=https:\/\/radiorevelacionfm.cl\/?p=52835' aria-hidden='false' data-av_icon='\ue8f1' data-av_iconfont='entypo-fontello' title='' data-avia-related-tooltip='Compartir en Twitter' rel=\"noopener\"><span class='avia_hidden_link_text'>Compartir en Twitter<\/span><\/a><\/li><li class='av-share-link av-social-link-whatsapp' ><a target=\"_blank\" aria-label=\"Compartir en Whatsapp\" href='https:\/\/api.whatsapp.com\/send?text=https:\/\/radiorevelacionfm.cl\/?p=52835' aria-hidden='false' data-av_icon='\uf232' data-av_iconfont='entypo-fontello' title='' data-avia-related-tooltip='Compartir en Whatsapp' rel=\"noopener\"><span class='avia_hidden_link_text'>Compartir en Whatsapp<\/span><\/a><\/li><li class='av-share-link av-social-link-linkedin' ><a target=\"_blank\" aria-label=\"Compartir en LinkedIn\" href='https:\/\/linkedin.com\/shareArticle?mini=true&#038;title=Sandoval%20pide%20informaci%C3%B3n%20por%20barcaza%20Pilchero%3A%20%E2%80%9CEs%20inexplicable%20el%20largo%20proceso%20de%20reparaciones%20y%20los%20recursos%20que%20se%20han%20destinado%20para%20su%20reparaci%C3%B3n%E2%80%9D&#038;url=https:\/\/radiorevelacionfm.cl\/?p=52835' aria-hidden='false' data-av_icon='\ue8fc' data-av_iconfont='entypo-fontello' title='' data-avia-related-tooltip='Compartir en LinkedIn' rel=\"noopener\"><span class='avia_hidden_link_text'>Compartir en LinkedIn<\/span><\/a><\/li><li class='av-share-link av-social-link-mail' ><a  aria-label=\"Compartir por correo\" href='mailto:?subject=Sandoval%20pide%20informaci%C3%B3n%20por%20barcaza%20Pilchero%3A%20%E2%80%9CEs%20inexplicable%20el%20largo%20proceso%20de%20reparaciones%20y%20los%20recursos%20que%20se%20han%20destinado%20para%20su%20reparaci%C3%B3n%E2%80%9D&#038;body=https:\/\/radiorevelacionfm.cl\/?p=52835' aria-hidden='false' data-av_icon='\ue805' data-av_iconfont='entypo-fontello' title='' data-avia-related-tooltip='Compartir por correo'><span class='avia_hidden_link_text'>Compartir por correo<\/span><\/a><\/li><\/ul><\/div><\/div>\n<div  style='height:50px' class='hr hr-invisible   avia-builder-el-8  el_after_av_social_share  el_before_av_comments_list '><span class='hr-inner ' ><span class='hr-inner-style'><\/span><\/span><\/div>\n<div  class='av-buildercomment  av-blog-meta-html-info-disabled av-blog-meta-tag-disabled  '><\/div>\n","protected":false},"excerpt":{"rendered":"","protected":false},"author":1,"featured_media":52836,"comment_status":"closed","ping_status":"closed","sticky":false,"template":"","format":"standard","meta":{"footnotes":""},"categories":[38],"tags":[],"class_list":["post-52835","post","type-post","status-publish","format-standard","has-post-thumbnail","hentry","category-regional"],"jetpack_featured_media_url":"https:\/\/radiorevelacionfm.cl\/wp-content\/uploads\/2025\/04\/barcaza-pilchero-en-puerto-ibANez-1-1_optimized-1.jpg","_links":{"self":[{"href":"https:\/\/radiorevelacionfm.cl\/index.php?rest_route=\/wp\/v2\/posts\/52835","targetHints":{"allow":["GET"]}}],"collection":[{"href":"https:\/\/radiorevelacionfm.cl\/index.php?rest_route=\/wp\/v2\/posts"}],"about":[{"href":"https:\/\/radiorevelacionfm.cl\/index.php?rest_route=\/wp\/v2\/types\/post"}],"author":[{"embeddable":true,"href":"https:\/\/radiorevelacionfm.cl\/index.php?rest_route=\/wp\/v2\/users\/1"}],"replies":[{"embeddable":true,"href":"https:\/\/radiorevelacionfm.cl\/index.php?rest_route=%2Fwp%2Fv2%2Fcomments&post=52835"}],"version-history":[{"count":2,"href":"https:\/\/radiorevelacionfm.cl\/index.php?rest_route=\/wp\/v2\/posts\/52835\/revisions"}],"predecessor-version":[{"id":52849,"href":"https:\/\/radiorevelacionfm.cl\/index.php?rest_route=\/wp\/v2\/posts\/52835\/revisions\/52849"}],"wp:featuredmedia":[{"embeddable":true,"href":"https:\/\/radiorevelacionfm.cl\/index.php?rest_route=\/wp\/v2\/media\/52836"}],"wp:attachment":[{"href":"https:\/\/radiorevelacionfm.cl\/index.php?rest_route=%2Fwp%2Fv2%2Fmedia&parent=52835"}],"wp:term":[{"taxonomy":"category","embeddable":true,"href":"https:\/\/radiorevelacionfm.cl\/index.php?rest_route=%2Fwp%2Fv2%2Fcategories&post=52835"},{"taxonomy":"post_tag","embeddable":true,"href":"https:\/\/radiorevelacionfm.cl\/index.php?rest_route=%2Fwp%2Fv2%2Ftags&post=52835"}],"curies":[{"name":"wp","href":"https:\/\/api.w.org\/{rel}","templated":true}]}}