{"id":52831,"date":"2025-04-18T18:31:41","date_gmt":"2025-04-18T21:31:41","guid":{"rendered":"https:\/\/radiorevelacionfm.cl\/?p=52831"},"modified":"2025-04-18T21:47:27","modified_gmt":"2025-04-19T00:47:27","slug":"investigan-muerte-de-trabajador-mientras-realizaba-faenas-de-buceo-en-aysen","status":"publish","type":"post","link":"https:\/\/radiorevelacionfm.cl\/?p=52831","title":{"rendered":"Investigan muerte de trabajador mientras realizaba faenas de buceo en Ays\u00e9n"},"content":{"rendered":"<div class=\"flex_column av_one_full  flex_column_div av-zero-column-padding first  avia-builder-el-0  el_before_av_one_full  avia-builder-el-first  \" style='border-radius:0px; '><div  class='avia-image-container  av-styling-    avia-builder-el-1  avia-builder-el-no-sibling  avia-align-center '  itemprop=\"image\" itemscope=\"itemscope\" itemtype=\"https:\/\/schema.org\/ImageObject\"  ><div class='avia-image-container-inner'><div class='avia-image-overlay-wrap'><img decoding=\"async\" class='wp-image-52846 avia-img-lazy-loading-not-52846 avia_image' src=\"https:\/\/radiorevelacionfm.cl\/wp-content\/uploads\/2025\/04\/AYSEN-17.04.25.jpg\" alt='' title='AYSEN 17.04.25' height=\"635\" width=\"803\"  itemprop=\"thumbnailUrl\" srcset=\"https:\/\/radiorevelacionfm.cl\/wp-content\/uploads\/2025\/04\/AYSEN-17.04.25.jpg 803w, https:\/\/radiorevelacionfm.cl\/wp-content\/uploads\/2025\/04\/AYSEN-17.04.25-300x237.jpg 300w, https:\/\/radiorevelacionfm.cl\/wp-content\/uploads\/2025\/04\/AYSEN-17.04.25-768x607.jpg 768w, https:\/\/radiorevelacionfm.cl\/wp-content\/uploads\/2025\/04\/AYSEN-17.04.25-705x558.jpg 705w, https:\/\/radiorevelacionfm.cl\/wp-content\/uploads\/2025\/04\/AYSEN-17.04.25-450x356.jpg 450w, https:\/\/radiorevelacionfm.cl\/wp-content\/uploads\/2025\/04\/AYSEN-17.04.25-600x474.jpg 600w\" sizes=\"(max-width: 803px) 100vw, 803px\" \/><\/div><\/div><\/div><\/div><div class=\"flex_column av_one_full  flex_column_div av-zero-column-padding first  avia-builder-el-2  el_after_av_one_full  el_before_av_one_full  column-top-margin\" style='border-radius:0px; '><section class=\"av_textblock_section \"  itemscope=\"itemscope\" itemtype=\"https:\/\/schema.org\/BlogPosting\" itemprop=\"blogPost\" ><div class='avia_textblock  '   itemprop=\"text\" ><p style=\"text-align: center;\"><strong><span style=\"font-size: 18pt;\">Investigan muerte de trabajador mientras realizaba faenas de buceo en Ays\u00e9n<\/span><\/strong><\/p>\n<div id=\"gtx-trans\" style=\"position: absolute; left: -50px; top: 4.31534px;\">\n<div class=\"gtx-trans-icon\"><\/div>\n<\/div>\n<\/div><\/section><\/div><\/p>\n<div class=\"flex_column av_one_full  flex_column_div av-zero-column-padding first  avia-builder-el-4  el_after_av_one_full  el_before_av_hr  column-top-margin\" style='border-radius:0px; '><section class=\"av_textblock_section \"  itemscope=\"itemscope\" itemtype=\"https:\/\/schema.org\/BlogPosting\" itemprop=\"blogPost\" ><div class='avia_textblock  '   itemprop=\"text\" ><p style=\"text-align: justify;\">Fiscal\u00eda Ays\u00e9n investiga muerte de un trabajador en cercan\u00edas de Isla Elena, en la regi\u00f3n de Ays\u00e9n, quien habr\u00eda fallecido mientras se encontraba realizando faenas de limpieza en un pont\u00f3n, en el Centro de Cultivo \u201cElena Weste\u201d, perteneciente a la empresa Blumar S.A. Lo que es materia de investigaci\u00f3n.<\/p>\n<p style=\"text-align: justify;\">De acuerdo a informaci\u00f3n entregada por el Capit\u00e1n de Puerto, de Puerto Chacabuco, Sim\u00f3n Stuven, durante la tarde del jueves 17 de abril de 2025, a eso de las 17:10 horas, se recibi\u00f3 un llamado de emergencia sobre una evacuaci\u00f3n m\u00e9dica, por un buzo que sufri\u00f3 un accidente en cercan\u00edas de Isla Elena, inicialmente se hizo evacuaci\u00f3n en embarcaci\u00f3n civil, Catamar\u00e1n \u00abCaleta Vidal\u00bb &#8211; CA8732, posteriormente se realiz\u00f3 un punto de encuentro con la patrullera de la Armada LPM-4411, siendo la persona accidentada trasladada hasta Puerto Chacabuco, recalando cerca de las 18:47 horas en Puerto Oxxean, donde personal param\u00e9dico del SAMU constat\u00f3 que el trabajador lamentablemente se encontraba sin signos vitales, declarando su fallecimiento. Efectu\u00e1ndose el procedimiento de rigor dispuesto por el Fiscal de turno de Puerto Ays\u00e9n.<\/p>\n<p style=\"text-align: justify;\">El cuerpo del fallecido buzo mariscador b\u00e1sico, identificado como Luis Godoy Mendoza, de la empresa Contratista Aerocam Ltda, fue entregado al Servicio M\u00e9dico Legal (SML) para las pericias correspondientes.<\/p>\n<p style=\"text-align: justify;\">Las causas del accidente est\u00e1n siendo investigadas, antecedentes que fueron entregados al Ministerio P\u00fablico y el Fiscal Mar\u00edtimo, quienes desarrollan las primeras diligencias para esclarecer este fatal accidente.<\/p>\n<div id=\"temp_home_center\" class=\"cont_dstemp\" data-sector=\"7\">\n<section class=\"cont-section\">\n<div class=\"col-12 mb-4 text-center banner-desktop t_banner avfr_2_9 tp- mdl_7 idcnt_1437\">\n<div id=\"Inread\" class=\"col-12 text-center\">\n<div id=\"sas_container_12675679\" data-eqt-ad=\"ad-12675679\">\n<div id=\"sas_videoDiv_12675679\"><\/div>\n<\/div>\n<\/div>\n<\/div>\n<\/section>\n<\/div>\n<\/div><\/section><\/div>\n<div  style='height:50px' class='hr hr-invisible   avia-builder-el-6  el_after_av_one_full  el_before_av_social_share '><span class='hr-inner ' ><span class='hr-inner-style'><\/span><\/span><\/div>\n<div  class='av-social-sharing-box  avia-builder-el-7  el_after_av_hr  el_before_av_hr  '><div class='av-share-box'><h5 class='av-share-link-description av-no-toc '>Compartir esta noticia<\/h5><ul class='av-share-box-list noLightbox'><li class='av-share-link av-social-link-facebook' ><a target=\"_blank\" aria-label=\"Compartir en Facebook\" href='https:\/\/www.facebook.com\/sharer.php?u=https:\/\/radiorevelacionfm.cl\/?p=52831&#038;t=Investigan%20muerte%20de%20trabajador%20mientras%20realizaba%20faenas%20de%20buceo%20en%20Ays%C3%A9n' aria-hidden='false' data-av_icon='\ue8f3' data-av_iconfont='entypo-fontello' title='' data-avia-related-tooltip='Compartir en Facebook' rel=\"noopener\"><span class='avia_hidden_link_text'>Compartir en Facebook<\/span><\/a><\/li><li class='av-share-link av-social-link-twitter' ><a target=\"_blank\" aria-label=\"Compartir en Twitter\" href='https:\/\/twitter.com\/share?text=Investigan%20muerte%20de%20trabajador%20mientras%20realizaba%20faenas%20de%20buceo%20en%20Ays%C3%A9n&#038;url=https:\/\/radiorevelacionfm.cl\/?p=52831' aria-hidden='false' data-av_icon='\ue8f1' data-av_iconfont='entypo-fontello' title='' data-avia-related-tooltip='Compartir en Twitter' rel=\"noopener\"><span class='avia_hidden_link_text'>Compartir en Twitter<\/span><\/a><\/li><li class='av-share-link av-social-link-whatsapp' ><a target=\"_blank\" aria-label=\"Compartir en Whatsapp\" href='https:\/\/api.whatsapp.com\/send?text=https:\/\/radiorevelacionfm.cl\/?p=52831' aria-hidden='false' data-av_icon='\uf232' data-av_iconfont='entypo-fontello' title='' data-avia-related-tooltip='Compartir en Whatsapp' rel=\"noopener\"><span class='avia_hidden_link_text'>Compartir en Whatsapp<\/span><\/a><\/li><li class='av-share-link av-social-link-linkedin' ><a target=\"_blank\" aria-label=\"Compartir en LinkedIn\" href='https:\/\/linkedin.com\/shareArticle?mini=true&#038;title=Investigan%20muerte%20de%20trabajador%20mientras%20realizaba%20faenas%20de%20buceo%20en%20Ays%C3%A9n&#038;url=https:\/\/radiorevelacionfm.cl\/?p=52831' aria-hidden='false' data-av_icon='\ue8fc' data-av_iconfont='entypo-fontello' title='' data-avia-related-tooltip='Compartir en LinkedIn' rel=\"noopener\"><span class='avia_hidden_link_text'>Compartir en LinkedIn<\/span><\/a><\/li><li class='av-share-link av-social-link-mail' ><a  aria-label=\"Compartir por correo\" href='mailto:?subject=Investigan%20muerte%20de%20trabajador%20mientras%20realizaba%20faenas%20de%20buceo%20en%20Ays%C3%A9n&#038;body=https:\/\/radiorevelacionfm.cl\/?p=52831' aria-hidden='false' data-av_icon='\ue805' data-av_iconfont='entypo-fontello' title='' data-avia-related-tooltip='Compartir por correo'><span class='avia_hidden_link_text'>Compartir por correo<\/span><\/a><\/li><\/ul><\/div><\/div>\n<div  style='height:50px' class='hr hr-invisible   avia-builder-el-8  el_after_av_social_share  el_before_av_comments_list '><span class='hr-inner ' ><span class='hr-inner-style'><\/span><\/span><\/div>\n<div  class='av-buildercomment  av-blog-meta-html-info-disabled av-blog-meta-tag-disabled  '><\/div>\n","protected":false},"excerpt":{"rendered":"","protected":false},"author":1,"featured_media":52846,"comment_status":"closed","ping_status":"closed","sticky":false,"template":"","format":"standard","meta":{"footnotes":""},"categories":[38],"tags":[],"class_list":["post-52831","post","type-post","status-publish","format-standard","has-post-thumbnail","hentry","category-regional"],"jetpack_featured_media_url":"https:\/\/radiorevelacionfm.cl\/wp-content\/uploads\/2025\/04\/AYSEN-17.04.25.jpg","_links":{"self":[{"href":"https:\/\/radiorevelacionfm.cl\/index.php?rest_route=\/wp\/v2\/posts\/52831","targetHints":{"allow":["GET"]}}],"collection":[{"href":"https:\/\/radiorevelacionfm.cl\/index.php?rest_route=\/wp\/v2\/posts"}],"about":[{"href":"https:\/\/radiorevelacionfm.cl\/index.php?rest_route=\/wp\/v2\/types\/post"}],"author":[{"embeddable":true,"href":"https:\/\/radiorevelacionfm.cl\/index.php?rest_route=\/wp\/v2\/users\/1"}],"replies":[{"embeddable":true,"href":"https:\/\/radiorevelacionfm.cl\/index.php?rest_route=%2Fwp%2Fv2%2Fcomments&post=52831"}],"version-history":[{"count":7,"href":"https:\/\/radiorevelacionfm.cl\/index.php?rest_route=\/wp\/v2\/posts\/52831\/revisions"}],"predecessor-version":[{"id":52845,"href":"https:\/\/radiorevelacionfm.cl\/index.php?rest_route=\/wp\/v2\/posts\/52831\/revisions\/52845"}],"wp:featuredmedia":[{"embeddable":true,"href":"https:\/\/radiorevelacionfm.cl\/index.php?rest_route=\/wp\/v2\/media\/52846"}],"wp:attachment":[{"href":"https:\/\/radiorevelacionfm.cl\/index.php?rest_route=%2Fwp%2Fv2%2Fmedia&parent=52831"}],"wp:term":[{"taxonomy":"category","embeddable":true,"href":"https:\/\/radiorevelacionfm.cl\/index.php?rest_route=%2Fwp%2Fv2%2Fcategories&post=52831"},{"taxonomy":"post_tag","embeddable":true,"href":"https:\/\/radiorevelacionfm.cl\/index.php?rest_route=%2Fwp%2Fv2%2Ftags&post=52831"}],"curies":[{"name":"wp","href":"https:\/\/api.w.org\/{rel}","templated":true}]}}