{"id":52820,"date":"2025-04-19T17:55:19","date_gmt":"2025-04-19T20:55:19","guid":{"rendered":"https:\/\/radiorevelacionfm.cl\/?p=52820"},"modified":"2025-04-19T17:55:19","modified_gmt":"2025-04-19T20:55:19","slug":"abren-postulaciones-a-tesis-pais-de-la-fundacion-superacion-de-la-pobreza-servicio-pais","status":"publish","type":"post","link":"https:\/\/radiorevelacionfm.cl\/?p=52820","title":{"rendered":"Abren postulaciones a Tesis Pa\u00eds de la Fundaci\u00f3n Superaci\u00f3n de la Pobreza &#8211; SERVICIO PA\u00cdS"},"content":{"rendered":"<div class=\"flex_column av_one_full  flex_column_div av-zero-column-padding first  avia-builder-el-0  el_before_av_one_full  avia-builder-el-first  \" style='border-radius:0px; '><div  class='avia-image-container  av-styling-    avia-builder-el-1  avia-builder-el-no-sibling  avia-align-center '  itemprop=\"image\" itemscope=\"itemscope\" itemtype=\"https:\/\/schema.org\/ImageObject\"  ><div class='avia-image-container-inner'><div class='avia-image-overlay-wrap'><img decoding=\"async\" class='wp-image-52821 avia-img-lazy-loading-not-52821 avia_image' src=\"https:\/\/radiorevelacionfm.cl\/wp-content\/uploads\/2025\/04\/Tesis-Pais-BN-WB-1.jpg\" alt='' title='Tesis Pa\u00eds - BN WB (1)' height=\"602\" width=\"800\"  itemprop=\"thumbnailUrl\" srcset=\"https:\/\/radiorevelacionfm.cl\/wp-content\/uploads\/2025\/04\/Tesis-Pais-BN-WB-1.jpg 800w, https:\/\/radiorevelacionfm.cl\/wp-content\/uploads\/2025\/04\/Tesis-Pais-BN-WB-1-300x226.jpg 300w, https:\/\/radiorevelacionfm.cl\/wp-content\/uploads\/2025\/04\/Tesis-Pais-BN-WB-1-768x578.jpg 768w, https:\/\/radiorevelacionfm.cl\/wp-content\/uploads\/2025\/04\/Tesis-Pais-BN-WB-1-705x531.jpg 705w, https:\/\/radiorevelacionfm.cl\/wp-content\/uploads\/2025\/04\/Tesis-Pais-BN-WB-1-450x339.jpg 450w, https:\/\/radiorevelacionfm.cl\/wp-content\/uploads\/2025\/04\/Tesis-Pais-BN-WB-1-600x452.jpg 600w\" sizes=\"(max-width: 800px) 100vw, 800px\" \/><\/div><\/div><\/div><\/div>\n<div class=\"flex_column av_one_full  flex_column_div av-zero-column-padding first  avia-builder-el-2  el_after_av_one_full  el_before_av_one_full  column-top-margin\" style='border-radius:0px; '><section class=\"av_textblock_section \"  itemscope=\"itemscope\" itemtype=\"https:\/\/schema.org\/BlogPosting\" itemprop=\"blogPost\" ><div class='avia_textblock  '   itemprop=\"text\" ><p style=\"text-align: center;\"><strong><span style=\"font-size: 18pt;\">Abren postulaciones a Tesis Pa\u00eds de la Fundaci\u00f3n Superaci\u00f3n de la Pobreza &#8211; SERVICIO PA\u00cdS<\/span><\/strong><\/p>\n<div id=\"gtx-trans\" style=\"position: absolute; left: -50px; top: 4.31534px;\">\n<div class=\"gtx-trans-icon\"><\/div>\n<\/div>\n<\/div><\/section><\/div><div class=\"flex_column av_one_full  flex_column_div av-zero-column-padding first  avia-builder-el-4  el_after_av_one_full  el_before_av_hr  column-top-margin\" style='border-radius:0px; '><section class=\"av_textblock_section \"  itemscope=\"itemscope\" itemtype=\"https:\/\/schema.org\/BlogPosting\" itemprop=\"blogPost\" ><div class='avia_textblock  '   itemprop=\"text\" ><p style=\"text-align: justify;\"><em>Iniciativa que apoya a estudiantes de pre y postgrado a realizar tesis en tem\u00e1ticas de pobreza, exclusi\u00f3n, inequidad, desarrollo local y pol\u00edticas p\u00fablicas.<\/em><\/p>\n<p style=\"text-align: justify;\">Hasta el 15 de mayo se encuentran abiertas las postulaciones a Tesis Pa\u00eds, una iniciativa de la Fundaci\u00f3n Superaci\u00f3n de la Pobreza &#8211; SERVICIO PA\u00cdS para apoyar el desarrollo de proyectos de titulaci\u00f3n, tales como como tesis, tesina y memoria, en tem\u00e1ticas relacionadas con el qu\u00e9 hacer de la fundaci\u00f3n. Tambi\u00e9n incluye obras, prototipos, dise\u00f1os, producciones o similares, que permitan el egreso y\/o la titulaci\u00f3n en carreras t\u00e9cnicas y\/o profesionales.<\/p>\n<p style=\"text-align: justify;\">Hace 16 a\u00f1os que la instituci\u00f3n apoya investigaciones que contribuyan a la comprensi\u00f3n e intervenci\u00f3n en torno a la pobreza y las estrategias para superarla. Tesis Pa\u00eds tambi\u00e9n apoya proyectos que ofrezcan soluciones pr\u00e1cticas o respuestas concretas a problemas y desaf\u00edos para el desarrollo de comunidades locales, como por ejemplo, proyectos audiovisuales, dise\u00f1os arquitect\u00f3nicos, materiales educativos, propuestas de planificaci\u00f3n, entre otros.<\/p>\n<p style=\"text-align: justify;\">La convocatoria es para estudiantes de pre y postgrado con proyectos terminados o en desarrollo y, al formar parte de Tesis Pa\u00eds, recibir\u00e1n asesor\u00eda t\u00e9cnica y profesional en terreno y un apoyo econ\u00f3mico. Adem\u00e1s, quienes ya han terminado su tesis tendr\u00e1n la posibilidad de elaborar un art\u00edculo sobre su investigaci\u00f3n y luego publicarlo.<\/p>\n<p style=\"text-align: justify;\">M\u00e1s de 600 estudiantes de pre y post grado han participado en Tesis Pa\u00eds en todas las regiones y en diversas disciplinas; y se han publicado 16 vol\u00famenes del libro \u201cPiensa Chile sin pobreza\u201d y 20 de la serie \u201cPiensa tu regi\u00f3n sin pobreza\u201d, que re\u00fanen los art\u00edculos basados en tesis m\u00e1s destacados de cada a\u00f1o, para fomentar la investigaci\u00f3n en todo el territorio nacional. Existen vastas zonas del pa\u00eds que pr\u00e1cticamente no cuentan con investigaciones y estudios emp\u00edricos sobre los fen\u00f3menos sociales, econ\u00f3micos, culturales y naturales que las afectan, atraviesan y dan forma, es por ello que cerca del 95% de los proyectos apoyados en el marco del programa, abordan problem\u00e1ticas regionales y de localidades apartadas.<\/p>\n<p style=\"text-align: justify;\">Para postular se debe ingresar a www.superacionpobreza.cl y seguir los pasos mencionados en la web.<\/p>\n<p style=\"text-align: justify;\"><strong>\u00a0<\/strong><\/p>\n<\/div><\/section><\/div><\/p>\n<div  style='height:50px' class='hr hr-invisible   avia-builder-el-6  el_after_av_one_full  el_before_av_social_share '><span class='hr-inner ' ><span class='hr-inner-style'><\/span><\/span><\/div>\n<div  class='av-social-sharing-box  avia-builder-el-7  el_after_av_hr  el_before_av_hr  '><div class='av-share-box'><h5 class='av-share-link-description av-no-toc '>Compartir esta noticia<\/h5><ul class='av-share-box-list noLightbox'><li class='av-share-link av-social-link-facebook' ><a target=\"_blank\" aria-label=\"Compartir en Facebook\" href='https:\/\/www.facebook.com\/sharer.php?u=https:\/\/radiorevelacionfm.cl\/?p=52820&#038;t=Abren%20postulaciones%20a%20Tesis%20Pa%C3%ADs%20de%20la%20Fundaci%C3%B3n%20Superaci%C3%B3n%20de%20la%20Pobreza%20%E2%80%93%20SERVICIO%20PA%C3%8DS' aria-hidden='false' data-av_icon='\ue8f3' data-av_iconfont='entypo-fontello' title='' data-avia-related-tooltip='Compartir en Facebook' rel=\"noopener\"><span class='avia_hidden_link_text'>Compartir en Facebook<\/span><\/a><\/li><li class='av-share-link av-social-link-twitter' ><a target=\"_blank\" aria-label=\"Compartir en Twitter\" href='https:\/\/twitter.com\/share?text=Abren%20postulaciones%20a%20Tesis%20Pa%C3%ADs%20de%20la%20Fundaci%C3%B3n%20Superaci%C3%B3n%20de%20la%20Pobreza%20%E2%80%93%20SERVICIO%20PA%C3%8DS&#038;url=https:\/\/radiorevelacionfm.cl\/?p=52820' aria-hidden='false' data-av_icon='\ue8f1' data-av_iconfont='entypo-fontello' title='' data-avia-related-tooltip='Compartir en Twitter' rel=\"noopener\"><span class='avia_hidden_link_text'>Compartir en Twitter<\/span><\/a><\/li><li class='av-share-link av-social-link-whatsapp' ><a target=\"_blank\" aria-label=\"Compartir en Whatsapp\" href='https:\/\/api.whatsapp.com\/send?text=https:\/\/radiorevelacionfm.cl\/?p=52820' aria-hidden='false' data-av_icon='\uf232' data-av_iconfont='entypo-fontello' title='' data-avia-related-tooltip='Compartir en Whatsapp' rel=\"noopener\"><span class='avia_hidden_link_text'>Compartir en Whatsapp<\/span><\/a><\/li><li class='av-share-link av-social-link-linkedin' ><a target=\"_blank\" aria-label=\"Compartir en LinkedIn\" href='https:\/\/linkedin.com\/shareArticle?mini=true&#038;title=Abren%20postulaciones%20a%20Tesis%20Pa%C3%ADs%20de%20la%20Fundaci%C3%B3n%20Superaci%C3%B3n%20de%20la%20Pobreza%20%E2%80%93%20SERVICIO%20PA%C3%8DS&#038;url=https:\/\/radiorevelacionfm.cl\/?p=52820' aria-hidden='false' data-av_icon='\ue8fc' data-av_iconfont='entypo-fontello' title='' data-avia-related-tooltip='Compartir en LinkedIn' rel=\"noopener\"><span class='avia_hidden_link_text'>Compartir en LinkedIn<\/span><\/a><\/li><li class='av-share-link av-social-link-mail' ><a  aria-label=\"Compartir por correo\" href='mailto:?subject=Abren%20postulaciones%20a%20Tesis%20Pa%C3%ADs%20de%20la%20Fundaci%C3%B3n%20Superaci%C3%B3n%20de%20la%20Pobreza%20%E2%80%93%20SERVICIO%20PA%C3%8DS&#038;body=https:\/\/radiorevelacionfm.cl\/?p=52820' aria-hidden='false' data-av_icon='\ue805' data-av_iconfont='entypo-fontello' title='' data-avia-related-tooltip='Compartir por correo'><span class='avia_hidden_link_text'>Compartir por correo<\/span><\/a><\/li><\/ul><\/div><\/div>\n<div  style='height:50px' class='hr hr-invisible   avia-builder-el-8  el_after_av_social_share  el_before_av_comments_list '><span class='hr-inner ' ><span class='hr-inner-style'><\/span><\/span><\/div>\n<div  class='av-buildercomment  av-blog-meta-html-info-disabled av-blog-meta-tag-disabled  '><\/div>\n","protected":false},"excerpt":{"rendered":"","protected":false},"author":1,"featured_media":52821,"comment_status":"closed","ping_status":"closed","sticky":false,"template":"","format":"standard","meta":{"footnotes":""},"categories":[61],"tags":[],"class_list":["post-52820","post","type-post","status-publish","format-standard","has-post-thumbnail","hentry","category-nacional"],"jetpack_featured_media_url":"https:\/\/radiorevelacionfm.cl\/wp-content\/uploads\/2025\/04\/Tesis-Pais-BN-WB-1.jpg","_links":{"self":[{"href":"https:\/\/radiorevelacionfm.cl\/index.php?rest_route=\/wp\/v2\/posts\/52820","targetHints":{"allow":["GET"]}}],"collection":[{"href":"https:\/\/radiorevelacionfm.cl\/index.php?rest_route=\/wp\/v2\/posts"}],"about":[{"href":"https:\/\/radiorevelacionfm.cl\/index.php?rest_route=\/wp\/v2\/types\/post"}],"author":[{"embeddable":true,"href":"https:\/\/radiorevelacionfm.cl\/index.php?rest_route=\/wp\/v2\/users\/1"}],"replies":[{"embeddable":true,"href":"https:\/\/radiorevelacionfm.cl\/index.php?rest_route=%2Fwp%2Fv2%2Fcomments&post=52820"}],"version-history":[{"count":3,"href":"https:\/\/radiorevelacionfm.cl\/index.php?rest_route=\/wp\/v2\/posts\/52820\/revisions"}],"predecessor-version":[{"id":52851,"href":"https:\/\/radiorevelacionfm.cl\/index.php?rest_route=\/wp\/v2\/posts\/52820\/revisions\/52851"}],"wp:featuredmedia":[{"embeddable":true,"href":"https:\/\/radiorevelacionfm.cl\/index.php?rest_route=\/wp\/v2\/media\/52821"}],"wp:attachment":[{"href":"https:\/\/radiorevelacionfm.cl\/index.php?rest_route=%2Fwp%2Fv2%2Fmedia&parent=52820"}],"wp:term":[{"taxonomy":"category","embeddable":true,"href":"https:\/\/radiorevelacionfm.cl\/index.php?rest_route=%2Fwp%2Fv2%2Fcategories&post=52820"},{"taxonomy":"post_tag","embeddable":true,"href":"https:\/\/radiorevelacionfm.cl\/index.php?rest_route=%2Fwp%2Fv2%2Ftags&post=52820"}],"curies":[{"name":"wp","href":"https:\/\/api.w.org\/{rel}","templated":true}]}}