{"id":52817,"date":"2025-04-17T19:12:10","date_gmt":"2025-04-17T22:12:10","guid":{"rendered":"https:\/\/radiorevelacionfm.cl\/?p=52817"},"modified":"2025-04-17T19:12:10","modified_gmt":"2025-04-17T22:12:10","slug":"corte-de-coyhaique-desarrollo-conversatorio-sobre-responsabilidad-civil","status":"publish","type":"post","link":"https:\/\/radiorevelacionfm.cl\/?p=52817","title":{"rendered":"Corte de Coyhaique desarroll\u00f3 conversatorio sobre Responsabilidad Civil"},"content":{"rendered":"<div class=\"flex_column av_one_full  flex_column_div av-zero-column-padding first  avia-builder-el-0  el_before_av_one_full  avia-builder-el-first  \" style='border-radius:0px; '><div  class='avia-image-container  av-styling-    avia-builder-el-1  avia-builder-el-no-sibling  avia-align-center '  itemprop=\"image\" itemscope=\"itemscope\" itemtype=\"https:\/\/schema.org\/ImageObject\"  ><div class='avia-image-container-inner'><div class='avia-image-overlay-wrap'><img decoding=\"async\" class='wp-image-52818 avia-img-lazy-loading-not-52818 avia_image' src=\"https:\/\/radiorevelacionfm.cl\/wp-content\/uploads\/2025\/04\/Foto-9-conversatorio-1-1.jpg\" alt='' title='Foto 9 conversatorio (1) (1)' height=\"600\" width=\"795\"  itemprop=\"thumbnailUrl\" srcset=\"https:\/\/radiorevelacionfm.cl\/wp-content\/uploads\/2025\/04\/Foto-9-conversatorio-1-1.jpg 795w, https:\/\/radiorevelacionfm.cl\/wp-content\/uploads\/2025\/04\/Foto-9-conversatorio-1-1-300x226.jpg 300w, https:\/\/radiorevelacionfm.cl\/wp-content\/uploads\/2025\/04\/Foto-9-conversatorio-1-1-768x580.jpg 768w, https:\/\/radiorevelacionfm.cl\/wp-content\/uploads\/2025\/04\/Foto-9-conversatorio-1-1-705x532.jpg 705w, https:\/\/radiorevelacionfm.cl\/wp-content\/uploads\/2025\/04\/Foto-9-conversatorio-1-1-450x340.jpg 450w, https:\/\/radiorevelacionfm.cl\/wp-content\/uploads\/2025\/04\/Foto-9-conversatorio-1-1-600x453.jpg 600w\" sizes=\"(max-width: 795px) 100vw, 795px\" \/><\/div><\/div><\/div><\/div><div class=\"flex_column av_one_full  flex_column_div av-zero-column-padding first  avia-builder-el-2  el_after_av_one_full  el_before_av_one_full  column-top-margin\" style='border-radius:0px; '><section class=\"av_textblock_section \"  itemscope=\"itemscope\" itemtype=\"https:\/\/schema.org\/BlogPosting\" itemprop=\"blogPost\" ><div class='avia_textblock  '   itemprop=\"text\" ><p style=\"text-align: center;\"><span style=\"font-size: 18pt;\"><b>Corte de Coyhaique desarroll\u00f3 conversatorio sobre Responsabilidad Civil<\/b><\/span><\/p>\n<div id=\"gtx-trans\" style=\"position: absolute; left: -50px; top: 4.31534px;\">\n<div class=\"gtx-trans-icon\"><\/div>\n<\/div>\n<\/div><\/section><\/div><div class=\"flex_column av_one_full  flex_column_div av-zero-column-padding first  avia-builder-el-4  el_after_av_one_full  el_before_av_hr  column-top-margin\" style='border-radius:0px; '><section class=\"av_textblock_section \"  itemscope=\"itemscope\" itemtype=\"https:\/\/schema.org\/BlogPosting\" itemprop=\"blogPost\" ><div class='avia_textblock  '   itemprop=\"text\" ><p class=\"v1MsoNormal\" style=\"text-align: justify;\">Con participantes presenciales y de manera virtual, se desarroll\u00f3 el pasado viernes 11 de abril, un conversatorio sobre Responsabilidad Civil, organizado por la Corte de Apelaciones de Coyhaique, la Asociaci\u00f3n de Magistradas y Magistrados de Ays\u00e9n y la Fundaci\u00f3n Fernando Fueyo Laneri, de la Universidad Diego Portales.<\/p>\n<p class=\"v1MsoNormal\" style=\"text-align: justify;\">La actividad de extensi\u00f3n fue encabezada por el presidente de la Corte de Apelaciones, Pedro Castro, y los ministros Natalia Rencoret, Luis Aedo y Jos\u00e9 Ignacio Mora. Adem\u00e1s, se cont\u00f3 con la presencia de alrededor de 40 abogados, tanto de la jurisdicci\u00f3n como de otras zonas del pa\u00eds.<\/p>\n<p class=\"v1MsoNormal\" style=\"text-align: justify;\">Sobre la jornada, el ministro Castro sostuvo que \u00abesta es nuestra segunda actividad de extensi\u00f3n del 2025 y fue orientada a profundizar en la responsabilidad civil en el \u00e1mbito judicial. Esta iniciativa busca promover el conocimiento y la comprensi\u00f3n de las implicaciones legales y \u00e9ticas que conllevan las decisiones judiciales en la comunidad. A trav\u00e9s de esta actividad, se espera generar un espacio de reflexi\u00f3n y discusi\u00f3n, donde se aborden casos pr\u00e1cticos y situaciones que permitan a los participantes entender mejor las din\u00e1micas de la justicia y su impacto en la vida social\u00bb.<\/p>\n<p class=\"v1MsoNormal\" style=\"text-align: justify;\">En tanto, el acad\u00e9mico de la Universidad Diego Portales y miembro de la Fundaci\u00f3n Fernando Fueyo Laneri, Carlos Pizarro Wilson, expres\u00f3 que \u00abestamos muy contentos de venir a compartir con la jurisdicci\u00f3n de Coyhaique, con los abogados y abogadas de la regi\u00f3n para poder discutir sobre temas de responsabilidad civil, que nos parecen de gran inter\u00e9s, dado la gran cantidad de casos que se presentan a diario por accidentes que lamentablemente ocurren\u00bb.<\/p>\n<p class=\"v1MsoNormal\" style=\"text-align: justify;\">Asimismo, Claudia Bahamondes, profesora de derecho civil de la Universidad Diego Portales e investigadora de la Fundaci\u00f3n Fernando Fueyo Laneri, dijo que \u00abes una experiencia enriquecedora conocer la realidad de regiones y especialmente en este caso, la realidad de Ays\u00e9n y de Coyhaique. Fue una actividad muy fruct\u00edfera, con muchas preguntas muy interesantes, adem\u00e1s que permitieron un di\u00e1logo rico y fluido entre los expositores y los asistentes, tanto los presenciales como los virtuales. Los tres temas son contingentes que siempre han estado provocando cierto tipo de problemas en la jurisprudencia y en la pr\u00e1ctica del derecho y en este caso, adem\u00e1s se presentaron desde una perspectiva lo m\u00e1s pr\u00e1ctica posible y bien cercana a las decisiones de los tribunales\u00bb.<\/p>\n<p class=\"v1MsoNormal\" style=\"text-align: justify;\">Recordar que las tem\u00e1ticas abordadas fueron, Claudia Bahamondes Oyarzun, con la presentaci\u00f3n denominada: \u00abLa p\u00e9rdida de la oportunidad \u00bfUn da\u00f1o consolidado en el ordenamiento jur\u00eddico chileno? La segunda exposici\u00f3n la realiz\u00f3 el profesor de la Universidad de Concepci\u00f3n Manuel Barr\u00eda Paredes, con la presentaci\u00f3n: \u00abTransmisibilidad de la acci\u00f3n por da\u00f1o moral y lucro cesante en la jurisprudencia actual\u00bb y finalmente, el profesor Carlos Pizarro Wilson, con la exposici\u00f3n: \u00abDebate jurisprudencial en la Corte Suprema en materia de prescripci\u00f3n extintiva de la acci\u00f3n de responsabilidad extracontractual\u00bb.<\/p>\n<\/div><\/section><\/div><div  style='height:50px' class='hr hr-invisible   avia-builder-el-6  el_after_av_one_full  el_before_av_social_share '><span class='hr-inner ' ><span class='hr-inner-style'><\/span><\/span><\/div><\/p>\n<div  class='av-social-sharing-box  avia-builder-el-7  el_after_av_hr  el_before_av_hr  '><div class='av-share-box'><h5 class='av-share-link-description av-no-toc '>Compartir esta noticia<\/h5><ul class='av-share-box-list noLightbox'><li class='av-share-link av-social-link-facebook' ><a target=\"_blank\" aria-label=\"Compartir en Facebook\" href='https:\/\/www.facebook.com\/sharer.php?u=https:\/\/radiorevelacionfm.cl\/?p=52817&#038;t=Corte%20de%20Coyhaique%20desarroll%C3%B3%20conversatorio%20sobre%20Responsabilidad%20Civil' aria-hidden='false' data-av_icon='\ue8f3' data-av_iconfont='entypo-fontello' title='' data-avia-related-tooltip='Compartir en Facebook' rel=\"noopener\"><span class='avia_hidden_link_text'>Compartir en Facebook<\/span><\/a><\/li><li class='av-share-link av-social-link-twitter' ><a target=\"_blank\" aria-label=\"Compartir en Twitter\" href='https:\/\/twitter.com\/share?text=Corte%20de%20Coyhaique%20desarroll%C3%B3%20conversatorio%20sobre%20Responsabilidad%20Civil&#038;url=https:\/\/radiorevelacionfm.cl\/?p=52817' aria-hidden='false' data-av_icon='\ue8f1' data-av_iconfont='entypo-fontello' title='' data-avia-related-tooltip='Compartir en Twitter' rel=\"noopener\"><span class='avia_hidden_link_text'>Compartir en Twitter<\/span><\/a><\/li><li class='av-share-link av-social-link-whatsapp' ><a target=\"_blank\" aria-label=\"Compartir en Whatsapp\" href='https:\/\/api.whatsapp.com\/send?text=https:\/\/radiorevelacionfm.cl\/?p=52817' aria-hidden='false' data-av_icon='\uf232' data-av_iconfont='entypo-fontello' title='' data-avia-related-tooltip='Compartir en Whatsapp' rel=\"noopener\"><span class='avia_hidden_link_text'>Compartir en Whatsapp<\/span><\/a><\/li><li class='av-share-link av-social-link-linkedin' ><a target=\"_blank\" aria-label=\"Compartir en LinkedIn\" href='https:\/\/linkedin.com\/shareArticle?mini=true&#038;title=Corte%20de%20Coyhaique%20desarroll%C3%B3%20conversatorio%20sobre%20Responsabilidad%20Civil&#038;url=https:\/\/radiorevelacionfm.cl\/?p=52817' aria-hidden='false' data-av_icon='\ue8fc' data-av_iconfont='entypo-fontello' title='' data-avia-related-tooltip='Compartir en LinkedIn' rel=\"noopener\"><span class='avia_hidden_link_text'>Compartir en LinkedIn<\/span><\/a><\/li><li class='av-share-link av-social-link-mail' ><a  aria-label=\"Compartir por correo\" href='mailto:?subject=Corte%20de%20Coyhaique%20desarroll%C3%B3%20conversatorio%20sobre%20Responsabilidad%20Civil&#038;body=https:\/\/radiorevelacionfm.cl\/?p=52817' aria-hidden='false' data-av_icon='\ue805' data-av_iconfont='entypo-fontello' title='' data-avia-related-tooltip='Compartir por correo'><span class='avia_hidden_link_text'>Compartir por correo<\/span><\/a><\/li><\/ul><\/div><\/div>\n<div  style='height:50px' class='hr hr-invisible   avia-builder-el-8  el_after_av_social_share  el_before_av_comments_list '><span class='hr-inner ' ><span class='hr-inner-style'><\/span><\/span><\/div>\n<div  class='av-buildercomment  av-blog-meta-html-info-disabled av-blog-meta-tag-disabled  '><\/div>\n","protected":false},"excerpt":{"rendered":"","protected":false},"author":1,"featured_media":52818,"comment_status":"closed","ping_status":"closed","sticky":false,"template":"","format":"standard","meta":{"footnotes":""},"categories":[55],"tags":[],"class_list":["post-52817","post","type-post","status-publish","format-standard","has-post-thumbnail","hentry","category-justicia"],"jetpack_featured_media_url":"https:\/\/radiorevelacionfm.cl\/wp-content\/uploads\/2025\/04\/Foto-9-conversatorio-1-1.jpg","_links":{"self":[{"href":"https:\/\/radiorevelacionfm.cl\/index.php?rest_route=\/wp\/v2\/posts\/52817","targetHints":{"allow":["GET"]}}],"collection":[{"href":"https:\/\/radiorevelacionfm.cl\/index.php?rest_route=\/wp\/v2\/posts"}],"about":[{"href":"https:\/\/radiorevelacionfm.cl\/index.php?rest_route=\/wp\/v2\/types\/post"}],"author":[{"embeddable":true,"href":"https:\/\/radiorevelacionfm.cl\/index.php?rest_route=\/wp\/v2\/users\/1"}],"replies":[{"embeddable":true,"href":"https:\/\/radiorevelacionfm.cl\/index.php?rest_route=%2Fwp%2Fv2%2Fcomments&post=52817"}],"version-history":[{"count":2,"href":"https:\/\/radiorevelacionfm.cl\/index.php?rest_route=\/wp\/v2\/posts\/52817\/revisions"}],"predecessor-version":[{"id":52826,"href":"https:\/\/radiorevelacionfm.cl\/index.php?rest_route=\/wp\/v2\/posts\/52817\/revisions\/52826"}],"wp:featuredmedia":[{"embeddable":true,"href":"https:\/\/radiorevelacionfm.cl\/index.php?rest_route=\/wp\/v2\/media\/52818"}],"wp:attachment":[{"href":"https:\/\/radiorevelacionfm.cl\/index.php?rest_route=%2Fwp%2Fv2%2Fmedia&parent=52817"}],"wp:term":[{"taxonomy":"category","embeddable":true,"href":"https:\/\/radiorevelacionfm.cl\/index.php?rest_route=%2Fwp%2Fv2%2Fcategories&post=52817"},{"taxonomy":"post_tag","embeddable":true,"href":"https:\/\/radiorevelacionfm.cl\/index.php?rest_route=%2Fwp%2Fv2%2Ftags&post=52817"}],"curies":[{"name":"wp","href":"https:\/\/api.w.org\/{rel}","templated":true}]}}