{"id":52813,"date":"2025-04-17T17:04:19","date_gmt":"2025-04-17T20:04:19","guid":{"rendered":"https:\/\/radiorevelacionfm.cl\/?p=52813"},"modified":"2025-04-17T17:04:19","modified_gmt":"2025-04-17T20:04:19","slug":"coyhaique-realizan-campana-de-difusion-y-sensibilizacion-sobre-el-delito-de-trata-de-personas","status":"publish","type":"post","link":"https:\/\/radiorevelacionfm.cl\/?p=52813","title":{"rendered":"Coyhaique: Realizan campa\u00f1a de difusi\u00f3n y sensibilizaci\u00f3n sobre el delito de Trata de Personas"},"content":{"rendered":"<div class=\"flex_column av_one_full  flex_column_div av-zero-column-padding first  avia-builder-el-0  el_before_av_one_full  avia-builder-el-first  \" style='border-radius:0px; '><div  class='avia-image-container  av-styling-    avia-builder-el-1  avia-builder-el-no-sibling  avia-align-center '  itemprop=\"image\" itemscope=\"itemscope\" itemtype=\"https:\/\/schema.org\/ImageObject\"  ><div class='avia-image-container-inner'><div class='avia-image-overlay-wrap'><img decoding=\"async\" class='wp-image-52814 avia-img-lazy-loading-not-52814 avia_image' src=\"https:\/\/radiorevelacionfm.cl\/wp-content\/uploads\/2025\/04\/trata-3-1_optimized-1.jpg\" alt='' title='trata-3-(1)_optimized (1)' height=\"600\" width=\"800\"  itemprop=\"thumbnailUrl\" srcset=\"https:\/\/radiorevelacionfm.cl\/wp-content\/uploads\/2025\/04\/trata-3-1_optimized-1.jpg 800w, https:\/\/radiorevelacionfm.cl\/wp-content\/uploads\/2025\/04\/trata-3-1_optimized-1-300x225.jpg 300w, https:\/\/radiorevelacionfm.cl\/wp-content\/uploads\/2025\/04\/trata-3-1_optimized-1-768x576.jpg 768w, https:\/\/radiorevelacionfm.cl\/wp-content\/uploads\/2025\/04\/trata-3-1_optimized-1-705x529.jpg 705w, https:\/\/radiorevelacionfm.cl\/wp-content\/uploads\/2025\/04\/trata-3-1_optimized-1-450x338.jpg 450w, https:\/\/radiorevelacionfm.cl\/wp-content\/uploads\/2025\/04\/trata-3-1_optimized-1-600x450.jpg 600w\" sizes=\"(max-width: 800px) 100vw, 800px\" \/><\/div><\/div><\/div><\/div><div class=\"flex_column av_one_full  flex_column_div av-zero-column-padding first  avia-builder-el-2  el_after_av_one_full  el_before_av_one_full  column-top-margin\" style='border-radius:0px; '><section class=\"av_textblock_section \"  itemscope=\"itemscope\" itemtype=\"https:\/\/schema.org\/BlogPosting\" itemprop=\"blogPost\" ><div class='avia_textblock  '   itemprop=\"text\" ><p style=\"text-align: center;\"><strong><span style=\"font-size: 18pt;\">Coyhaique: Realizan campa\u00f1a de difusi\u00f3n y sensibilizaci\u00f3n sobre el delito de Trata de Personas<\/span><\/strong><\/p>\n<div id=\"gtx-trans\" style=\"position: absolute; left: -50px; top: 4.31534px;\">\n<div class=\"gtx-trans-icon\"><\/div>\n<\/div>\n<\/div><\/section><\/div><div class=\"flex_column av_one_full  flex_column_div av-zero-column-padding first  avia-builder-el-4  el_after_av_one_full  el_before_av_hr  column-top-margin\" style='border-radius:0px; '><section class=\"av_textblock_section \"  itemscope=\"itemscope\" itemtype=\"https:\/\/schema.org\/BlogPosting\" itemprop=\"blogPost\" ><div class='avia_textblock  '   itemprop=\"text\" ><p style=\"text-align: justify;\">Este mi\u00e9rcoles en inmediaciones del Paseo Horn se llev\u00f3 a cabo una campa\u00f1a de difusi\u00f3n y sensibilizaci\u00f3n en torno al delito de Trata de Personas, actividad encabezada por el seremi de Justicia y Derechos Humanos Samuel Navarro acompa\u00f1ado de las seremis del Trabajo y Previsi\u00f3n Social Camila Covarrubias, de Seguridad P\u00fablica Ruth Vallejos y la Directora del Servicio de Migraciones Maritza Fern\u00e1ndez, adem\u00e1s de los funcionarios de servicios que participan en la Mesa contra la Trata de Personas a nivel regional.<\/p>\n<p style=\"text-align: justify;\">Respecto a la actividad, el seremi de Justicia y Derechos Humanos Samuel Navarro indic\u00f3 que \u201cestamos en una actividad junto a la Seremi del Trabajo, la Directora de Migraciones y el Instituto Nacional de Derechos Humanos y otros servicios p\u00fablicos correspondientes a la Mesa de Trata de Personas para hacer una difusi\u00f3n respecto a este lamentable\u00a0 delito que sigue ocurriendo en distintas latitudes, Chile no est\u00e1 exento, en este caso siempre recordar que no tenemos denuncias vigentes a la fecha afortunadamente, pero si se han presentado casos en otras regiones del pa\u00eds, el caso de Iquique, otro en Rancagua que son particularmente de ni\u00f1os que son v\u00edctima de explotaci\u00f3n de la llamada esclavitud moderna, y es importante recalcar que la gente se informe que esta situaci\u00f3n puede afectar tanto a personas chilenas como extranjeras y que pueden ser condiciones de servidumbre, condiciones de esclavitud, condiciones de explotaci\u00f3n sexual y en el fondo que denigra a la persona humana, este es un delito que afecta sobre todo a mujeres, a ni\u00f1os, pero tampoco est\u00e1n exentos hombres de sufrir este flagelo, esta actividad de difusi\u00f3n se enmarca dentro de las pol\u00edticas p\u00fablicas permanentes que tenemos como Gobierno de hacer difusi\u00f3n para prevenir e informar a la comunidad y hoy estamos presente en el Paseo Horn para realizar esta actividad conjuntamente con las distintas instituciones que nos acompa\u00f1an en esta jornada\u201d.<\/p>\n<p style=\"text-align: justify;\">Por su parte, la seremi del Trabajo y Previsi\u00f3n Social Camila Covarrubias indic\u00f3 que \u201cla Trata de Personas muchas veces es la expresi\u00f3n mas extrema tambi\u00e9n de ni\u00f1os y ni\u00f1as en situaciones de trabajo y desde ah\u00ed como seremi del Trabajo y Previsi\u00f3n Social hemos puesto los esfuerzos para poder trabajar de manera preventiva en nuestro comit\u00e9 de erradicaci\u00f3n del trabajo infantil y protecci\u00f3n al trabajo adolescente, visibilizando esta tem\u00e1tica primero y abordando puntos que son s\u00faper centrales como por ejemplo el trabajo decente que sabemos que si los padres, madres, cuidadoras de los ni\u00f1os ni\u00f1as y adolescentes tiene un trabajo decente y reciben un sueldo adecuado y ah\u00ed est\u00e1 el haber impulsado el aumento del sueldo m\u00ednimo, la reducci\u00f3n de la jornada laboral, la conciliaci\u00f3n de la vida laboral, personal y familiar tenemos un foco menos de factores de riesgo para que ni\u00f1os, ni\u00f1as y adolescentes ingresen a trabajar y en condiciones muchas veces que afectan su desarrollo y la salud f\u00edsica, mental y emocional de ni\u00f1os ni\u00f1as y adolescentes, como seremi del Trabajo y Previsi\u00f3n Social junto con todos quienes integramos la mesa de trata como el comit\u00e9 conocido como CRETI estamos convocados en poder visibilizar esta materia que tambi\u00e9n sabemos que se expresa de manera distinta en los sectores rurales y en la ciudad, as\u00ed que el llamado es a visibilizar estos casos, colocar las alertas necesarias, denunciar a las instancias correspondientes para poder abordar las materias y proteger a los ni\u00f1os, ni\u00f1as y adolescentes\u201d.<\/p>\n<p style=\"text-align: justify;\">En tanto, la directora del Servicio de Migraciones, Maritza Fern\u00e1ndez se\u00f1al\u00f3 que \u201cpara nosotros como integrantes de la mesa de trata es super importante hacer difusi\u00f3n de este delito que es la Trata de Personas que como bien dijo el seremi de Justicia es la nueva esclavitud que hoy existe para principalmente ni\u00f1os y mujeres en el caso de personas migrantes es una poblaci\u00f3n y un foco vulnerable, ya que muchas veces las personas no pueden estar conscientes que est\u00e1n siendo victimas de este delito, quienes los traen al pa\u00eds podr\u00edan abusar por su situaci\u00f3n irregular, la persona tener miedo a la denuncia o no entender a que est\u00e1n frente a un delito que en nuestro pa\u00eds es penado y muchas veces se les retiene su documento, entonces es muy importante hacer la difusi\u00f3n de en que consiste este delito, que las personas conozcan cuando o en que situaci\u00f3n est\u00e1n siendo v\u00edctimas de \u00e9l, y si bien no hay denuncias de estos casos, s\u00ed podr\u00edan existir y haciendo difusi\u00f3n nos ayudar\u00eda a que en caso de existir que las personas est\u00e9n en antecedentes o que tambi\u00e9n la poblaci\u00f3n pueda pesquisar de que pueda existir este tipo de situaciones o vulneraciones de derechos de personas o ni\u00f1os\u201d.<\/p>\n<p style=\"text-align: justify;\">Finalmente, el abogado del Instituto Nacional de Derechos Humanos Javier Albornoz explic\u00f3 que \u201cpara el instituto dentro del marco de promoci\u00f3n de los derechos humanos es s\u00faper relevante poder estar aqu\u00ed con el intersector, nuestra misi\u00f3n dentro del marco de la promoci\u00f3n es concientizar a toda la gente sobre este fen\u00f3meno que como dijo el seremi es una forma de esclavitud moderna, que b\u00e1sicamente se concentra en dos focos en cuanto a la explotaci\u00f3n laboral o la explotaci\u00f3n sexual y para concientizar al respecto los grupos especiales de protecci\u00f3n son los migrantes, mujeres, ni\u00f1os y ni\u00f1as\u201d.<\/p>\n<\/div><\/section><\/div><div  style='height:50px' class='hr hr-invisible   avia-builder-el-6  el_after_av_one_full  el_before_av_social_share '><span class='hr-inner ' ><span class='hr-inner-style'><\/span><\/span><\/div><\/p>\n<div  class='av-social-sharing-box  avia-builder-el-7  el_after_av_hr  el_before_av_hr  '><div class='av-share-box'><h5 class='av-share-link-description av-no-toc '>Compartir esta noticia<\/h5><ul class='av-share-box-list noLightbox'><li class='av-share-link av-social-link-facebook' ><a target=\"_blank\" aria-label=\"Compartir en Facebook\" href='https:\/\/www.facebook.com\/sharer.php?u=https:\/\/radiorevelacionfm.cl\/?p=52813&#038;t=Coyhaique%3A%20Realizan%20campa%C3%B1a%20de%20difusi%C3%B3n%20y%20sensibilizaci%C3%B3n%20sobre%20el%20delito%20de%20Trata%20de%20Personas' aria-hidden='false' data-av_icon='\ue8f3' data-av_iconfont='entypo-fontello' title='' data-avia-related-tooltip='Compartir en Facebook' rel=\"noopener\"><span class='avia_hidden_link_text'>Compartir en Facebook<\/span><\/a><\/li><li class='av-share-link av-social-link-twitter' ><a target=\"_blank\" aria-label=\"Compartir en Twitter\" href='https:\/\/twitter.com\/share?text=Coyhaique%3A%20Realizan%20campa%C3%B1a%20de%20difusi%C3%B3n%20y%20sensibilizaci%C3%B3n%20sobre%20el%20delito%20de%20Trata%20de%20Personas&#038;url=https:\/\/radiorevelacionfm.cl\/?p=52813' aria-hidden='false' data-av_icon='\ue8f1' data-av_iconfont='entypo-fontello' title='' data-avia-related-tooltip='Compartir en Twitter' rel=\"noopener\"><span class='avia_hidden_link_text'>Compartir en Twitter<\/span><\/a><\/li><li class='av-share-link av-social-link-whatsapp' ><a target=\"_blank\" aria-label=\"Compartir en Whatsapp\" href='https:\/\/api.whatsapp.com\/send?text=https:\/\/radiorevelacionfm.cl\/?p=52813' aria-hidden='false' data-av_icon='\uf232' data-av_iconfont='entypo-fontello' title='' data-avia-related-tooltip='Compartir en Whatsapp' rel=\"noopener\"><span class='avia_hidden_link_text'>Compartir en Whatsapp<\/span><\/a><\/li><li class='av-share-link av-social-link-linkedin' ><a target=\"_blank\" aria-label=\"Compartir en LinkedIn\" href='https:\/\/linkedin.com\/shareArticle?mini=true&#038;title=Coyhaique%3A%20Realizan%20campa%C3%B1a%20de%20difusi%C3%B3n%20y%20sensibilizaci%C3%B3n%20sobre%20el%20delito%20de%20Trata%20de%20Personas&#038;url=https:\/\/radiorevelacionfm.cl\/?p=52813' aria-hidden='false' data-av_icon='\ue8fc' data-av_iconfont='entypo-fontello' title='' data-avia-related-tooltip='Compartir en LinkedIn' rel=\"noopener\"><span class='avia_hidden_link_text'>Compartir en LinkedIn<\/span><\/a><\/li><li class='av-share-link av-social-link-mail' ><a  aria-label=\"Compartir por correo\" href='mailto:?subject=Coyhaique%3A%20Realizan%20campa%C3%B1a%20de%20difusi%C3%B3n%20y%20sensibilizaci%C3%B3n%20sobre%20el%20delito%20de%20Trata%20de%20Personas&#038;body=https:\/\/radiorevelacionfm.cl\/?p=52813' aria-hidden='false' data-av_icon='\ue805' data-av_iconfont='entypo-fontello' title='' data-avia-related-tooltip='Compartir por correo'><span class='avia_hidden_link_text'>Compartir por correo<\/span><\/a><\/li><\/ul><\/div><\/div>\n<div  style='height:50px' class='hr hr-invisible   avia-builder-el-8  el_after_av_social_share  el_before_av_comments_list '><span class='hr-inner ' ><span class='hr-inner-style'><\/span><\/span><\/div>\n<div  class='av-buildercomment  av-blog-meta-html-info-disabled av-blog-meta-tag-disabled  '><\/div>\n","protected":false},"excerpt":{"rendered":"","protected":false},"author":1,"featured_media":52814,"comment_status":"closed","ping_status":"closed","sticky":false,"template":"","format":"standard","meta":{"footnotes":""},"categories":[55],"tags":[],"class_list":["post-52813","post","type-post","status-publish","format-standard","has-post-thumbnail","hentry","category-justicia"],"jetpack_featured_media_url":"https:\/\/radiorevelacionfm.cl\/wp-content\/uploads\/2025\/04\/trata-3-1_optimized-1.jpg","_links":{"self":[{"href":"https:\/\/radiorevelacionfm.cl\/index.php?rest_route=\/wp\/v2\/posts\/52813","targetHints":{"allow":["GET"]}}],"collection":[{"href":"https:\/\/radiorevelacionfm.cl\/index.php?rest_route=\/wp\/v2\/posts"}],"about":[{"href":"https:\/\/radiorevelacionfm.cl\/index.php?rest_route=\/wp\/v2\/types\/post"}],"author":[{"embeddable":true,"href":"https:\/\/radiorevelacionfm.cl\/index.php?rest_route=\/wp\/v2\/users\/1"}],"replies":[{"embeddable":true,"href":"https:\/\/radiorevelacionfm.cl\/index.php?rest_route=%2Fwp%2Fv2%2Fcomments&post=52813"}],"version-history":[{"count":2,"href":"https:\/\/radiorevelacionfm.cl\/index.php?rest_route=\/wp\/v2\/posts\/52813\/revisions"}],"predecessor-version":[{"id":52824,"href":"https:\/\/radiorevelacionfm.cl\/index.php?rest_route=\/wp\/v2\/posts\/52813\/revisions\/52824"}],"wp:featuredmedia":[{"embeddable":true,"href":"https:\/\/radiorevelacionfm.cl\/index.php?rest_route=\/wp\/v2\/media\/52814"}],"wp:attachment":[{"href":"https:\/\/radiorevelacionfm.cl\/index.php?rest_route=%2Fwp%2Fv2%2Fmedia&parent=52813"}],"wp:term":[{"taxonomy":"category","embeddable":true,"href":"https:\/\/radiorevelacionfm.cl\/index.php?rest_route=%2Fwp%2Fv2%2Fcategories&post=52813"},{"taxonomy":"post_tag","embeddable":true,"href":"https:\/\/radiorevelacionfm.cl\/index.php?rest_route=%2Fwp%2Fv2%2Ftags&post=52813"}],"curies":[{"name":"wp","href":"https:\/\/api.w.org\/{rel}","templated":true}]}}