{"id":5281,"date":"2021-06-15T14:50:16","date_gmt":"2021-06-15T17:50:16","guid":{"rendered":"https:\/\/radiorevelacionfm.cl\/?p=5281"},"modified":"2021-06-15T14:50:16","modified_gmt":"2021-06-15T17:50:16","slug":"gobernador-y-seremi-de-transportes-avanzan-en-necesidades-de-vecinos-de-la-provincia-aysen","status":"publish","type":"post","link":"https:\/\/radiorevelacionfm.cl\/?p=5281","title":{"rendered":"Gobernador y Seremi de Transportes avanzan en necesidades de vecinos de la provincia Ays\u00e9n"},"content":{"rendered":"<div class=\"flex_column av_one_full  flex_column_div av-zero-column-padding first  avia-builder-el-0  el_before_av_one_full  avia-builder-el-first  \" style='border-radius:0px; '><div  class='avia-image-container  av-styling-    avia-builder-el-1  avia-builder-el-no-sibling  avia-align-center '  itemprop=\"image\" itemscope=\"itemscope\" itemtype=\"https:\/\/schema.org\/ImageObject\"  ><div class='avia-image-container-inner'><div class='avia-image-overlay-wrap'><img decoding=\"async\" class='wp-image-0 avia-img-lazy-loading-not-0 avia_image' src=\"https:\/\/radiorevelacionfm.cl\/wp-content\/uploads\/2021\/06\/1-38-1-1.jpg\" alt='' title=''   itemprop=\"thumbnailUrl\"  \/><\/div><\/div><\/div><\/div><div class=\"flex_column av_one_full  flex_column_div av-zero-column-padding first  avia-builder-el-2  el_after_av_one_full  el_before_av_one_full  column-top-margin\" style='border-radius:0px; '><section class=\"av_textblock_section \"  itemscope=\"itemscope\" itemtype=\"https:\/\/schema.org\/BlogPosting\" itemprop=\"blogPost\" ><div class='avia_textblock  '   itemprop=\"text\" ><p style=\"text-align: center;\"><strong><span style=\"font-size: 18pt;\">Gobernador y Seremi de Transportes avanzan en necesidades de vecinos de la provincia Ays\u00e9n<\/span><\/strong><\/p>\n<div id=\"gtx-trans\" style=\"position: absolute; left: -50px; top: 4.31534px;\">\n<div class=\"gtx-trans-icon\"><\/div>\n<\/div>\n<\/div><\/section><\/div><div class=\"flex_column av_one_full  flex_column_div av-zero-column-padding first  avia-builder-el-4  el_after_av_one_full  el_before_av_hr  column-top-margin\" style='border-radius:0px; '><section class=\"av_textblock_section \"  itemscope=\"itemscope\" itemtype=\"https:\/\/schema.org\/BlogPosting\" itemprop=\"blogPost\" ><div class='avia_textblock  '   itemprop=\"text\" ><p style=\"text-align: justify;\">Una productiva reuni\u00f3n de trabajo sostuvieron la ma\u00f1ana de este martes el Gobernador Manuel Ortiz junto al Seremi de Transportes y Telecomunicaciones Fabi\u00e1n Rojas en donde fijaron una ruta de trabajo junto para las distintas localidades que componen la provincia de Ays\u00e9n, debido a que las comunidades as\u00ed lo han requerido en los distintos Gobierno en Terreno realizado durante este a\u00f1o.<\/p>\n<p style=\"text-align: justify;\">Fabi\u00e1n Rojas Seremi de Transportes y Telecomunicaciones se\u00f1alaba acerca de este encuentro de trabajo \u201cnos hemos reunido con el gobernador Manuel Ortiz con quien hemos venido trabajando durante estos a\u00f1os, revisando los proyectos que tenemos que sacar adelante en esta \u00faltima etapa de nuestro gobierno, el gobernador me ha manifestado la situaci\u00f3n de distintas juntas de vecinos en todo su territorio de la provincia, por lo cual pondremos \u00e9nfasis de los temas que a\u00fan nos quedan pendientes en el \u00e1rea de transportes y telecomunicaciones\u201d.<\/p>\n<p style=\"text-align: justify;\">Por su parte el Gobernador de la provincia Manuel Ortiz indicaba \u201cac\u00e1 hay un trabajo que se ha estado realizando durante todo este tiempo, por lo tanto todas esas situaciones por mejorar que ven\u00edan arrastr\u00e1ndose por tantos a\u00f1os producto de malas gestiones, nosotros las hemos ido conversando y mejorando, la verdad quisi\u00e9ramos que las soluciones fueran inmediatas, pero no se puede y hay que ir haci\u00e9ndolas en la medida de las posibilidades, por eso esta reuni\u00f3n es muy importante porque marca la \u00faltima etapa de nuestro gobierno, por lo cual visitaremos en conjunto las localidades que han presentado mayores dificultades, principalmente en el \u00e1rea de las telecomunicaciones\u201d.<\/p>\n<p style=\"text-align: justify;\">Indicar que para este mi\u00e9rcoles 16 de junio el Gobernador y Seremi de Transportes y Telecomunicaciones sostendr\u00e1 un di\u00e1logo con las juntas de vecinos de Villa Ma\u00f1ihuales.<\/p>\n<\/div><\/section><\/div><div  style='height:50px' class='hr hr-invisible   avia-builder-el-6  el_after_av_one_full  el_before_av_social_share '><span class='hr-inner ' ><span class='hr-inner-style'><\/span><\/span><\/div><\/p>\n<div  class='av-social-sharing-box  avia-builder-el-7  el_after_av_hr  el_before_av_hr  '><div class='av-share-box'><h5 class='av-share-link-description av-no-toc '>Compartir esta noticia<\/h5><ul class='av-share-box-list noLightbox'><li class='av-share-link av-social-link-facebook' ><a target=\"_blank\" aria-label=\"Compartir en Facebook\" href='https:\/\/www.facebook.com\/sharer.php?u=https:\/\/radiorevelacionfm.cl\/?p=5281&#038;t=Gobernador%20y%20Seremi%20de%20Transportes%20avanzan%20en%20necesidades%20de%20vecinos%20de%20la%20provincia%20Ays%C3%A9n' aria-hidden='false' data-av_icon='\ue8f3' data-av_iconfont='entypo-fontello' title='' data-avia-related-tooltip='Compartir en Facebook' rel=\"noopener\"><span class='avia_hidden_link_text'>Compartir en Facebook<\/span><\/a><\/li><li class='av-share-link av-social-link-twitter' ><a target=\"_blank\" aria-label=\"Compartir en Twitter\" href='https:\/\/twitter.com\/share?text=Gobernador%20y%20Seremi%20de%20Transportes%20avanzan%20en%20necesidades%20de%20vecinos%20de%20la%20provincia%20Ays%C3%A9n&#038;url=https:\/\/radiorevelacionfm.cl\/?p=5281' aria-hidden='false' data-av_icon='\ue8f1' data-av_iconfont='entypo-fontello' title='' data-avia-related-tooltip='Compartir en Twitter' rel=\"noopener\"><span class='avia_hidden_link_text'>Compartir en Twitter<\/span><\/a><\/li><li class='av-share-link av-social-link-whatsapp' ><a target=\"_blank\" aria-label=\"Compartir en Whatsapp\" href='https:\/\/api.whatsapp.com\/send?text=https:\/\/radiorevelacionfm.cl\/?p=5281' aria-hidden='false' data-av_icon='\uf232' data-av_iconfont='entypo-fontello' title='' data-avia-related-tooltip='Compartir en Whatsapp' rel=\"noopener\"><span class='avia_hidden_link_text'>Compartir en Whatsapp<\/span><\/a><\/li><li class='av-share-link av-social-link-linkedin' ><a target=\"_blank\" aria-label=\"Compartir en LinkedIn\" href='https:\/\/linkedin.com\/shareArticle?mini=true&#038;title=Gobernador%20y%20Seremi%20de%20Transportes%20avanzan%20en%20necesidades%20de%20vecinos%20de%20la%20provincia%20Ays%C3%A9n&#038;url=https:\/\/radiorevelacionfm.cl\/?p=5281' aria-hidden='false' data-av_icon='\ue8fc' data-av_iconfont='entypo-fontello' title='' data-avia-related-tooltip='Compartir en LinkedIn' rel=\"noopener\"><span class='avia_hidden_link_text'>Compartir en LinkedIn<\/span><\/a><\/li><li class='av-share-link av-social-link-mail' ><a  aria-label=\"Compartir por correo\" href='mailto:?subject=Gobernador%20y%20Seremi%20de%20Transportes%20avanzan%20en%20necesidades%20de%20vecinos%20de%20la%20provincia%20Ays%C3%A9n&#038;body=https:\/\/radiorevelacionfm.cl\/?p=5281' aria-hidden='false' data-av_icon='\ue805' data-av_iconfont='entypo-fontello' title='' data-avia-related-tooltip='Compartir por correo'><span class='avia_hidden_link_text'>Compartir por correo<\/span><\/a><\/li><\/ul><\/div><\/div>\n<div  style='height:50px' class='hr hr-invisible   avia-builder-el-8  el_after_av_social_share  el_before_av_comments_list '><span class='hr-inner ' ><span class='hr-inner-style'><\/span><\/span><\/div>\n<div  class='av-buildercomment  av-blog-meta-html-info-disabled av-blog-meta-tag-disabled  '><\/div>\n","protected":false},"excerpt":{"rendered":"","protected":false},"author":1,"featured_media":0,"comment_status":"open","ping_status":"open","sticky":false,"template":"","format":"standard","meta":{"footnotes":""},"categories":[38],"tags":[],"class_list":["post-5281","post","type-post","status-publish","format-standard","hentry","category-regional"],"jetpack_featured_media_url":"","_links":{"self":[{"href":"https:\/\/radiorevelacionfm.cl\/index.php?rest_route=\/wp\/v2\/posts\/5281","targetHints":{"allow":["GET"]}}],"collection":[{"href":"https:\/\/radiorevelacionfm.cl\/index.php?rest_route=\/wp\/v2\/posts"}],"about":[{"href":"https:\/\/radiorevelacionfm.cl\/index.php?rest_route=\/wp\/v2\/types\/post"}],"author":[{"embeddable":true,"href":"https:\/\/radiorevelacionfm.cl\/index.php?rest_route=\/wp\/v2\/users\/1"}],"replies":[{"embeddable":true,"href":"https:\/\/radiorevelacionfm.cl\/index.php?rest_route=%2Fwp%2Fv2%2Fcomments&post=5281"}],"version-history":[{"count":1,"href":"https:\/\/radiorevelacionfm.cl\/index.php?rest_route=\/wp\/v2\/posts\/5281\/revisions"}],"predecessor-version":[{"id":5283,"href":"https:\/\/radiorevelacionfm.cl\/index.php?rest_route=\/wp\/v2\/posts\/5281\/revisions\/5283"}],"wp:attachment":[{"href":"https:\/\/radiorevelacionfm.cl\/index.php?rest_route=%2Fwp%2Fv2%2Fmedia&parent=5281"}],"wp:term":[{"taxonomy":"category","embeddable":true,"href":"https:\/\/radiorevelacionfm.cl\/index.php?rest_route=%2Fwp%2Fv2%2Fcategories&post=5281"},{"taxonomy":"post_tag","embeddable":true,"href":"https:\/\/radiorevelacionfm.cl\/index.php?rest_route=%2Fwp%2Fv2%2Ftags&post=5281"}],"curies":[{"name":"wp","href":"https:\/\/api.w.org\/{rel}","templated":true}]}}