{"id":52807,"date":"2025-04-17T10:56:58","date_gmt":"2025-04-17T13:56:58","guid":{"rendered":"https:\/\/radiorevelacionfm.cl\/?p=52807"},"modified":"2025-04-17T10:56:58","modified_gmt":"2025-04-17T13:56:58","slug":"edelaysen-realiza-labores-preventivas-de-despeje-de-lineas-electricas-sin-desconexion-en-calle-lillo-de-coyhaique","status":"publish","type":"post","link":"https:\/\/radiorevelacionfm.cl\/?p=52807","title":{"rendered":"Edelaysen realiza labores preventivas de despeje de l\u00edneas el\u00e9ctricas sin desconexi\u00f3n en calle Lillo de Coyhaique"},"content":{"rendered":"<div class=\"flex_column av_one_full  flex_column_div av-zero-column-padding first  avia-builder-el-0  el_before_av_one_full  avia-builder-el-first  \" style='border-radius:0px; '><div  class='avia-image-container  av-styling-    avia-builder-el-1  avia-builder-el-no-sibling  avia-align-center '  itemprop=\"image\" itemscope=\"itemscope\" itemtype=\"https:\/\/schema.org\/ImageObject\"  ><div class='avia-image-container-inner'><div class='avia-image-overlay-wrap'><img decoding=\"async\" class='wp-image-52809 avia-img-lazy-loading-not-52809 avia_image' src=\"https:\/\/radiorevelacionfm.cl\/wp-content\/uploads\/2025\/04\/despeje-de-lineas1-1_optimized-1-1.jpeg\" alt='' title='despeje-de-l\u00edneas1-(1)_optimized (1) (1)' height=\"600\" width=\"830\"  itemprop=\"thumbnailUrl\" srcset=\"https:\/\/radiorevelacionfm.cl\/wp-content\/uploads\/2025\/04\/despeje-de-lineas1-1_optimized-1-1.jpeg 830w, https:\/\/radiorevelacionfm.cl\/wp-content\/uploads\/2025\/04\/despeje-de-lineas1-1_optimized-1-1-300x217.jpeg 300w, https:\/\/radiorevelacionfm.cl\/wp-content\/uploads\/2025\/04\/despeje-de-lineas1-1_optimized-1-1-768x555.jpeg 768w, https:\/\/radiorevelacionfm.cl\/wp-content\/uploads\/2025\/04\/despeje-de-lineas1-1_optimized-1-1-705x510.jpeg 705w, https:\/\/radiorevelacionfm.cl\/wp-content\/uploads\/2025\/04\/despeje-de-lineas1-1_optimized-1-1-450x325.jpeg 450w, https:\/\/radiorevelacionfm.cl\/wp-content\/uploads\/2025\/04\/despeje-de-lineas1-1_optimized-1-1-600x434.jpeg 600w\" sizes=\"(max-width: 830px) 100vw, 830px\" \/><\/div><\/div><\/div><\/div><div class=\"flex_column av_one_full  flex_column_div av-zero-column-padding first  avia-builder-el-2  el_after_av_one_full  el_before_av_one_full  column-top-margin\" style='border-radius:0px; '><section class=\"av_textblock_section \"  itemscope=\"itemscope\" itemtype=\"https:\/\/schema.org\/BlogPosting\" itemprop=\"blogPost\" ><div class='avia_textblock  '   itemprop=\"text\" ><p style=\"text-align: center;\"><strong><span style=\"font-size: 18pt;\">Edelaysen realiza labores preventivas de despeje de l\u00edneas el\u00e9ctricas sin desconexi\u00f3n en calle Lillo de Coyhaique<\/span><\/strong><\/p>\n<div id=\"gtx-trans\" style=\"position: absolute; left: -50px; top: 4.31534px;\">\n<div class=\"gtx-trans-icon\"><\/div>\n<\/div>\n<\/div><\/section><\/div><div class=\"flex_column av_one_full  flex_column_div av-zero-column-padding first  avia-builder-el-4  el_after_av_one_full  el_before_av_hr  column-top-margin\" style='border-radius:0px; '><section class=\"av_textblock_section \"  itemscope=\"itemscope\" itemtype=\"https:\/\/schema.org\/BlogPosting\" itemprop=\"blogPost\" ><div class='avia_textblock  '   itemprop=\"text\" ><p style=\"text-align: justify;\"><em>Gracias al trabajo realizado por el equipo de l\u00edneas vivas, no fue necesario cortar el suministro el\u00e9ctrico en el sector durante las faenas.<\/em><\/p>\n<p style=\"text-align: justify;\">Con el objetivo de preparar el sistema el\u00e9ctrico para enfrentar de mejor manera las condiciones clim\u00e1ticas del invierno, Edelaysen ejecut\u00f3 un operativo de despeje en Calle Lillo, una de las avenidas m\u00e1s concurridas de la Capital Regional.<\/p>\n<p style=\"text-align: justify;\">En tal sentido, los trabajos fueron realizados por el equipo de l\u00edneas vivas, especialistas que trabajan mientras las redes est\u00e1n energizadas, quienes pudieron ejecutar una poda preventiva de \u00e1rboles sin interrumpir el suministro el\u00e9ctrico.<\/p>\n<p style=\"text-align: justify;\">\u201cEn particular estos \u00e1rboles representaban un alto riesgo de ca\u00edda sobre las l\u00edneas, as\u00ed que ac\u00e1 estamos reduciendo la posibilidad de contingencias por cortes de energ\u00eda durante temporales, para los vecinos que viven y trabajan en este sector\u201d. Se\u00f1al\u00f3 Manuel Subiabre Ejecutivo de Edelaysen.<\/p>\n<p style=\"text-align: justify;\">Desde la el\u00e9ctrica explicaron que este tipo de acciones forman parte de su plan anual de mantenimiento preventivo, el cual se intensifica en temporadas clave como la de invierno donde la presencia de nieve aumenta los riesgos de emergencias. As\u00ed mismo, declararon que estas acciones, as\u00ed como la identificaci\u00f3n de puntos cr\u00edticos, es un trabajo coordinado con los municipios, que permite dar mayor continuidad y seguridad al servicio el\u00e9ctrico en zonas urbanas.<\/p>\n<p style=\"text-align: justify;\">Manuel Subiabre destac\u00f3 que \u201cestamos trabajando en distintos puntos de la regi\u00f3n para disminuir los riesgos de contingencias y prepararnos de forma anticipada ante la llegada del invierno. Es por ello, que el trabajo del equipo de l\u00edneas vivas toma gran importancia ya que nos permite accionar nuestro plan de trabajo, sin generar mayores inconvenientes para la comunidad, actuando de manera responsable y oportuna de cara al invierno\u201d.<\/p>\n<p style=\"text-align: justify;\">Es as\u00ed, como desde la el\u00e9ctrica, destacaron que el plan de trabajo para la temporada incluye distintos puntos de la regi\u00f3n, particularmente donde existen riesgos inminentes de ca\u00edda de ramas sobre l\u00edneas el\u00e9ctricas, anticip\u00e1ndose as\u00ed a posibles emergencias, manteniendo informada a la comunidad.<\/p>\n<p style=\"text-align: justify;\"><strong>\u00a0<\/strong><\/p>\n<p style=\"text-align: justify;\"><strong>\u00a0<\/strong><\/p>\n<p style=\"text-align: justify;\"><strong>\u00a0<\/strong><\/p>\n<\/div><\/section><\/div><div  style='height:50px' class='hr hr-invisible   avia-builder-el-6  el_after_av_one_full  el_before_av_social_share '><span class='hr-inner ' ><span class='hr-inner-style'><\/span><\/span><\/div><\/p>\n<div  class='av-social-sharing-box  avia-builder-el-7  el_after_av_hr  el_before_av_hr  '><div class='av-share-box'><h5 class='av-share-link-description av-no-toc '>Compartir esta noticia<\/h5><ul class='av-share-box-list noLightbox'><li class='av-share-link av-social-link-facebook' ><a target=\"_blank\" aria-label=\"Compartir en Facebook\" href='https:\/\/www.facebook.com\/sharer.php?u=https:\/\/radiorevelacionfm.cl\/?p=52807&#038;t=Edelaysen%20realiza%20labores%20preventivas%20de%20despeje%20de%20l%C3%ADneas%20el%C3%A9ctricas%20sin%20desconexi%C3%B3n%20en%20calle%20Lillo%20de%20Coyhaique' aria-hidden='false' data-av_icon='\ue8f3' data-av_iconfont='entypo-fontello' title='' data-avia-related-tooltip='Compartir en Facebook' rel=\"noopener\"><span class='avia_hidden_link_text'>Compartir en Facebook<\/span><\/a><\/li><li class='av-share-link av-social-link-twitter' ><a target=\"_blank\" aria-label=\"Compartir en Twitter\" href='https:\/\/twitter.com\/share?text=Edelaysen%20realiza%20labores%20preventivas%20de%20despeje%20de%20l%C3%ADneas%20el%C3%A9ctricas%20sin%20desconexi%C3%B3n%20en%20calle%20Lillo%20de%20Coyhaique&#038;url=https:\/\/radiorevelacionfm.cl\/?p=52807' aria-hidden='false' data-av_icon='\ue8f1' data-av_iconfont='entypo-fontello' title='' data-avia-related-tooltip='Compartir en Twitter' rel=\"noopener\"><span class='avia_hidden_link_text'>Compartir en Twitter<\/span><\/a><\/li><li class='av-share-link av-social-link-whatsapp' ><a target=\"_blank\" aria-label=\"Compartir en Whatsapp\" href='https:\/\/api.whatsapp.com\/send?text=https:\/\/radiorevelacionfm.cl\/?p=52807' aria-hidden='false' data-av_icon='\uf232' data-av_iconfont='entypo-fontello' title='' data-avia-related-tooltip='Compartir en Whatsapp' rel=\"noopener\"><span class='avia_hidden_link_text'>Compartir en Whatsapp<\/span><\/a><\/li><li class='av-share-link av-social-link-linkedin' ><a target=\"_blank\" aria-label=\"Compartir en LinkedIn\" href='https:\/\/linkedin.com\/shareArticle?mini=true&#038;title=Edelaysen%20realiza%20labores%20preventivas%20de%20despeje%20de%20l%C3%ADneas%20el%C3%A9ctricas%20sin%20desconexi%C3%B3n%20en%20calle%20Lillo%20de%20Coyhaique&#038;url=https:\/\/radiorevelacionfm.cl\/?p=52807' aria-hidden='false' data-av_icon='\ue8fc' data-av_iconfont='entypo-fontello' title='' data-avia-related-tooltip='Compartir en LinkedIn' rel=\"noopener\"><span class='avia_hidden_link_text'>Compartir en LinkedIn<\/span><\/a><\/li><li class='av-share-link av-social-link-mail' ><a  aria-label=\"Compartir por correo\" href='mailto:?subject=Edelaysen%20realiza%20labores%20preventivas%20de%20despeje%20de%20l%C3%ADneas%20el%C3%A9ctricas%20sin%20desconexi%C3%B3n%20en%20calle%20Lillo%20de%20Coyhaique&#038;body=https:\/\/radiorevelacionfm.cl\/?p=52807' aria-hidden='false' data-av_icon='\ue805' data-av_iconfont='entypo-fontello' title='' data-avia-related-tooltip='Compartir por correo'><span class='avia_hidden_link_text'>Compartir por correo<\/span><\/a><\/li><\/ul><\/div><\/div>\n<div  style='height:50px' class='hr hr-invisible   avia-builder-el-8  el_after_av_social_share  el_before_av_comments_list '><span class='hr-inner ' ><span class='hr-inner-style'><\/span><\/span><\/div>\n<div  class='av-buildercomment  av-blog-meta-html-info-disabled av-blog-meta-tag-disabled  '><\/div>\n","protected":false},"excerpt":{"rendered":"","protected":false},"author":1,"featured_media":52809,"comment_status":"closed","ping_status":"closed","sticky":false,"template":"","format":"standard","meta":{"footnotes":""},"categories":[38],"tags":[],"class_list":["post-52807","post","type-post","status-publish","format-standard","has-post-thumbnail","hentry","category-regional"],"jetpack_featured_media_url":"https:\/\/radiorevelacionfm.cl\/wp-content\/uploads\/2025\/04\/despeje-de-lineas1-1_optimized-1-1.jpeg","_links":{"self":[{"href":"https:\/\/radiorevelacionfm.cl\/index.php?rest_route=\/wp\/v2\/posts\/52807","targetHints":{"allow":["GET"]}}],"collection":[{"href":"https:\/\/radiorevelacionfm.cl\/index.php?rest_route=\/wp\/v2\/posts"}],"about":[{"href":"https:\/\/radiorevelacionfm.cl\/index.php?rest_route=\/wp\/v2\/types\/post"}],"author":[{"embeddable":true,"href":"https:\/\/radiorevelacionfm.cl\/index.php?rest_route=\/wp\/v2\/users\/1"}],"replies":[{"embeddable":true,"href":"https:\/\/radiorevelacionfm.cl\/index.php?rest_route=%2Fwp%2Fv2%2Fcomments&post=52807"}],"version-history":[{"count":2,"href":"https:\/\/radiorevelacionfm.cl\/index.php?rest_route=\/wp\/v2\/posts\/52807\/revisions"}],"predecessor-version":[{"id":52811,"href":"https:\/\/radiorevelacionfm.cl\/index.php?rest_route=\/wp\/v2\/posts\/52807\/revisions\/52811"}],"wp:featuredmedia":[{"embeddable":true,"href":"https:\/\/radiorevelacionfm.cl\/index.php?rest_route=\/wp\/v2\/media\/52809"}],"wp:attachment":[{"href":"https:\/\/radiorevelacionfm.cl\/index.php?rest_route=%2Fwp%2Fv2%2Fmedia&parent=52807"}],"wp:term":[{"taxonomy":"category","embeddable":true,"href":"https:\/\/radiorevelacionfm.cl\/index.php?rest_route=%2Fwp%2Fv2%2Fcategories&post=52807"},{"taxonomy":"post_tag","embeddable":true,"href":"https:\/\/radiorevelacionfm.cl\/index.php?rest_route=%2Fwp%2Fv2%2Ftags&post=52807"}],"curies":[{"name":"wp","href":"https:\/\/api.w.org\/{rel}","templated":true}]}}