{"id":52801,"date":"2025-04-19T18:28:25","date_gmt":"2025-04-19T21:28:25","guid":{"rendered":"https:\/\/radiorevelacionfm.cl\/?p=52801"},"modified":"2025-04-22T18:28:44","modified_gmt":"2025-04-22T21:28:44","slug":"mowi-participa-en-encuentro-empresarial-de-gremios-por-chile-en-aysen","status":"publish","type":"post","link":"https:\/\/radiorevelacionfm.cl\/?p=52801","title":{"rendered":"Mowi participa en Encuentro Empresarial de Gremios por Chile en Ays\u00e9n"},"content":{"rendered":"<div class=\"flex_column av_one_full  flex_column_div av-zero-column-padding first  avia-builder-el-0  el_before_av_one_full  avia-builder-el-first  \" style='border-radius:0px; '><div  class='avia-image-container  av-styling-    avia-builder-el-1  avia-builder-el-no-sibling  avia-align-center '  itemprop=\"image\" itemscope=\"itemscope\" itemtype=\"https:\/\/schema.org\/ImageObject\"  ><div class='avia-image-container-inner'><div class='avia-image-overlay-wrap'><img decoding=\"async\" class='wp-image-52802 avia-img-lazy-loading-not-52802 avia_image' src=\"https:\/\/radiorevelacionfm.cl\/wp-content\/uploads\/2025\/04\/whatsapp-image-2025-04-15-at-09_optimized.50.35-1-1.jpeg\" alt='' title='whatsapp-image-2025-04-15-at-09_optimized.50.35-(1) (1)' height=\"600\" width=\"1067\"  itemprop=\"thumbnailUrl\" srcset=\"https:\/\/radiorevelacionfm.cl\/wp-content\/uploads\/2025\/04\/whatsapp-image-2025-04-15-at-09_optimized.50.35-1-1.jpeg 1067w, https:\/\/radiorevelacionfm.cl\/wp-content\/uploads\/2025\/04\/whatsapp-image-2025-04-15-at-09_optimized.50.35-1-1-300x169.jpeg 300w, https:\/\/radiorevelacionfm.cl\/wp-content\/uploads\/2025\/04\/whatsapp-image-2025-04-15-at-09_optimized.50.35-1-1-1030x579.jpeg 1030w, https:\/\/radiorevelacionfm.cl\/wp-content\/uploads\/2025\/04\/whatsapp-image-2025-04-15-at-09_optimized.50.35-1-1-768x432.jpeg 768w, https:\/\/radiorevelacionfm.cl\/wp-content\/uploads\/2025\/04\/whatsapp-image-2025-04-15-at-09_optimized.50.35-1-1-705x396.jpeg 705w, https:\/\/radiorevelacionfm.cl\/wp-content\/uploads\/2025\/04\/whatsapp-image-2025-04-15-at-09_optimized.50.35-1-1-450x253.jpeg 450w, https:\/\/radiorevelacionfm.cl\/wp-content\/uploads\/2025\/04\/whatsapp-image-2025-04-15-at-09_optimized.50.35-1-1-600x337.jpeg 600w\" sizes=\"(max-width: 1067px) 100vw, 1067px\" \/><\/div><\/div><\/div><\/div><div class=\"flex_column av_one_full  flex_column_div av-zero-column-padding first  avia-builder-el-2  el_after_av_one_full  el_before_av_one_full  column-top-margin\" style='border-radius:0px; '><section class=\"av_textblock_section \"  itemscope=\"itemscope\" itemtype=\"https:\/\/schema.org\/BlogPosting\" itemprop=\"blogPost\" ><div class='avia_textblock  '   itemprop=\"text\" ><p style=\"text-align: center;\"><span style=\"font-size: 18pt;\"><strong>Mowi participa en Encuentro Empresarial de Gremios por Chile en Ays\u00e9n<\/strong><\/span><\/p>\n<div id=\"gtx-trans\" style=\"position: absolute; left: -50px; top: 4.31534px;\">\n<div class=\"gtx-trans-icon\"><\/div>\n<\/div>\n<\/div><\/section><\/div><div class=\"flex_column av_one_full  flex_column_div av-zero-column-padding first  avia-builder-el-4  el_after_av_one_full  el_before_av_hr  column-top-margin\" style='border-radius:0px; '><section class=\"av_textblock_section \"  itemscope=\"itemscope\" itemtype=\"https:\/\/schema.org\/BlogPosting\" itemprop=\"blogPost\" ><div class='avia_textblock  '   itemprop=\"text\" ><p style=\"text-align: justify;\">Como parte de su compromiso con el desarrollo regional y el fortalecimiento del trabajo colaborativo entre sectores productivos, Mowi Chile particip\u00f3 activamente en Encuentro Empresarial \u201cGremios por Chile\u201d, realizado en la Regi\u00f3n de Ays\u00e9n. La instancia fue convocada por la Confederaci\u00f3n de la Producci\u00f3n y del Comercio (CPC) y sus seis ramas gremiales, y reuni\u00f3 a m\u00e1s de 70 empresarios y empresarias de la regi\u00f3n.<\/p>\n<p style=\"text-align: justify;\">La jornada se llev\u00f3 a cabo en la sede de Inacap Coyhaique, con el objetivo de levantar propuestas y compartir visiones que contribuyan al desarrollo sostenible de la regi\u00f3n. En representaci\u00f3n del sector salmonicultor, Mowi fue parte de las conversaciones junto al Consejo del Salm\u00f3n y SalmonChile, destacando la importancia de la industria para el desarrollo regional y resaltando el trabajo conjunto entre productores, pymes, emprendedores y organizaciones locales.<\/p>\n<p style=\"text-align: justify;\">\u201cEspacios como este son fundamentales para escuchar las distintas voces del territorio, generar alianzas y avanzar en una agenda com\u00fan que impulse el crecimiento con arraigo local, sustentabilidad y valor compartido. Como Mowi, creemos firmemente en el di\u00e1logo abierto con los gremios, autoridades y comunidades locales, porque es en conjunto c\u00f3mo podemos construir un mejor futuro para Ays\u00e9n y para Chile\u201d se\u00f1al\u00f3 el gerente de Asuntos P\u00fablicos y Sostenibilidad de Mowi Chile, \u00c1lvaro P\u00e9rez.<\/p>\n<p style=\"text-align: justify;\">La actividad cont\u00f3 con exposiciones de la presidenta de la CPC, Susana Jim\u00e9nez, y el vicepresidente Daniel Mas, quienes reforzaron el rol articulador de la red Gremios por Chile en todo el pa\u00eds. Posteriormente, se desarroll\u00f3 un panel con l\u00edderes gremiales locales, entre ellos representantes del comercio, la ganader\u00eda, la construcci\u00f3n, el turismo y la salmonicultura.<\/p>\n<p style=\"text-align: justify;\">En ese contexto, la presidenta de la CPC, Susana Jim\u00e9nez, coment\u00f3 que \u201cestamos muy contentos de estar en la Regi\u00f3n de Ays\u00e9n, vincul\u00e1ndonos con los l\u00edderes empresariales y gremiales del territorio. Hemos venido junto a los presidentes de las distintas ramas de la CPC con el objetivo de relevar las preocupaciones, los desaf\u00edos y, sobre todo, la enorme potencialidad que tiene esta regi\u00f3n para crecer y brindar mayor bienestar a sus habitantes\u201d.<\/p>\n<p style=\"text-align: justify;\">Por su parte, la directora ejecutiva del Consejo del Salm\u00f3n, Loreto Seguel, a\u00f1adi\u00f3 que \u201ces muy valioso que estas instancias se realicen en los territorios, recogiendo directamente las visiones locales. Y me alegra especialmente que empresas socias como Mowi, junto a sus equipos, est\u00e9n presentes y comprometidas. Bien por Ays\u00e9n, bien por Chile y por todos los gremios que lideramos este esfuerzo por el desarrollo del pa\u00eds\u201d.<\/p>\n<p style=\"text-align: justify;\">Finalmente, el presidente del sindicato de trabajadores de Mowi, Abraham Abad, dijo que \u00abpara nosotros, como trabajadores de Mowi en la regi\u00f3n de Ays\u00e9n, este tipo de instancias son muy valiosas, ya que nos permiten comunicarnos, compartir y contrastar ideas con diversos actores, tanto a nivel regional como nacional, con miras a generar mejoras concretas para nuestra regi\u00f3n.\u00bb<\/p>\n<\/div><\/section><\/div><div  style='height:50px' class='hr hr-invisible   avia-builder-el-6  el_after_av_one_full  el_before_av_social_share '><span class='hr-inner ' ><span class='hr-inner-style'><\/span><\/span><\/div><\/p>\n<div  class='av-social-sharing-box  avia-builder-el-7  el_after_av_hr  el_before_av_hr  '><div class='av-share-box'><h5 class='av-share-link-description av-no-toc '>Compartir esta noticia<\/h5><ul class='av-share-box-list noLightbox'><li class='av-share-link av-social-link-facebook' ><a target=\"_blank\" aria-label=\"Compartir en Facebook\" href='https:\/\/www.facebook.com\/sharer.php?u=https:\/\/radiorevelacionfm.cl\/?p=52801&#038;t=Mowi%20participa%20en%20Encuentro%20Empresarial%20de%20Gremios%20por%20Chile%20en%20Ays%C3%A9n' aria-hidden='false' data-av_icon='\ue8f3' data-av_iconfont='entypo-fontello' title='' data-avia-related-tooltip='Compartir en Facebook' rel=\"noopener\"><span class='avia_hidden_link_text'>Compartir en Facebook<\/span><\/a><\/li><li class='av-share-link av-social-link-twitter' ><a target=\"_blank\" aria-label=\"Compartir en Twitter\" href='https:\/\/twitter.com\/share?text=Mowi%20participa%20en%20Encuentro%20Empresarial%20de%20Gremios%20por%20Chile%20en%20Ays%C3%A9n&#038;url=https:\/\/radiorevelacionfm.cl\/?p=52801' aria-hidden='false' data-av_icon='\ue8f1' data-av_iconfont='entypo-fontello' title='' data-avia-related-tooltip='Compartir en Twitter' rel=\"noopener\"><span class='avia_hidden_link_text'>Compartir en Twitter<\/span><\/a><\/li><li class='av-share-link av-social-link-whatsapp' ><a target=\"_blank\" aria-label=\"Compartir en Whatsapp\" href='https:\/\/api.whatsapp.com\/send?text=https:\/\/radiorevelacionfm.cl\/?p=52801' aria-hidden='false' data-av_icon='\uf232' data-av_iconfont='entypo-fontello' title='' data-avia-related-tooltip='Compartir en Whatsapp' rel=\"noopener\"><span class='avia_hidden_link_text'>Compartir en Whatsapp<\/span><\/a><\/li><li class='av-share-link av-social-link-linkedin' ><a target=\"_blank\" aria-label=\"Compartir en LinkedIn\" href='https:\/\/linkedin.com\/shareArticle?mini=true&#038;title=Mowi%20participa%20en%20Encuentro%20Empresarial%20de%20Gremios%20por%20Chile%20en%20Ays%C3%A9n&#038;url=https:\/\/radiorevelacionfm.cl\/?p=52801' aria-hidden='false' data-av_icon='\ue8fc' data-av_iconfont='entypo-fontello' title='' data-avia-related-tooltip='Compartir en LinkedIn' rel=\"noopener\"><span class='avia_hidden_link_text'>Compartir en LinkedIn<\/span><\/a><\/li><li class='av-share-link av-social-link-mail' ><a  aria-label=\"Compartir por correo\" href='mailto:?subject=Mowi%20participa%20en%20Encuentro%20Empresarial%20de%20Gremios%20por%20Chile%20en%20Ays%C3%A9n&#038;body=https:\/\/radiorevelacionfm.cl\/?p=52801' aria-hidden='false' data-av_icon='\ue805' data-av_iconfont='entypo-fontello' title='' data-avia-related-tooltip='Compartir por correo'><span class='avia_hidden_link_text'>Compartir por correo<\/span><\/a><\/li><\/ul><\/div><\/div>\n<div  style='height:50px' class='hr hr-invisible   avia-builder-el-8  el_after_av_social_share  el_before_av_comments_list '><span class='hr-inner ' ><span class='hr-inner-style'><\/span><\/span><\/div>\n<div  class='av-buildercomment  av-blog-meta-html-info-disabled av-blog-meta-tag-disabled  '><\/div>\n","protected":false},"excerpt":{"rendered":"","protected":false},"author":1,"featured_media":52802,"comment_status":"closed","ping_status":"closed","sticky":false,"template":"","format":"standard","meta":{"footnotes":""},"categories":[38],"tags":[],"class_list":["post-52801","post","type-post","status-publish","format-standard","has-post-thumbnail","hentry","category-regional"],"jetpack_featured_media_url":"https:\/\/radiorevelacionfm.cl\/wp-content\/uploads\/2025\/04\/whatsapp-image-2025-04-15-at-09_optimized.50.35-1-1.jpeg","_links":{"self":[{"href":"https:\/\/radiorevelacionfm.cl\/index.php?rest_route=\/wp\/v2\/posts\/52801","targetHints":{"allow":["GET"]}}],"collection":[{"href":"https:\/\/radiorevelacionfm.cl\/index.php?rest_route=\/wp\/v2\/posts"}],"about":[{"href":"https:\/\/radiorevelacionfm.cl\/index.php?rest_route=\/wp\/v2\/types\/post"}],"author":[{"embeddable":true,"href":"https:\/\/radiorevelacionfm.cl\/index.php?rest_route=\/wp\/v2\/users\/1"}],"replies":[{"embeddable":true,"href":"https:\/\/radiorevelacionfm.cl\/index.php?rest_route=%2Fwp%2Fv2%2Fcomments&post=52801"}],"version-history":[{"count":2,"href":"https:\/\/radiorevelacionfm.cl\/index.php?rest_route=\/wp\/v2\/posts\/52801\/revisions"}],"predecessor-version":[{"id":52964,"href":"https:\/\/radiorevelacionfm.cl\/index.php?rest_route=\/wp\/v2\/posts\/52801\/revisions\/52964"}],"wp:featuredmedia":[{"embeddable":true,"href":"https:\/\/radiorevelacionfm.cl\/index.php?rest_route=\/wp\/v2\/media\/52802"}],"wp:attachment":[{"href":"https:\/\/radiorevelacionfm.cl\/index.php?rest_route=%2Fwp%2Fv2%2Fmedia&parent=52801"}],"wp:term":[{"taxonomy":"category","embeddable":true,"href":"https:\/\/radiorevelacionfm.cl\/index.php?rest_route=%2Fwp%2Fv2%2Fcategories&post=52801"},{"taxonomy":"post_tag","embeddable":true,"href":"https:\/\/radiorevelacionfm.cl\/index.php?rest_route=%2Fwp%2Fv2%2Ftags&post=52801"}],"curies":[{"name":"wp","href":"https:\/\/api.w.org\/{rel}","templated":true}]}}