{"id":52788,"date":"2025-04-16T19:19:23","date_gmt":"2025-04-16T22:19:23","guid":{"rendered":"https:\/\/radiorevelacionfm.cl\/?p=52788"},"modified":"2025-04-16T19:25:45","modified_gmt":"2025-04-16T22:25:45","slug":"gope-aysen-presta-apoyo-a-dgac-en-extraccion-de-restos-de-aeronave-siniestrada-en-2024-en-parque-nacional-cerro-castillo","status":"publish","type":"post","link":"https:\/\/radiorevelacionfm.cl\/?p=52788","title":{"rendered":"GOPE Ays\u00e9n presta apoyo a DGAC en extracci\u00f3n de restos de aeronave siniestrada en 2024 en Parque Nacional Cerro Castillo"},"content":{"rendered":"<div class=\"flex_column av_one_full  flex_column_div av-zero-column-padding first  avia-builder-el-0  el_before_av_one_full  avia-builder-el-first  \" style='border-radius:0px; '><div  class='avia-image-container  av-styling-    avia-builder-el-1  avia-builder-el-no-sibling  avia-align-center '  itemprop=\"image\" itemscope=\"itemscope\" itemtype=\"https:\/\/schema.org\/ImageObject\"  ><div class='avia-image-container-inner'><div class='avia-image-overlay-wrap'><img decoding=\"async\" class='wp-image-52792 avia-img-lazy-loading-not-52792 avia_image' src=\"https:\/\/radiorevelacionfm.cl\/wp-content\/uploads\/2025\/04\/5d41e56f-ab56-4291-a6ec-74922e34a432-1-1-1.jpg\" alt='' title='5d41e56f-ab56-4291-a6ec-74922e34a432 (1) (1) (1)' height=\"600\" width=\"1178\"  itemprop=\"thumbnailUrl\" srcset=\"https:\/\/radiorevelacionfm.cl\/wp-content\/uploads\/2025\/04\/5d41e56f-ab56-4291-a6ec-74922e34a432-1-1-1.jpg 1178w, https:\/\/radiorevelacionfm.cl\/wp-content\/uploads\/2025\/04\/5d41e56f-ab56-4291-a6ec-74922e34a432-1-1-1-300x153.jpg 300w, https:\/\/radiorevelacionfm.cl\/wp-content\/uploads\/2025\/04\/5d41e56f-ab56-4291-a6ec-74922e34a432-1-1-1-1030x525.jpg 1030w, https:\/\/radiorevelacionfm.cl\/wp-content\/uploads\/2025\/04\/5d41e56f-ab56-4291-a6ec-74922e34a432-1-1-1-768x391.jpg 768w, https:\/\/radiorevelacionfm.cl\/wp-content\/uploads\/2025\/04\/5d41e56f-ab56-4291-a6ec-74922e34a432-1-1-1-705x359.jpg 705w, https:\/\/radiorevelacionfm.cl\/wp-content\/uploads\/2025\/04\/5d41e56f-ab56-4291-a6ec-74922e34a432-1-1-1-450x229.jpg 450w, https:\/\/radiorevelacionfm.cl\/wp-content\/uploads\/2025\/04\/5d41e56f-ab56-4291-a6ec-74922e34a432-1-1-1-600x306.jpg 600w\" sizes=\"(max-width: 1178px) 100vw, 1178px\" \/><\/div><\/div><\/div><\/div><div class=\"flex_column av_one_full  flex_column_div av-zero-column-padding first  avia-builder-el-2  el_after_av_one_full  el_before_av_one_full  column-top-margin\" style='border-radius:0px; '><section class=\"av_textblock_section \"  itemscope=\"itemscope\" itemtype=\"https:\/\/schema.org\/BlogPosting\" itemprop=\"blogPost\" ><div class='avia_textblock  '   itemprop=\"text\" ><p style=\"text-align: center;\"><strong><span style=\"font-size: 18pt;\">GOPE Ays\u00e9n presta apoyo a DGAC en extracci\u00f3n de restos de aeronave siniestrada en 2024 en Parque Nacional Cerro Castillo <\/span><\/strong><\/p>\n<div id=\"gtx-trans\" style=\"position: absolute; left: -50px; top: 4.31534px;\">\n<div class=\"gtx-trans-icon\"><\/div>\n<\/div>\n<\/div><\/section><\/div><\/p>\n<div class=\"flex_column av_one_full  flex_column_div av-zero-column-padding first  avia-builder-el-4  el_after_av_one_full  el_before_av_hr  column-top-margin\" style='border-radius:0px; '><section class=\"av_textblock_section \"  itemscope=\"itemscope\" itemtype=\"https:\/\/schema.org\/BlogPosting\" itemprop=\"blogPost\" ><div class='avia_textblock  '   itemprop=\"text\" ><p dir=\"ltr\" style=\"text-align: justify;\"><em>Las tareas desarrolladas con apoyo de un helic\u00f3ptero particular, permitieron extraer los motores y fuselaje del monoplano.\u00a0\u00a0<\/em><\/p>\n<p dir=\"ltr\"><em>El accidente ocurri\u00f3 el 9 de agosto de 2024, en el cual lamentablemente siete personas -entre ellos el piloto- perdieron la vida en el lugar.\u00a0<\/em><\/p>\n<p dir=\"ltr\" style=\"text-align: justify;\">Hasta el sector Las Horquetas en el Parque Nacional Cerro Castillo se traslad\u00f3 personal de Carabineros del Grupo de Operaciones Policiales Especiales (GOPE) Ays\u00e9n con la finalidad de prestar apoyo a la Direcci\u00f3n General de Aeron\u00e1utica Civil (DGAC) en la extracci\u00f3n de los dos motores y restos del fuselaje del avi\u00f3n Piper Navajo perteneciente a la empresa Transportes A\u00e9reos San Rafael el cual en el mes de agosto del a\u00f1o 2024 mientras hac\u00eda la ruta Coyhaique &#8211; Chile Chico, por causas que son materia de investigaci\u00f3n, desapareci\u00f3 del radar resultando siniestrado, tragedia en la cual lamentablemente siete personas -incluido el piloto- perdieron la vida.<\/p>\n<p dir=\"ltr\" style=\"text-align: justify;\">A ocho meses de este suceso, la concurrencia del personal especializado del GOPE al lugar del siniestro se dio en virtud de un requerimiento efectuado por la DGAC -a trav\u00e9s de la Fiscal\u00eda- tras lo cual personal especializado concurri\u00f3 al lugar y prest\u00f3 colaboraci\u00f3n en el desarrollo de estas tareas.<\/p>\n<p dir=\"ltr\" style=\"text-align: justify;\"><strong>Carga colgante<\/strong><\/p>\n<p dir=\"ltr\" style=\"text-align: justify;\">El Jefe del GOPE Ays\u00e9n, Teniente Victor Cuevas Pereira, indic\u00f3 que los trabajos de extracci\u00f3n estuvieron a cargo de una empresa gestionada por la DGAC efectuando diversos vuelos para completar el retiro de los componentes.<\/p>\n<p dir=\"ltr\" style=\"text-align: justify;\">\u00abAl tratarse de un lugar de muy dif\u00edcil acceso y el peso de la carga en que se extrajeron los dos motores y todo el fuselaje de la aeronave siniestrada, es por esto que la Fiscal\u00eda y la DGAC solicitan equipo de apoyo del personal GOPE, ya que somos quienes conoc\u00edan el lugar y pudieron guiar el camino hasta el sector. El helic\u00f3ptero se posa en un lugar seguro y desde ah\u00ed son aproximadamente 700 metros lineales -sin contar las curvas de nivel y el bosque- logrando prestar apoyo y cobertura en caso de alg\u00fan accidente y tener as\u00ed una respuesta inmediata\u00bb, detall\u00f3 el Oficial.<\/p>\n<p dir=\"ltr\" style=\"text-align: justify;\">Las piezas y componentes del bimotor fueron extra\u00eddos mediante carga colgante a trav\u00e9s de un helic\u00f3ptero perteneciente a una empresa particular a cargo de estas tareas.<\/p>\n<p dir=\"ltr\" style=\"text-align: justify;\">El Jefe del GOPE Ays\u00e9n a\u00f1adi\u00f3 que \u00abseg\u00fan la empresa a cargo de estos trabajos, estas piezas ser\u00e1n enviadas al extranjero para que el fabricante verifique -mediante peritajes- los motores y fuselaje, con la finalidad de determinar la posible causa del accidente\u00bb, indic\u00f3.<\/p>\n<p dir=\"ltr\" style=\"text-align: justify;\">Cabe consignar que una vez conocida la tragedia, el 9 de agosto de 2024 y considerando las dificultades del terreno, una patrulla del GOPE Ays\u00e9n se traslad\u00f3 aquella jornada en forma inmediata al lugar en busca de sobrevivientes, marcando las coordenadas y posibles puntos de ingreso, generando informaci\u00f3n para el desarrollo de operaciones en las horas posteriores a la tragedia en este sector cordillerano de la regi\u00f3n de Ays\u00e9n.<\/p>\n<\/div><\/section><\/div>\n<div  style='height:50px' class='hr hr-invisible   avia-builder-el-6  el_after_av_one_full  el_before_av_social_share '><span class='hr-inner ' ><span class='hr-inner-style'><\/span><\/span><\/div>\n<div  class='av-social-sharing-box  avia-builder-el-7  el_after_av_hr  el_before_av_hr  '><div class='av-share-box'><h5 class='av-share-link-description av-no-toc '>Compartir esta noticia<\/h5><ul class='av-share-box-list noLightbox'><li class='av-share-link av-social-link-facebook' ><a target=\"_blank\" aria-label=\"Compartir en Facebook\" href='https:\/\/www.facebook.com\/sharer.php?u=https:\/\/radiorevelacionfm.cl\/?p=52788&#038;t=GOPE%20Ays%C3%A9n%20presta%20apoyo%20a%20DGAC%20en%20extracci%C3%B3n%20de%20restos%20de%20aeronave%20siniestrada%20en%202024%20en%20Parque%20Nacional%20Cerro%20Castillo' aria-hidden='false' data-av_icon='\ue8f3' data-av_iconfont='entypo-fontello' title='' data-avia-related-tooltip='Compartir en Facebook' rel=\"noopener\"><span class='avia_hidden_link_text'>Compartir en Facebook<\/span><\/a><\/li><li class='av-share-link av-social-link-twitter' ><a target=\"_blank\" aria-label=\"Compartir en Twitter\" href='https:\/\/twitter.com\/share?text=GOPE%20Ays%C3%A9n%20presta%20apoyo%20a%20DGAC%20en%20extracci%C3%B3n%20de%20restos%20de%20aeronave%20siniestrada%20en%202024%20en%20Parque%20Nacional%20Cerro%20Castillo&#038;url=https:\/\/radiorevelacionfm.cl\/?p=52788' aria-hidden='false' data-av_icon='\ue8f1' data-av_iconfont='entypo-fontello' title='' data-avia-related-tooltip='Compartir en Twitter' rel=\"noopener\"><span class='avia_hidden_link_text'>Compartir en Twitter<\/span><\/a><\/li><li class='av-share-link av-social-link-whatsapp' ><a target=\"_blank\" aria-label=\"Compartir en Whatsapp\" href='https:\/\/api.whatsapp.com\/send?text=https:\/\/radiorevelacionfm.cl\/?p=52788' aria-hidden='false' data-av_icon='\uf232' data-av_iconfont='entypo-fontello' title='' data-avia-related-tooltip='Compartir en Whatsapp' rel=\"noopener\"><span class='avia_hidden_link_text'>Compartir en Whatsapp<\/span><\/a><\/li><li class='av-share-link av-social-link-linkedin' ><a target=\"_blank\" aria-label=\"Compartir en LinkedIn\" href='https:\/\/linkedin.com\/shareArticle?mini=true&#038;title=GOPE%20Ays%C3%A9n%20presta%20apoyo%20a%20DGAC%20en%20extracci%C3%B3n%20de%20restos%20de%20aeronave%20siniestrada%20en%202024%20en%20Parque%20Nacional%20Cerro%20Castillo&#038;url=https:\/\/radiorevelacionfm.cl\/?p=52788' aria-hidden='false' data-av_icon='\ue8fc' data-av_iconfont='entypo-fontello' title='' data-avia-related-tooltip='Compartir en LinkedIn' rel=\"noopener\"><span class='avia_hidden_link_text'>Compartir en LinkedIn<\/span><\/a><\/li><li class='av-share-link av-social-link-mail' ><a  aria-label=\"Compartir por correo\" href='mailto:?subject=GOPE%20Ays%C3%A9n%20presta%20apoyo%20a%20DGAC%20en%20extracci%C3%B3n%20de%20restos%20de%20aeronave%20siniestrada%20en%202024%20en%20Parque%20Nacional%20Cerro%20Castillo&#038;body=https:\/\/radiorevelacionfm.cl\/?p=52788' aria-hidden='false' data-av_icon='\ue805' data-av_iconfont='entypo-fontello' title='' data-avia-related-tooltip='Compartir por correo'><span class='avia_hidden_link_text'>Compartir por correo<\/span><\/a><\/li><\/ul><\/div><\/div>\n<div  style='height:50px' class='hr hr-invisible   avia-builder-el-8  el_after_av_social_share  el_before_av_comments_list '><span class='hr-inner ' ><span class='hr-inner-style'><\/span><\/span><\/div>\n<div  class='av-buildercomment  av-blog-meta-html-info-disabled av-blog-meta-tag-disabled  '><\/div>\n","protected":false},"excerpt":{"rendered":"","protected":false},"author":1,"featured_media":52792,"comment_status":"closed","ping_status":"closed","sticky":false,"template":"","format":"standard","meta":{"footnotes":""},"categories":[36],"tags":[],"class_list":["post-52788","post","type-post","status-publish","format-standard","has-post-thumbnail","hentry","category-policial"],"jetpack_featured_media_url":"https:\/\/radiorevelacionfm.cl\/wp-content\/uploads\/2025\/04\/5d41e56f-ab56-4291-a6ec-74922e34a432-1-1-1.jpg","_links":{"self":[{"href":"https:\/\/radiorevelacionfm.cl\/index.php?rest_route=\/wp\/v2\/posts\/52788","targetHints":{"allow":["GET"]}}],"collection":[{"href":"https:\/\/radiorevelacionfm.cl\/index.php?rest_route=\/wp\/v2\/posts"}],"about":[{"href":"https:\/\/radiorevelacionfm.cl\/index.php?rest_route=\/wp\/v2\/types\/post"}],"author":[{"embeddable":true,"href":"https:\/\/radiorevelacionfm.cl\/index.php?rest_route=\/wp\/v2\/users\/1"}],"replies":[{"embeddable":true,"href":"https:\/\/radiorevelacionfm.cl\/index.php?rest_route=%2Fwp%2Fv2%2Fcomments&post=52788"}],"version-history":[{"count":3,"href":"https:\/\/radiorevelacionfm.cl\/index.php?rest_route=\/wp\/v2\/posts\/52788\/revisions"}],"predecessor-version":[{"id":52791,"href":"https:\/\/radiorevelacionfm.cl\/index.php?rest_route=\/wp\/v2\/posts\/52788\/revisions\/52791"}],"wp:featuredmedia":[{"embeddable":true,"href":"https:\/\/radiorevelacionfm.cl\/index.php?rest_route=\/wp\/v2\/media\/52792"}],"wp:attachment":[{"href":"https:\/\/radiorevelacionfm.cl\/index.php?rest_route=%2Fwp%2Fv2%2Fmedia&parent=52788"}],"wp:term":[{"taxonomy":"category","embeddable":true,"href":"https:\/\/radiorevelacionfm.cl\/index.php?rest_route=%2Fwp%2Fv2%2Fcategories&post=52788"},{"taxonomy":"post_tag","embeddable":true,"href":"https:\/\/radiorevelacionfm.cl\/index.php?rest_route=%2Fwp%2Fv2%2Ftags&post=52788"}],"curies":[{"name":"wp","href":"https:\/\/api.w.org\/{rel}","templated":true}]}}