{"id":52784,"date":"2025-04-17T09:42:27","date_gmt":"2025-04-17T12:42:27","guid":{"rendered":"https:\/\/radiorevelacionfm.cl\/?p=52784"},"modified":"2025-04-17T09:42:27","modified_gmt":"2025-04-17T12:42:27","slug":"cochrane-inaugura-su-primer-jardin-etnobotanico-un-homenaje-vivo-al-territorio-la-comunidad-y-las-semillas-nativas","status":"publish","type":"post","link":"https:\/\/radiorevelacionfm.cl\/?p=52784","title":{"rendered":"Cochrane inaugura su primer Jard\u00edn Etnobot\u00e1nico: Un homenaje vivo al territorio, la comunidad y las semillas nativas"},"content":{"rendered":"<div class=\"flex_column av_one_full  flex_column_div av-zero-column-padding first  avia-builder-el-0  el_before_av_one_full  avia-builder-el-first  \" style='border-radius:0px; '><div  class='avia-image-container  av-styling-    avia-builder-el-1  avia-builder-el-no-sibling  avia-align-center '  itemprop=\"image\" itemscope=\"itemscope\" itemtype=\"https:\/\/schema.org\/ImageObject\"  ><div class='avia-image-container-inner'><div class='avia-image-overlay-wrap'><img decoding=\"async\" class='wp-image-52785 avia-img-lazy-loading-not-52785 avia_image' src=\"https:\/\/radiorevelacionfm.cl\/wp-content\/uploads\/2025\/04\/dsc_0013-1-1_optimized.jpg\" alt='' title='dsc_0013-(1)-(1)_optimized' height=\"600\" width=\"900\"  itemprop=\"thumbnailUrl\" srcset=\"https:\/\/radiorevelacionfm.cl\/wp-content\/uploads\/2025\/04\/dsc_0013-1-1_optimized.jpg 900w, https:\/\/radiorevelacionfm.cl\/wp-content\/uploads\/2025\/04\/dsc_0013-1-1_optimized-300x200.jpg 300w, https:\/\/radiorevelacionfm.cl\/wp-content\/uploads\/2025\/04\/dsc_0013-1-1_optimized-768x512.jpg 768w, https:\/\/radiorevelacionfm.cl\/wp-content\/uploads\/2025\/04\/dsc_0013-1-1_optimized-705x470.jpg 705w, https:\/\/radiorevelacionfm.cl\/wp-content\/uploads\/2025\/04\/dsc_0013-1-1_optimized-450x300.jpg 450w, https:\/\/radiorevelacionfm.cl\/wp-content\/uploads\/2025\/04\/dsc_0013-1-1_optimized-600x400.jpg 600w\" sizes=\"(max-width: 900px) 100vw, 900px\" \/><\/div><\/div><\/div><\/div><div class=\"flex_column av_one_full  flex_column_div av-zero-column-padding first  avia-builder-el-2  el_after_av_one_full  el_before_av_one_full  column-top-margin\" style='border-radius:0px; '><section class=\"av_textblock_section \"  itemscope=\"itemscope\" itemtype=\"https:\/\/schema.org\/BlogPosting\" itemprop=\"blogPost\" ><div class='avia_textblock  '   itemprop=\"text\" ><p style=\"text-align: center;\"><strong><span style=\"font-size: 18pt;\">Cochrane inaugura su primer Jard\u00edn Etnobot\u00e1nico: Un homenaje vivo al territorio, la comunidad y las semillas nativas<\/span><\/strong><\/p>\n<div id=\"gtx-trans\" style=\"position: absolute; left: -50px; top: 4.31534px;\">\n<div class=\"gtx-trans-icon\"><\/div>\n<\/div>\n<\/div><\/section><\/div><div class=\"flex_column av_one_full  flex_column_div av-zero-column-padding first  avia-builder-el-4  el_after_av_one_full  el_before_av_hr  column-top-margin\" style='border-radius:0px; '><section class=\"av_textblock_section \"  itemscope=\"itemscope\" itemtype=\"https:\/\/schema.org\/BlogPosting\" itemprop=\"blogPost\" ><div class='avia_textblock  '   itemprop=\"text\" ><p style=\"text-align: justify;\"><span style=\"font-weight: 400;\">El pasado s\u00e1bado 12 de abril se celebr\u00f3 la apertura oficial del<\/span><b> primer Jard\u00edn Etnobot\u00e1nico de la Regi\u00f3n de Ays\u00e9n<\/b><span style=\"font-weight: 400;\">, ubicado en el <\/span><b>Hospital de Cochrane.<\/b><span style=\"font-weight: 400;\"> Este innovador espacio nace como un centro de aprendizaje, encuentro y conexi\u00f3n con la naturaleza, combinando la conservaci\u00f3n ecol\u00f3gica con la transmisi\u00f3n de conocimientos medicinales y culturales del territorio.<\/span><\/p>\n<p style=\"text-align: justify;\"><span style=\"font-weight: 400;\">Impulsado desde <\/span><b>Naturaleza P\u00fablica<\/b><span style=\"font-weight: 400;\">, el jard\u00edn busca reconectar a la comunidad con el desconocido y fr\u00e1gil ecosistema de la estepa patag\u00f3nica. A trav\u00e9s de una museograf\u00eda viva, exhibe una cuidada selecci\u00f3n de especies nativas con propiedades medicinales, resultado de procesos colaborativos de investigaci\u00f3n, curadur\u00eda comunitaria y creaci\u00f3n colectiva.<\/span><\/p>\n<p style=\"text-align: justify;\"><span style=\"font-weight: 400;\">La jornada inaugural incluy\u00f3 la charla \u201cFlora de Ays\u00e9n: pasado, presente y futuro\u201d, impartida por <\/span><b>Fern\u00e1n Silva<\/b><span style=\"font-weight: 400;\"> del SAG, un taller herbolario facilitado por la experta<\/span><b> Sara Itkin\u00a0 <\/b><span style=\"font-weight: 400;\">(autora de Plantas de la patagonia para la Salud) y un cocktail de cierre. La directora del hospital, Miriam Navarrete, destac\u00f3 que la creaci\u00f3n de este jard\u00edn se alinea con iniciativas comunitarias ya presentes en el establecimiento, como el Bosque Sanador, el Jard\u00edn Medicinal y el Huerto Terap\u00e9utico.<\/span><\/p>\n<p style=\"text-align: justify;\"><span style=\"font-weight: 400;\">La iniciativa fue posible gracias a una articulaci\u00f3n de diversos actores locales, p\u00fablicos, privados e internacionales. Entre las organizaciones participantes se encuentran el <\/span><b>Comit\u00e9 Ambiental de Cochrane<\/b><span style=\"font-weight: 400;\">, la agrupaci\u00f3n <\/span><b>Descubriendo<\/b><span style=\"font-weight: 400;\">, la <\/span><b>Uni\u00f3n Comunal de Clubes de Adulto Mayor<\/b><span style=\"font-weight: 400;\"> y las agrupaciones ind\u00edgenas <\/span><b>Manque<\/b><span style=\"font-weight: 400;\"> y <\/span><b>Newenche<\/b><span style=\"font-weight: 400;\">. A ellas se suman entidades como el <\/span><b>Hospital de Cochrane<\/b><span style=\"font-weight: 400;\">, <\/span><b>CONAF<\/b><span style=\"font-weight: 400;\">, <\/span><b>SAG<\/b><span style=\"font-weight: 400;\">, y la reconocida organizaci\u00f3n internacional <\/span><b>Round River Conservation Studies<\/b><span style=\"font-weight: 400;\">.<\/span><\/p>\n<p style=\"text-align: justify;\"><span style=\"font-weight: 400;\">Mar\u00eda Jes\u00fas May, cofundadora y directora de la fundaci\u00f3n, se\u00f1al\u00f3 que esta iniciativa fue posible gracias al<\/span><b> fondo FMA de Fundaci\u00f3n Mar Adentro<\/b><span style=\"font-weight: 400;\">, <\/span><span style=\"font-weight: 400;\">enfocado en experiencias colaborativas que vinculan arte y ciencia en pos del cuidado de la naturaleza, <\/span><span style=\"font-weight: 400;\">y a una campa\u00f1a nacional de donaciones ciudadanas, donde personas de todo Chile \u2014incluyendo donantes comprometidos con la flora nativa y empresas presentes en el territorio como Explora y Copec han contribuido a hacer realidad esta colecci\u00f3n permanente de saberes y especies nativas locales.<\/span><i><span style=\"font-weight: 400;\"> \u201cEsta apertura es el fruto de dos a\u00f1os de trabajo conjunto con la comunidad, cultivando los patios del hospital. Nuestro sue\u00f1o es consolidar este proceso como un cruce entre ciencia, salud, arte y cultura, apoyandonos en este caso en la tem\u00e1tica de las semillas como c\u00e1psulas del tiempo, archivos del pasado y promesas del futuro\u201d, <\/span><\/i><span style=\"font-weight: 400;\">expres\u00f3.<\/span><\/p>\n<p style=\"text-align: justify;\"><span style=\"font-weight: 400;\">La encargada de proyectos y alianzas de arte de Fundaci\u00f3n Mar Adentro (FMA), Bernardita P\u00e9rez, se\u00f1al\u00f3 que \u00abel Jard\u00edn Etnobot\u00e1nico de la Regi\u00f3n de Ays\u00e9n, ubicado en el Hospital de Cochrane, es una iniciativa que conecta con diversas capas que desde FMA buscamos apoyar. Una de ellas es la conservaci\u00f3n de la biodiversidad del ecosistema de la estepa patag\u00f3nica y la puesta en valor de especies nativas, en relaci\u00f3n con pr\u00e1cticas bioculturales asociadas a la salud, el bienestar y la cultura.<\/span><\/p>\n<p style=\"text-align: justify;\"><span style=\"font-weight: 400;\">Destacamos el valor del traspaso y encuentro intergeneracional, la importancia de compartir saberes, as\u00ed como tambi\u00e9n el dise\u00f1o de un espacio que se integra al hospital, donde se conjugan la medicina tradicional y la medicina ancestral a trav\u00e9s del uso de plantas medicinales.<\/span><\/p>\n<p style=\"text-align: justify;\"><span style=\"font-weight: 400;\">El proyecto tiene m\u00faltiples dimensiones valiosas, y estamos muy contentas de su desarrollo y de poder aportar a su materializaci\u00f3n. Nos ha sorprendido gratamente la capacidad de convocatoria del equipo de Naturaleza P\u00fablica, que ha logrado reunir a una diversidad de actores locales mediante mesas de trabajo comunitarias, dando forma a esta iniciativa que comienza con la inauguraci\u00f3n del jard\u00edn, una exposici\u00f3n con una curadur\u00eda colectiva de especies nativas que dan forma a una exposici\u00f3n con una propuesta museogr\u00e1fica que despierta la curiosidad e invita a conocer la flora local y su importancia medicinal. Una propuesta gestada por el encuentro de distintas personas, disciplinas y saberes, que da vida a un espacio valioso en diversas escalas al sur de Chile\u00bb.<\/span><\/p>\n<p style=\"text-align: justify;\"><b>Semillas como c\u00e1psulas de vida: un recorrido por la experiencia<\/b><\/p>\n<p style=\"text-align: justify;\"><span style=\"font-weight: 400;\">Durante el proceso de creaci\u00f3n del jard\u00edn se realizaron actividades abiertas como salidas a terreno, talleres de microscop\u00eda, recolecci\u00f3n de saberes tradicionales y una investigaci\u00f3n participativa centrada en las <\/span><b>semillas nativas como c\u00e1psulas de vida<\/b><span style=\"font-weight: 400;\">, conectando ciencia, arte y memoria territorial.<\/span><\/p>\n<p style=\"text-align: justify;\"><span style=\"font-weight: 400;\">Cada planta del jard\u00edn est\u00e1 acompa\u00f1ada de informaci\u00f3n bot\u00e1nica y cultural, permitiendo a los visitantes aprender sobre sus nombres tradicionales, usos medicinales, alimentarios o espirituales, y la importancia de su conservaci\u00f3n en un ecosistema en transformaci\u00f3n.<\/span><\/p>\n<p style=\"text-align: justify;\"><b>Un paso hacia la conservaci\u00f3n desde lo cotidiano<\/b><\/p>\n<p style=\"text-align: justify;\"><span style=\"font-weight: 400;\">En un contexto de acelerada p\u00e9rdida de biodiversidad y transformaci\u00f3n del paisaje patag\u00f3nico, este jard\u00edn se presenta como un acto de resistencia y amor por la naturaleza. Una invitaci\u00f3n a observar, conocer y proteger lo que a\u00fan nos queda.<\/span><\/p>\n<p style=\"text-align: justify;\"><i><span style=\"font-weight: 400;\">\u201cQueremos que este sea un lugar vivo, en constante transformaci\u00f3n. Un espacio donde se cultive y florezca la salud natural y se mantengan vivo los saberes locales\u201d<\/span><\/i><span style=\"font-weight: 400;\">\u00a0 concluy\u00f3 Mar\u00eda Jes\u00fas, cofundadora y directora de Naturaleza P\u00fablica.<\/span><\/p>\n<p style=\"text-align: justify;\"><span style=\"font-weight: 400;\">El <\/span><b>Jard\u00edn Etnobot\u00e1nico de Cochrane<\/b><span style=\"font-weight: 400;\"> ya est\u00e1 abierto al p\u00fablico y a futuro contar\u00e1 con actividades abiertas durante todo el a\u00f1o, incluyendo talleres, visitas guiadas, actividades terap\u00e9uticas, trueques de semillas y encuentros intergeneracionales. Una semilla de esperanza en el coraz\u00f3n de la Patagonia.<\/span><\/p>\n<p style=\"text-align: justify;\"><b>Un espacio que florece y con mucho por crecer<\/b><\/p>\n<p style=\"text-align: justify;\"><span style=\"font-weight: 400;\">Pensando en el futuro, Naturaleza Publica, el hospital y agrupaciones locales trabajan en la habilitaci\u00f3n del patio m\u00e1s amplio como un espacio terap\u00e9utico integral, orientado especialmente a NANEAS (ni\u00f1os, ni\u00f1as y adolescentes con necesidades especiales de atenci\u00f3n en salud).<\/span><\/p>\n<p style=\"text-align: justify;\"><i><span style=\"font-weight: 400;\">\u201cQueremos que este lugar sea tambi\u00e9n una fuente de esperanza para sus familias, y para ello invitamos a la ciudadan\u00eda a sumarse como socios o donantes a trav\u00e9s de nuestra p\u00e1gina web\u201d<\/span><\/i><span style=\"font-weight: 400;\">, agreg\u00f3 May.<\/span><\/p>\n<p style=\"text-align: justify;\"><span style=\"font-weight: 400;\">Desde la Fundaci\u00f3n se agradeci\u00f3 a todas las personas, organizaciones e instituciones que han acompa\u00f1ado este proceso, as\u00ed como a quienes aportaron generosamente durante la campa\u00f1a de recaudaci\u00f3n de fondos. El <\/span><b>Jard\u00edn Etnobot\u00e1nico de Cochrane<\/b><span style=\"font-weight: 400;\"> ya se encuentra abierto al p\u00fablico y proyecta una programaci\u00f3n anual con talleres, visitas guiadas, actividades terap\u00e9uticas, trueques de semillas y encuentros intergeneracionales.<\/span><\/p>\n<p style=\"text-align: justify;\"><b>\u00bfC\u00f3mo apoyar esta iniciativa?\u00a0<\/b><\/p>\n<p style=\"text-align: justify;\"><b>Fundaci\u00f3n Naturaleza P\u00fablica invita a toda la ciudadan\u00eda a ser parte de este proyecto<\/b><span style=\"font-weight: 400;\">, apoyando la campa\u00f1a de <\/span><b>crowdfunding<\/b><span style=\"font-weight: 400;\"> o haci\u00e9ndose socios a trav\u00e9s de<\/span> <a href=\"https:\/\/esponsor.com\/naturalezapublica\"><span style=\"font-weight: 400;\">https:\/\/esponsor.com\/naturalezapublica<\/span><\/a><\/p>\n<p style=\"text-align: justify;\"><b>Hazte socio y\/o adquiere una Cajita de Flora Nativa de la Estepa Patag\u00f3nica<\/b><\/p>\n<p style=\"text-align: justify;\"><span style=\"font-weight: 400;\">Como parte de la campa\u00f1a para el financiamiento de la creaci\u00f3n del Jard\u00edn Etnobot\u00e1nico de Cochrane, la <\/span><b>Fundaci\u00f3n Naturaleza P\u00fablica<\/b><span style=\"font-weight: 400;\"> ofrece la plataforma para donaciones directas en <\/span><a href=\"https:\/\/esponsor.com\/naturalezapublica\"><span style=\"font-weight: 400;\">https:\/\/esponsor.com\/naturalezapublica<\/span><\/a><span style=\"font-weight: 400;\"> y adem\u00e1s ha creado un stock limitado de <\/span><b>cajitas de regalo con productos inspirados en la flora nativa de la Estepa Patag\u00f3nica<\/b><span style=\"font-weight: 400;\">, las cuales permiten conocer la riqueza ecol\u00f3gica de la regi\u00f3n, sus usos tradicionales y su rol en la conservaci\u00f3n.<\/span><\/p>\n<p style=\"text-align: justify;\"><b>\u00bfC\u00f3mo sumarte?<\/b><\/p>\n<ul style=\"text-align: justify;\">\n<li style=\"font-weight: 400;\" aria-level=\"1\"><span style=\"font-weight: 400;\">Las cajitas de regalo ya est\u00e1n disponibles en <\/span><b>Librer\u00eda Bosque Chileno<\/b><span style=\"font-weight: 400;\">\u00a0<\/span><\/li>\n<\/ul>\n<p style=\"text-align: justify;\"><span style=\"font-weight: 400;\">\u00a0<\/span><b>\u00bfQuieres hacerte socio o donar de forma directa?<\/b><\/p>\n<p style=\"text-align: justify;\"><span style=\"font-weight: 400;\">Para hacerte socio de esta iniciativa o realizar una donaci\u00f3n directa en\u00a0 <\/span><a href=\"https:\/\/esponsor.com\/naturalezapublica\/donate\"><span style=\"font-weight: 400;\">https:\/\/esponsor.com\/naturalezapublica<\/span><\/a><span style=\"font-weight: 400;\"> \u00a1Tu apoyo hace la diferencia!<\/span><\/p>\n<\/div><\/section><\/div><div  style='height:50px' class='hr hr-invisible   avia-builder-el-6  el_after_av_one_full  el_before_av_social_share '><span class='hr-inner ' ><span class='hr-inner-style'><\/span><\/span><\/div><\/p>\n<div  class='av-social-sharing-box  avia-builder-el-7  el_after_av_hr  el_before_av_hr  '><div class='av-share-box'><h5 class='av-share-link-description av-no-toc '>Compartir esta noticia<\/h5><ul class='av-share-box-list noLightbox'><li class='av-share-link av-social-link-facebook' ><a target=\"_blank\" aria-label=\"Compartir en Facebook\" href='https:\/\/www.facebook.com\/sharer.php?u=https:\/\/radiorevelacionfm.cl\/?p=52784&#038;t=Cochrane%20inaugura%20su%20primer%20Jard%C3%ADn%20Etnobot%C3%A1nico%3A%20Un%20homenaje%20vivo%20al%20territorio%2C%20la%20comunidad%20y%20las%20semillas%20nativas' aria-hidden='false' data-av_icon='\ue8f3' data-av_iconfont='entypo-fontello' title='' data-avia-related-tooltip='Compartir en Facebook' rel=\"noopener\"><span class='avia_hidden_link_text'>Compartir en Facebook<\/span><\/a><\/li><li class='av-share-link av-social-link-twitter' ><a target=\"_blank\" aria-label=\"Compartir en Twitter\" href='https:\/\/twitter.com\/share?text=Cochrane%20inaugura%20su%20primer%20Jard%C3%ADn%20Etnobot%C3%A1nico%3A%20Un%20homenaje%20vivo%20al%20territorio%2C%20la%20comunidad%20y%20las%20semillas%20nativas&#038;url=https:\/\/radiorevelacionfm.cl\/?p=52784' aria-hidden='false' data-av_icon='\ue8f1' data-av_iconfont='entypo-fontello' title='' data-avia-related-tooltip='Compartir en Twitter' rel=\"noopener\"><span class='avia_hidden_link_text'>Compartir en Twitter<\/span><\/a><\/li><li class='av-share-link av-social-link-whatsapp' ><a target=\"_blank\" aria-label=\"Compartir en Whatsapp\" href='https:\/\/api.whatsapp.com\/send?text=https:\/\/radiorevelacionfm.cl\/?p=52784' aria-hidden='false' data-av_icon='\uf232' data-av_iconfont='entypo-fontello' title='' data-avia-related-tooltip='Compartir en Whatsapp' rel=\"noopener\"><span class='avia_hidden_link_text'>Compartir en Whatsapp<\/span><\/a><\/li><li class='av-share-link av-social-link-linkedin' ><a target=\"_blank\" aria-label=\"Compartir en LinkedIn\" href='https:\/\/linkedin.com\/shareArticle?mini=true&#038;title=Cochrane%20inaugura%20su%20primer%20Jard%C3%ADn%20Etnobot%C3%A1nico%3A%20Un%20homenaje%20vivo%20al%20territorio%2C%20la%20comunidad%20y%20las%20semillas%20nativas&#038;url=https:\/\/radiorevelacionfm.cl\/?p=52784' aria-hidden='false' data-av_icon='\ue8fc' data-av_iconfont='entypo-fontello' title='' data-avia-related-tooltip='Compartir en LinkedIn' rel=\"noopener\"><span class='avia_hidden_link_text'>Compartir en LinkedIn<\/span><\/a><\/li><li class='av-share-link av-social-link-mail' ><a  aria-label=\"Compartir por correo\" href='mailto:?subject=Cochrane%20inaugura%20su%20primer%20Jard%C3%ADn%20Etnobot%C3%A1nico%3A%20Un%20homenaje%20vivo%20al%20territorio%2C%20la%20comunidad%20y%20las%20semillas%20nativas&#038;body=https:\/\/radiorevelacionfm.cl\/?p=52784' aria-hidden='false' data-av_icon='\ue805' data-av_iconfont='entypo-fontello' title='' data-avia-related-tooltip='Compartir por correo'><span class='avia_hidden_link_text'>Compartir por correo<\/span><\/a><\/li><\/ul><\/div><\/div>\n<div  style='height:50px' class='hr hr-invisible   avia-builder-el-8  el_after_av_social_share  el_before_av_comments_list '><span class='hr-inner ' ><span class='hr-inner-style'><\/span><\/span><\/div>\n<div  class='av-buildercomment  av-blog-meta-html-info-disabled av-blog-meta-tag-disabled  '><\/div>\n","protected":false},"excerpt":{"rendered":"","protected":false},"author":1,"featured_media":52785,"comment_status":"closed","ping_status":"closed","sticky":false,"template":"","format":"standard","meta":{"footnotes":""},"categories":[38],"tags":[],"class_list":["post-52784","post","type-post","status-publish","format-standard","has-post-thumbnail","hentry","category-regional"],"jetpack_featured_media_url":"https:\/\/radiorevelacionfm.cl\/wp-content\/uploads\/2025\/04\/dsc_0013-1-1_optimized.jpg","_links":{"self":[{"href":"https:\/\/radiorevelacionfm.cl\/index.php?rest_route=\/wp\/v2\/posts\/52784","targetHints":{"allow":["GET"]}}],"collection":[{"href":"https:\/\/radiorevelacionfm.cl\/index.php?rest_route=\/wp\/v2\/posts"}],"about":[{"href":"https:\/\/radiorevelacionfm.cl\/index.php?rest_route=\/wp\/v2\/types\/post"}],"author":[{"embeddable":true,"href":"https:\/\/radiorevelacionfm.cl\/index.php?rest_route=\/wp\/v2\/users\/1"}],"replies":[{"embeddable":true,"href":"https:\/\/radiorevelacionfm.cl\/index.php?rest_route=%2Fwp%2Fv2%2Fcomments&post=52784"}],"version-history":[{"count":2,"href":"https:\/\/radiorevelacionfm.cl\/index.php?rest_route=\/wp\/v2\/posts\/52784\/revisions"}],"predecessor-version":[{"id":52798,"href":"https:\/\/radiorevelacionfm.cl\/index.php?rest_route=\/wp\/v2\/posts\/52784\/revisions\/52798"}],"wp:featuredmedia":[{"embeddable":true,"href":"https:\/\/radiorevelacionfm.cl\/index.php?rest_route=\/wp\/v2\/media\/52785"}],"wp:attachment":[{"href":"https:\/\/radiorevelacionfm.cl\/index.php?rest_route=%2Fwp%2Fv2%2Fmedia&parent=52784"}],"wp:term":[{"taxonomy":"category","embeddable":true,"href":"https:\/\/radiorevelacionfm.cl\/index.php?rest_route=%2Fwp%2Fv2%2Fcategories&post=52784"},{"taxonomy":"post_tag","embeddable":true,"href":"https:\/\/radiorevelacionfm.cl\/index.php?rest_route=%2Fwp%2Fv2%2Ftags&post=52784"}],"curies":[{"name":"wp","href":"https:\/\/api.w.org\/{rel}","templated":true}]}}