{"id":52777,"date":"2025-04-17T10:07:43","date_gmt":"2025-04-17T13:07:43","guid":{"rendered":"https:\/\/radiorevelacionfm.cl\/?p=52777"},"modified":"2025-04-17T10:07:43","modified_gmt":"2025-04-17T13:07:43","slug":"avanza-la-primera-politica-regional-para-personas-mayores-en-aysen","status":"publish","type":"post","link":"https:\/\/radiorevelacionfm.cl\/?p=52777","title":{"rendered":"Avanza la primera Pol\u00edtica Regional para Personas Mayores en Ays\u00e9n"},"content":{"rendered":"<div class=\"flex_column av_one_full  flex_column_div av-zero-column-padding first  avia-builder-el-0  el_before_av_one_full  avia-builder-el-first  \" style='border-radius:0px; '><div  class='avia-image-container  av-styling-    avia-builder-el-1  avia-builder-el-no-sibling  avia-align-center '  itemprop=\"image\" itemscope=\"itemscope\" itemtype=\"https:\/\/schema.org\/ImageObject\"  ><div class='avia-image-container-inner'><div class='avia-image-overlay-wrap'><img decoding=\"async\" class='wp-image-52778 avia-img-lazy-loading-not-52778 avia_image' src=\"https:\/\/radiorevelacionfm.cl\/wp-content\/uploads\/2025\/04\/490472991_706707431700602_7022140110300178085_n-1-1.jpg\" alt='' title='490472991_706707431700602_7022140110300178085_n (1) (1)' height=\"600\" width=\"899\"  itemprop=\"thumbnailUrl\" srcset=\"https:\/\/radiorevelacionfm.cl\/wp-content\/uploads\/2025\/04\/490472991_706707431700602_7022140110300178085_n-1-1.jpg 899w, https:\/\/radiorevelacionfm.cl\/wp-content\/uploads\/2025\/04\/490472991_706707431700602_7022140110300178085_n-1-1-300x200.jpg 300w, https:\/\/radiorevelacionfm.cl\/wp-content\/uploads\/2025\/04\/490472991_706707431700602_7022140110300178085_n-1-1-768x513.jpg 768w, https:\/\/radiorevelacionfm.cl\/wp-content\/uploads\/2025\/04\/490472991_706707431700602_7022140110300178085_n-1-1-705x471.jpg 705w, https:\/\/radiorevelacionfm.cl\/wp-content\/uploads\/2025\/04\/490472991_706707431700602_7022140110300178085_n-1-1-450x300.jpg 450w, https:\/\/radiorevelacionfm.cl\/wp-content\/uploads\/2025\/04\/490472991_706707431700602_7022140110300178085_n-1-1-600x400.jpg 600w\" sizes=\"(max-width: 899px) 100vw, 899px\" \/><\/div><\/div><\/div><\/div><div class=\"flex_column av_one_full  flex_column_div av-zero-column-padding first  avia-builder-el-2  el_after_av_one_full  el_before_av_one_full  column-top-margin\" style='border-radius:0px; '><section class=\"av_textblock_section \"  itemscope=\"itemscope\" itemtype=\"https:\/\/schema.org\/BlogPosting\" itemprop=\"blogPost\" ><div class='avia_textblock  '   itemprop=\"text\" ><p style=\"text-align: center;\"><span style=\"font-size: 18pt;\"><strong>Avanza la primera Pol\u00edtica Regional para Personas Mayores en Ays\u00e9n<\/strong><\/span><\/p>\n<div id=\"gtx-trans\" style=\"position: absolute; left: -50px; top: 4.31534px;\">\n<div class=\"gtx-trans-icon\"><\/div>\n<\/div>\n<\/div><\/section><\/div><div class=\"flex_column av_one_full  flex_column_div av-zero-column-padding first  avia-builder-el-4  el_after_av_one_full  el_before_av_hr  column-top-margin\" style='border-radius:0px; '><section class=\"av_textblock_section \"  itemscope=\"itemscope\" itemtype=\"https:\/\/schema.org\/BlogPosting\" itemprop=\"blogPost\" ><div class='avia_textblock  '   itemprop=\"text\" ><p style=\"text-align: justify;\">En un encuentro entre el Gobierno Regional y la nueva directiva de la Uni\u00f3n Comunal de Organizaciones y Clubes de Adultos Mayores de Coyhaique (UCAM Baquedano), se present\u00f3 el avance de la primera Pol\u00edtica Regional de Personas Mayores de Ays\u00e9n, un plan in\u00e9dito en Chile que busca fortalecer el acceso a derechos, fomentar la participaci\u00f3n activa y mejorar la calidad de vida de este sector de la poblaci\u00f3n.<\/p>\n<p style=\"text-align: justify;\">El Gobernador Regional, Marcelo Santana Vargas, junto a la Jefa de la Divisi\u00f3n de Desarrollo Social y Humano, Dominique Br\u00e4utigam Lagomarsino, participaron en este encuentro para dialogar sobre los desaf\u00edos y oportunidades en la materia.<\/p>\n<p style=\"text-align: justify;\"><strong>Una pol\u00edtica pionera en Chile<\/strong><\/p>\n<p style=\"text-align: justify;\">Este ambicioso proyecto tiene como eje central el reconocimiento del envejecimiento como una etapa que debe ser vivida con autonom\u00eda y oportunidades. En este contexto, la reuni\u00f3n fue una oportunidad para recoger inquietudes y propuestas de las propias organizaciones, con el fin de seguir avanzando en la construcci\u00f3n de una estrategia que responda a las verdaderas necesidades de las personas mayores en Ays\u00e9n.<\/p>\n<p style=\"text-align: justify;\">\u00abFue una instancia enriquecedora en la que conversamos sobre la l\u00ednea de trabajo que estamos desarrollando con el liderazgo del gobernador, siempre con el objetivo de generar pol\u00edticas que respondan a las necesidades de las personas mayores en Ays\u00e9n\u00bb, se\u00f1al\u00f3 Dominique Br\u00e4utigam.<\/p>\n<p style=\"text-align: justify;\">Por su parte, el presidente de UCAM Baquedano, Jos\u00e9 Manuel Vivallo, destac\u00f3 la importancia de este hito para la comunidad: \u00abVamos a ser la primera regi\u00f3n en tener una pol\u00edtica espec\u00edfica para nuestro grupo etario, lo que nos llena de esperanza y nos compromete a seguir trabajando. Agradecemos al Gobernador por su disposici\u00f3n y compromiso con los adultos mayores\u00bb.<\/p>\n<p style=\"text-align: justify;\"><strong>Compromiso con la comunidad<\/strong><\/p>\n<p style=\"text-align: justify;\">Desde el Gobierno Regional y su Consejo, se ha trabajado en diferentes l\u00edneas de acci\u00f3n para garantizar el bienestar de las personas mayores, incluyendo inversi\u00f3n en infraestructura, programas de participaci\u00f3n y estrategias de inclusi\u00f3n. Este encuentro marca un antes y un despu\u00e9s en la agenda regional de envejecimiento activo y participaci\u00f3n social, sentando las bases de un trabajo colaborativo entre el Gobierno Regional y las organizaciones de personas mayores.<\/p>\n<\/div><\/section><\/div><div  style='height:50px' class='hr hr-invisible   avia-builder-el-6  el_after_av_one_full  el_before_av_social_share '><span class='hr-inner ' ><span class='hr-inner-style'><\/span><\/span><\/div><\/p>\n<div  class='av-social-sharing-box  avia-builder-el-7  el_after_av_hr  el_before_av_hr  '><div class='av-share-box'><h5 class='av-share-link-description av-no-toc '>Compartir esta noticia<\/h5><ul class='av-share-box-list noLightbox'><li class='av-share-link av-social-link-facebook' ><a target=\"_blank\" aria-label=\"Compartir en Facebook\" href='https:\/\/www.facebook.com\/sharer.php?u=https:\/\/radiorevelacionfm.cl\/?p=52777&#038;t=Avanza%20la%20primera%20Pol%C3%ADtica%20Regional%20para%20Personas%20Mayores%20en%20Ays%C3%A9n' aria-hidden='false' data-av_icon='\ue8f3' data-av_iconfont='entypo-fontello' title='' data-avia-related-tooltip='Compartir en Facebook' rel=\"noopener\"><span class='avia_hidden_link_text'>Compartir en Facebook<\/span><\/a><\/li><li class='av-share-link av-social-link-twitter' ><a target=\"_blank\" aria-label=\"Compartir en Twitter\" href='https:\/\/twitter.com\/share?text=Avanza%20la%20primera%20Pol%C3%ADtica%20Regional%20para%20Personas%20Mayores%20en%20Ays%C3%A9n&#038;url=https:\/\/radiorevelacionfm.cl\/?p=52777' aria-hidden='false' data-av_icon='\ue8f1' data-av_iconfont='entypo-fontello' title='' data-avia-related-tooltip='Compartir en Twitter' rel=\"noopener\"><span class='avia_hidden_link_text'>Compartir en Twitter<\/span><\/a><\/li><li class='av-share-link av-social-link-whatsapp' ><a target=\"_blank\" aria-label=\"Compartir en Whatsapp\" href='https:\/\/api.whatsapp.com\/send?text=https:\/\/radiorevelacionfm.cl\/?p=52777' aria-hidden='false' data-av_icon='\uf232' data-av_iconfont='entypo-fontello' title='' data-avia-related-tooltip='Compartir en Whatsapp' rel=\"noopener\"><span class='avia_hidden_link_text'>Compartir en Whatsapp<\/span><\/a><\/li><li class='av-share-link av-social-link-linkedin' ><a target=\"_blank\" aria-label=\"Compartir en LinkedIn\" href='https:\/\/linkedin.com\/shareArticle?mini=true&#038;title=Avanza%20la%20primera%20Pol%C3%ADtica%20Regional%20para%20Personas%20Mayores%20en%20Ays%C3%A9n&#038;url=https:\/\/radiorevelacionfm.cl\/?p=52777' aria-hidden='false' data-av_icon='\ue8fc' data-av_iconfont='entypo-fontello' title='' data-avia-related-tooltip='Compartir en LinkedIn' rel=\"noopener\"><span class='avia_hidden_link_text'>Compartir en LinkedIn<\/span><\/a><\/li><li class='av-share-link av-social-link-mail' ><a  aria-label=\"Compartir por correo\" href='mailto:?subject=Avanza%20la%20primera%20Pol%C3%ADtica%20Regional%20para%20Personas%20Mayores%20en%20Ays%C3%A9n&#038;body=https:\/\/radiorevelacionfm.cl\/?p=52777' aria-hidden='false' data-av_icon='\ue805' data-av_iconfont='entypo-fontello' title='' data-avia-related-tooltip='Compartir por correo'><span class='avia_hidden_link_text'>Compartir por correo<\/span><\/a><\/li><\/ul><\/div><\/div>\n<div  style='height:50px' class='hr hr-invisible   avia-builder-el-8  el_after_av_social_share  el_before_av_comments_list '><span class='hr-inner ' ><span class='hr-inner-style'><\/span><\/span><\/div>\n<div  class='av-buildercomment  av-blog-meta-html-info-disabled av-blog-meta-tag-disabled  '><\/div>\n","protected":false},"excerpt":{"rendered":"","protected":false},"author":1,"featured_media":52778,"comment_status":"closed","ping_status":"closed","sticky":false,"template":"","format":"standard","meta":{"footnotes":""},"categories":[38],"tags":[],"class_list":["post-52777","post","type-post","status-publish","format-standard","has-post-thumbnail","hentry","category-regional"],"jetpack_featured_media_url":"https:\/\/radiorevelacionfm.cl\/wp-content\/uploads\/2025\/04\/490472991_706707431700602_7022140110300178085_n-1-1.jpg","_links":{"self":[{"href":"https:\/\/radiorevelacionfm.cl\/index.php?rest_route=\/wp\/v2\/posts\/52777","targetHints":{"allow":["GET"]}}],"collection":[{"href":"https:\/\/radiorevelacionfm.cl\/index.php?rest_route=\/wp\/v2\/posts"}],"about":[{"href":"https:\/\/radiorevelacionfm.cl\/index.php?rest_route=\/wp\/v2\/types\/post"}],"author":[{"embeddable":true,"href":"https:\/\/radiorevelacionfm.cl\/index.php?rest_route=\/wp\/v2\/users\/1"}],"replies":[{"embeddable":true,"href":"https:\/\/radiorevelacionfm.cl\/index.php?rest_route=%2Fwp%2Fv2%2Fcomments&post=52777"}],"version-history":[{"count":2,"href":"https:\/\/radiorevelacionfm.cl\/index.php?rest_route=\/wp\/v2\/posts\/52777\/revisions"}],"predecessor-version":[{"id":52799,"href":"https:\/\/radiorevelacionfm.cl\/index.php?rest_route=\/wp\/v2\/posts\/52777\/revisions\/52799"}],"wp:featuredmedia":[{"embeddable":true,"href":"https:\/\/radiorevelacionfm.cl\/index.php?rest_route=\/wp\/v2\/media\/52778"}],"wp:attachment":[{"href":"https:\/\/radiorevelacionfm.cl\/index.php?rest_route=%2Fwp%2Fv2%2Fmedia&parent=52777"}],"wp:term":[{"taxonomy":"category","embeddable":true,"href":"https:\/\/radiorevelacionfm.cl\/index.php?rest_route=%2Fwp%2Fv2%2Fcategories&post=52777"},{"taxonomy":"post_tag","embeddable":true,"href":"https:\/\/radiorevelacionfm.cl\/index.php?rest_route=%2Fwp%2Fv2%2Ftags&post=52777"}],"curies":[{"name":"wp","href":"https:\/\/api.w.org\/{rel}","templated":true}]}}