{"id":52773,"date":"2025-04-17T18:11:10","date_gmt":"2025-04-17T21:11:10","guid":{"rendered":"https:\/\/radiorevelacionfm.cl\/?p=52773"},"modified":"2025-04-17T18:11:10","modified_gmt":"2025-04-17T21:11:10","slug":"abrirse-al-mundo-el-desafio-de-la-region-de-aysen","status":"publish","type":"post","link":"https:\/\/radiorevelacionfm.cl\/?p=52773","title":{"rendered":"Abrirse al mundo: el desaf\u00edo de la regi\u00f3n de Ays\u00e9n"},"content":{"rendered":"<div class=\"flex_column av_one_full  flex_column_div av-zero-column-padding first  avia-builder-el-0  el_before_av_one_full  avia-builder-el-first  \" style='border-radius:0px; '><div  class='avia-image-container  av-styling-    avia-builder-el-1  avia-builder-el-no-sibling  avia-align-center '  itemprop=\"image\" itemscope=\"itemscope\" itemtype=\"https:\/\/schema.org\/ImageObject\"  ><div class='avia-image-container-inner'><div class='avia-image-overlay-wrap'><img decoding=\"async\" class='wp-image-52775 avia-img-lazy-loading-not-52775 avia_image' src=\"https:\/\/radiorevelacionfm.cl\/wp-content\/uploads\/2025\/04\/Nota1-1-1-1.jpg\" alt='' title='Nota1 (1) (1) (1)' height=\"600\" width=\"808\"  itemprop=\"thumbnailUrl\" srcset=\"https:\/\/radiorevelacionfm.cl\/wp-content\/uploads\/2025\/04\/Nota1-1-1-1.jpg 808w, https:\/\/radiorevelacionfm.cl\/wp-content\/uploads\/2025\/04\/Nota1-1-1-1-300x223.jpg 300w, https:\/\/radiorevelacionfm.cl\/wp-content\/uploads\/2025\/04\/Nota1-1-1-1-768x570.jpg 768w, https:\/\/radiorevelacionfm.cl\/wp-content\/uploads\/2025\/04\/Nota1-1-1-1-705x524.jpg 705w, https:\/\/radiorevelacionfm.cl\/wp-content\/uploads\/2025\/04\/Nota1-1-1-1-450x334.jpg 450w, https:\/\/radiorevelacionfm.cl\/wp-content\/uploads\/2025\/04\/Nota1-1-1-1-600x446.jpg 600w\" sizes=\"(max-width: 808px) 100vw, 808px\" \/><\/div><\/div><\/div><\/div><div class=\"flex_column av_one_full  flex_column_div av-zero-column-padding first  avia-builder-el-2  el_after_av_one_full  el_before_av_one_full  column-top-margin\" style='border-radius:0px; '><section class=\"av_textblock_section \"  itemscope=\"itemscope\" itemtype=\"https:\/\/schema.org\/BlogPosting\" itemprop=\"blogPost\" ><div class='avia_textblock  '   itemprop=\"text\" ><p style=\"text-align: center;\"><span style=\"font-size: 18pt;\"><b>Abrirse al mundo: el desaf\u00edo de la regi\u00f3n de Ays\u00e9n<\/b><\/span><\/p>\n<div id=\"gtx-trans\" style=\"position: absolute; left: -50px; top: 4.31534px;\">\n<div class=\"gtx-trans-icon\"><\/div>\n<\/div>\n<\/div><\/section><\/div><div class=\"flex_column av_one_full  flex_column_div av-zero-column-padding first  avia-builder-el-4  el_after_av_one_full  el_before_av_hr  column-top-margin\" style='border-radius:0px; '><section class=\"av_textblock_section \"  itemscope=\"itemscope\" itemtype=\"https:\/\/schema.org\/BlogPosting\" itemprop=\"blogPost\" ><div class='avia_textblock  '   itemprop=\"text\" ><p class=\"v1MsoNormal\" style=\"text-align: justify;\">Durante la reciente gira del Presidente Gabriel Boric por la India, se suscribi\u00f3 un memor\u00e1ndum de entendimiento entre el Forum of Indian Food Importers (FIFI) y ProChile, con el fin de fortalecer las relaciones en materia comercial y alimenticia entre ambas naciones.<\/p>\n<p class=\"v1MsoNormal\" style=\"text-align: justify;\">Al respecto, el director regional de ProChile en Ays\u00e9n, Jaime Poblete, valor\u00f3 las enormes posibilidades que se abren para Chile y tambi\u00e9n para nuestra regi\u00f3n con este acercamiento a India, especialmente en productos como agroalimentos, fruta fresca y productos del mar, entre otros.<\/p>\n<p class=\"v1MsoNormal\" style=\"text-align: justify;\">\u00abFortalecer el comercio de Chile con India es relevante, no solo porque es el pa\u00eds m\u00e1s poblado del mundo, sino porque tambi\u00e9n es la quinta mayor econom\u00eda del mundo, y seg\u00fan la FAO y OCDE se estima que el PIB de India podr\u00eda superar al de Alemania y Jap\u00f3n a 2028. Adem\u00e1s, en los pr\u00f3ximos 10 a\u00f1os, esta naci\u00f3n ser\u00eda responsable de cerca de 20% del incremento en el consumo global de alimentos\u00bb, dijo.<\/p>\n<p class=\"v1MsoNormal\" style=\"text-align: justify;\">\u00abNuestra regi\u00f3n no solo tiene oportunidades aumentar sus exportaciones de alimentos, como las cerezas que se producen en la zona y sus pescados y mariscos, sino tambi\u00e9n de ser una locaci\u00f3n para la gran industria cinematogr\u00e1fica de India (conocida como Bollywood) a trav\u00e9s de la iniciativa Shoot in Chile, con una invitaci\u00f3n a productores y realizadores de ese pa\u00eds a filmar en la Patagonia chilena\u00bb, agreg\u00f3.<\/p>\n<p class=\"v1MsoNormal\" style=\"text-align: justify;\">De igual forma, la Seremi de Gobierno \u00darsula Mix destac\u00f3 la importancia de abrir nuestros mercados \u00abComo pa\u00eds, pero principalmente como regi\u00f3n\u00bb.<\/p>\n<p class=\"v1MsoNormal\" style=\"text-align: justify;\">\u00abDebemos apuntar a mirar hacia afuera. El potencial que tenemos en Ays\u00e9n nos permite en t\u00e9rminos de exportaciones mirar m\u00e1s all\u00e1 de la salmonicultura y apuntar al desarrollo tecnol\u00f3gico. En el caso de la India, debemos acercar a las grandes industrias cinematogr\u00e1ficas a nuestra patagonia, visibilizar la imagen de Chile al exterior, lo que nos permitir\u00e1 internacionalizar a la regi\u00f3n m\u00e1s linda de Chile\u00bb, se\u00f1al\u00f3 la autoridad.<\/p>\n<p class=\"v1MsoNormal\" style=\"text-align: justify;\">Cabe se\u00f1alar que durante febrero de 2025, las exportaciones en la Regi\u00f3n de Ays\u00e9n llegaron a MMUS$20,0, lo que implic\u00f3 un aumento de 65,0% respecto al mismo mes del a\u00f1o anterior, de acuerdo a lo indicado en el Bolet\u00edn de Exportaciones Regionales de la Direcci\u00f3n Regional de Ays\u00e9n del Instituto Nacional de Estad\u00edsticas (INE). As\u00ed, los principales pa\u00edses de destino de las exportaciones regionales en el mes de febrero de 2025 resultaron ser, en conjunto, Estados Unidos y Brasil, por lo que poder aperturar la econom\u00eda a otros lugares es siempre una oportunidad para la regi\u00f3n.<\/p>\n<\/div><\/section><\/div><div  style='height:50px' class='hr hr-invisible   avia-builder-el-6  el_after_av_one_full  el_before_av_social_share '><span class='hr-inner ' ><span class='hr-inner-style'><\/span><\/span><\/div><\/p>\n<div  class='av-social-sharing-box  avia-builder-el-7  el_after_av_hr  el_before_av_hr  '><div class='av-share-box'><h5 class='av-share-link-description av-no-toc '>Compartir esta noticia<\/h5><ul class='av-share-box-list noLightbox'><li class='av-share-link av-social-link-facebook' ><a target=\"_blank\" aria-label=\"Compartir en Facebook\" href='https:\/\/www.facebook.com\/sharer.php?u=https:\/\/radiorevelacionfm.cl\/?p=52773&#038;t=Abrirse%20al%20mundo%3A%20el%20desaf%C3%ADo%20de%20la%20regi%C3%B3n%20de%20Ays%C3%A9n' aria-hidden='false' data-av_icon='\ue8f3' data-av_iconfont='entypo-fontello' title='' data-avia-related-tooltip='Compartir en Facebook' rel=\"noopener\"><span class='avia_hidden_link_text'>Compartir en Facebook<\/span><\/a><\/li><li class='av-share-link av-social-link-twitter' ><a target=\"_blank\" aria-label=\"Compartir en Twitter\" href='https:\/\/twitter.com\/share?text=Abrirse%20al%20mundo%3A%20el%20desaf%C3%ADo%20de%20la%20regi%C3%B3n%20de%20Ays%C3%A9n&#038;url=https:\/\/radiorevelacionfm.cl\/?p=52773' aria-hidden='false' data-av_icon='\ue8f1' data-av_iconfont='entypo-fontello' title='' data-avia-related-tooltip='Compartir en Twitter' rel=\"noopener\"><span class='avia_hidden_link_text'>Compartir en Twitter<\/span><\/a><\/li><li class='av-share-link av-social-link-whatsapp' ><a target=\"_blank\" aria-label=\"Compartir en Whatsapp\" href='https:\/\/api.whatsapp.com\/send?text=https:\/\/radiorevelacionfm.cl\/?p=52773' aria-hidden='false' data-av_icon='\uf232' data-av_iconfont='entypo-fontello' title='' data-avia-related-tooltip='Compartir en Whatsapp' rel=\"noopener\"><span class='avia_hidden_link_text'>Compartir en Whatsapp<\/span><\/a><\/li><li class='av-share-link av-social-link-linkedin' ><a target=\"_blank\" aria-label=\"Compartir en LinkedIn\" href='https:\/\/linkedin.com\/shareArticle?mini=true&#038;title=Abrirse%20al%20mundo%3A%20el%20desaf%C3%ADo%20de%20la%20regi%C3%B3n%20de%20Ays%C3%A9n&#038;url=https:\/\/radiorevelacionfm.cl\/?p=52773' aria-hidden='false' data-av_icon='\ue8fc' data-av_iconfont='entypo-fontello' title='' data-avia-related-tooltip='Compartir en LinkedIn' rel=\"noopener\"><span class='avia_hidden_link_text'>Compartir en LinkedIn<\/span><\/a><\/li><li class='av-share-link av-social-link-mail' ><a  aria-label=\"Compartir por correo\" href='mailto:?subject=Abrirse%20al%20mundo%3A%20el%20desaf%C3%ADo%20de%20la%20regi%C3%B3n%20de%20Ays%C3%A9n&#038;body=https:\/\/radiorevelacionfm.cl\/?p=52773' aria-hidden='false' data-av_icon='\ue805' data-av_iconfont='entypo-fontello' title='' data-avia-related-tooltip='Compartir por correo'><span class='avia_hidden_link_text'>Compartir por correo<\/span><\/a><\/li><\/ul><\/div><\/div>\n<div  style='height:50px' class='hr hr-invisible   avia-builder-el-8  el_after_av_social_share  el_before_av_comments_list '><span class='hr-inner ' ><span class='hr-inner-style'><\/span><\/span><\/div>\n<div  class='av-buildercomment  av-blog-meta-html-info-disabled av-blog-meta-tag-disabled  '><\/div>\n","protected":false},"excerpt":{"rendered":"","protected":false},"author":1,"featured_media":52775,"comment_status":"closed","ping_status":"closed","sticky":false,"template":"","format":"standard","meta":{"footnotes":""},"categories":[38],"tags":[],"class_list":["post-52773","post","type-post","status-publish","format-standard","has-post-thumbnail","hentry","category-regional"],"jetpack_featured_media_url":"https:\/\/radiorevelacionfm.cl\/wp-content\/uploads\/2025\/04\/Nota1-1-1-1.jpg","_links":{"self":[{"href":"https:\/\/radiorevelacionfm.cl\/index.php?rest_route=\/wp\/v2\/posts\/52773","targetHints":{"allow":["GET"]}}],"collection":[{"href":"https:\/\/radiorevelacionfm.cl\/index.php?rest_route=\/wp\/v2\/posts"}],"about":[{"href":"https:\/\/radiorevelacionfm.cl\/index.php?rest_route=\/wp\/v2\/types\/post"}],"author":[{"embeddable":true,"href":"https:\/\/radiorevelacionfm.cl\/index.php?rest_route=\/wp\/v2\/users\/1"}],"replies":[{"embeddable":true,"href":"https:\/\/radiorevelacionfm.cl\/index.php?rest_route=%2Fwp%2Fv2%2Fcomments&post=52773"}],"version-history":[{"count":2,"href":"https:\/\/radiorevelacionfm.cl\/index.php?rest_route=\/wp\/v2\/posts\/52773\/revisions"}],"predecessor-version":[{"id":52825,"href":"https:\/\/radiorevelacionfm.cl\/index.php?rest_route=\/wp\/v2\/posts\/52773\/revisions\/52825"}],"wp:featuredmedia":[{"embeddable":true,"href":"https:\/\/radiorevelacionfm.cl\/index.php?rest_route=\/wp\/v2\/media\/52775"}],"wp:attachment":[{"href":"https:\/\/radiorevelacionfm.cl\/index.php?rest_route=%2Fwp%2Fv2%2Fmedia&parent=52773"}],"wp:term":[{"taxonomy":"category","embeddable":true,"href":"https:\/\/radiorevelacionfm.cl\/index.php?rest_route=%2Fwp%2Fv2%2Fcategories&post=52773"},{"taxonomy":"post_tag","embeddable":true,"href":"https:\/\/radiorevelacionfm.cl\/index.php?rest_route=%2Fwp%2Fv2%2Ftags&post=52773"}],"curies":[{"name":"wp","href":"https:\/\/api.w.org\/{rel}","templated":true}]}}