{"id":52769,"date":"2025-04-16T18:08:28","date_gmt":"2025-04-16T21:08:28","guid":{"rendered":"https:\/\/radiorevelacionfm.cl\/?p=52769"},"modified":"2025-04-16T18:08:28","modified_gmt":"2025-04-16T21:08:28","slug":"red-asistencial-despliega-sus-servicios-en-toda-la-region-este-fin-de-semana-santa","status":"publish","type":"post","link":"https:\/\/radiorevelacionfm.cl\/?p=52769","title":{"rendered":"Red Asistencial despliega sus servicios en toda la regi\u00f3n este fin de Semana Santa"},"content":{"rendered":"<div class=\"flex_column av_one_full  flex_column_div av-zero-column-padding first  avia-builder-el-0  el_before_av_one_full  avia-builder-el-first  \" style='border-radius:0px; '><div  class='avia-image-container  av-styling-    avia-builder-el-1  avia-builder-el-no-sibling  avia-align-center '  itemprop=\"image\" itemscope=\"itemscope\" itemtype=\"https:\/\/schema.org\/ImageObject\"  ><div class='avia-image-container-inner'><div class='avia-image-overlay-wrap'><img decoding=\"async\" class='wp-image-52770 avia-img-lazy-loading-not-52770 avia_image' src=\"https:\/\/radiorevelacionfm.cl\/wp-content\/uploads\/2025\/04\/SEMANA-SANTA-4-1-1.jpeg\" alt='' title='SEMANA SANTA (4) (1) (1)' height=\"600\" width=\"900\"  itemprop=\"thumbnailUrl\" srcset=\"https:\/\/radiorevelacionfm.cl\/wp-content\/uploads\/2025\/04\/SEMANA-SANTA-4-1-1.jpeg 900w, https:\/\/radiorevelacionfm.cl\/wp-content\/uploads\/2025\/04\/SEMANA-SANTA-4-1-1-300x200.jpeg 300w, https:\/\/radiorevelacionfm.cl\/wp-content\/uploads\/2025\/04\/SEMANA-SANTA-4-1-1-768x512.jpeg 768w, https:\/\/radiorevelacionfm.cl\/wp-content\/uploads\/2025\/04\/SEMANA-SANTA-4-1-1-705x470.jpeg 705w, https:\/\/radiorevelacionfm.cl\/wp-content\/uploads\/2025\/04\/SEMANA-SANTA-4-1-1-450x300.jpeg 450w, https:\/\/radiorevelacionfm.cl\/wp-content\/uploads\/2025\/04\/SEMANA-SANTA-4-1-1-600x400.jpeg 600w\" sizes=\"(max-width: 900px) 100vw, 900px\" \/><\/div><\/div><\/div><\/div><div class=\"flex_column av_one_full  flex_column_div av-zero-column-padding first  avia-builder-el-2  el_after_av_one_full  el_before_av_one_full  column-top-margin\" style='border-radius:0px; '><section class=\"av_textblock_section \"  itemscope=\"itemscope\" itemtype=\"https:\/\/schema.org\/BlogPosting\" itemprop=\"blogPost\" ><div class='avia_textblock  '   itemprop=\"text\" ><p style=\"text-align: center;\"><span style=\"font-size: 18pt;\"><b>Red Asistencial despliega sus servicios en toda la regi\u00f3n este fin de Semana Santa<\/b><\/span><\/p>\n<div id=\"gtx-trans\" style=\"position: absolute; left: -50px; top: 4.31534px;\">\n<div class=\"gtx-trans-icon\"><\/div>\n<\/div>\n<\/div><\/section><\/div><div class=\"flex_column av_one_full  flex_column_div av-zero-column-padding first  avia-builder-el-4  el_after_av_one_full  el_before_av_hr  column-top-margin\" style='border-radius:0px; '><section class=\"av_textblock_section \"  itemscope=\"itemscope\" itemtype=\"https:\/\/schema.org\/BlogPosting\" itemprop=\"blogPost\" ><div class='avia_textblock  '   itemprop=\"text\" ><p style=\"font-weight: 400; text-align: justify;\">En el CESFAM Dr. Alejandro Guti\u00e9rrez de Coyhaique, las autoridades del sector Salud informaron acerca de la preparaci\u00f3n de la Red Asistencial del Servicio de Salud Ays\u00e9n para este fin de semana largo y a la vez, realizaron recomendaciones para prevenir enfermedades gastrointestinales o accidentes.<\/p>\n<p style=\"font-weight: 400; text-align: justify;\">En ese sentido Juan Pablo Bravo, director del Servicio de Salud Ays\u00e9n, precis\u00f3 que toda la Red de Urgencia funcionar\u00e1 normalmente para este fin de semana largo. \u201cLos dispositivos de urgencia a lo largo de la Red, de los hospitales comunitarios, del hospital de Ays\u00e9n van a funcionar en caso de cualquier emergencia que tengan nuestros usuarios. Tambi\u00e9n estar\u00e1 el 131 del SAMU, por eso llamar a la responsabilidad, a manejar con cuidado y el autocuidado para no requerir los dispositivos de urgencia\u201d, se\u00f1al\u00f3.<\/p>\n<p style=\"font-weight: 400; text-align: justify;\">Cabe se\u00f1alar que el Consultorio V\u00edctor Domingo Silva reforzar\u00e1 las atenciones para el d\u00eda jueves con telemorbilidad y los cupos de morbilidad presencial. En cuanto a pacientes con curaciones, se citar\u00e1n a los usuarios para el lunes y en casos m\u00e1s severos ser\u00e1n derivados al SAPU.<\/p>\n<p style=\"font-weight: 400; text-align: justify;\">\u201cSi tienen alguna sintomatolog\u00eda que puedan manejar y noten que no es de criticidad al punto de tener que llegar a un dispositivo de alta resolutividad usen los dispositivos de mediana complejidad, como por ejemplo la urgencia del Consultorio Alejandro Guti\u00e9rrez\u201d, dijo Daniel Jara, director (s) del Hospital Regional Coyhaique (HRC).<\/p>\n<p style=\"font-weight: 400; text-align: justify;\">En el caso de los pacientes de baja complejidad (C4 y C5), el llamado es que se acerquen a los dispositivos de Atenci\u00f3n Primaria (SAPU). Cabe se\u00f1alar que el HRC cuenta con urgencias diferenciadas para Urgencia Adulto, Urgencia Pedi\u00e1trica y Urgencia Gineco obst\u00e9trica.<\/p>\n<p style=\"font-weight: 400; text-align: justify;\">\u201cNuestro dispositivo SAPU funcionar\u00e1 de manera normal, como lo hace los fines de semana y festivos, eso quiere decir con un horario de doce del d\u00eda a doce de la noche, con m\u00e9dico, enfermera que hace procedimientos y curaciones avanzadas y tambi\u00e9n vamos a tener la extensi\u00f3n horaria de urgencias odontol\u00f3gicas\u201d, acot\u00f3 Carlos P\u00e9rez, director del CESFAM Dr. Alejandro Guti\u00e9rrez.<\/p>\n<p style=\"font-weight: 400; text-align: justify;\">Mientras tambi\u00e9n existir\u00e1 un punto de vacunaci\u00f3n este viernes 18 de abril, de 10 a 14 horas en el CESFAM Dr. Alejandro Guti\u00e9rrez, para todas las personas que son parte de los grupos objetivos de las vacunas contra la Influenza y Covid-19.<\/p>\n<p style=\"font-weight: 400; text-align: justify;\">Lorena Velasco, Jefa SAMU, puntualiz\u00f3 que \u201cel llamado es a hacer un buen uso del 131, dondequiera que se encuentren a nivel regional en caso de alguna emergencia como intoxicaci\u00f3n, mareo, n\u00e1useas relacionadas con el consumo de mariscos , insuficiencia o dificultad respiratoria o accidentes de tr\u00e1nsito sin duda llamar a esta l\u00ednea y en cada dispositivo de Coyhaique, La Junta, Melinka, Villa O\u2019Higgins, Cochrane, Tortel contamos con m\u00f3viles que son despachadas, seg\u00fan el tipo de urgencia y requerimiento de la comunidad\u201d, subray\u00f3.<\/p>\n<p style=\"font-weight: 400; text-align: justify;\">Cabe destacar que el SAMU modula la demanda a trav\u00e9s del Centro Regulador, donde hay personal m\u00e9dico, radioperadores que reciben llamadas de toda la regi\u00f3n lo que permite obtener una visi\u00f3n regional de las emergencias y as\u00ed derivar oportunamente para una r\u00e1pida y oportuna atenci\u00f3n.<\/p>\n<p style=\"font-weight: 400; text-align: justify;\">\u201cTenemos equipos completos dispuestos desde Melinka y La Junta por el norte hasta Villa O\u2019Higgins por el sur, que nos permiten a la poblaci\u00f3n transmitir tranquilidad de que conmemoren esta festividad y recogimiento de este fin de semana de la manera m\u00e1s tranquila posible, con la confianza que los dispositivos est\u00e1n totalmente equipados y con todo nuestro personal, desde auxiliares, t\u00e9cnicos, enfermeros, profesionales y m\u00e9dicos a su disposici\u00f3n\u201d, cerr\u00f3 el Dr. Rodrigo Verdugo, Sub director de Gesti\u00f3n Asistencial.<\/p>\n<p style=\"font-weight: 400; text-align: justify;\"><strong>Consuma con responsabilidad<\/strong><\/p>\n<p style=\"font-weight: 400; text-align: justify;\">Es importante destacar que en esta fecha se incrementa de forma importante el consumo de mariscos y pescados, por eso desde la Autoridad Sanitaria hicieron un llamado a evitar intoxicaciones. \u201cAumenta el consumo de productos del mar y particularmente de mariscos y sumado a eso que en nuestra regi\u00f3n tenemos la floraci\u00f3n de forma end\u00e9mica algal masiva, que durante este \u00faltimo a\u00f1o y que los monitoreos indican que hay un aumento de estas toxinas en el litoral, por lo tanto, resulta fundamental reforzar la compra de productos solo en lugares autorizados, porque (\u2026) analizados por el laboratorio de salud p\u00fablica y ambiental de la Seremi\u201d, manifest\u00f3 Carmen Monsalve, Seremi de Salud Ays\u00e9n.<\/p>\n<\/div><\/section><\/div><div  style='height:50px' class='hr hr-invisible   avia-builder-el-6  el_after_av_one_full  el_before_av_social_share '><span class='hr-inner ' ><span class='hr-inner-style'><\/span><\/span><\/div><\/p>\n<div  class='av-social-sharing-box  avia-builder-el-7  el_after_av_hr  el_before_av_hr  '><div class='av-share-box'><h5 class='av-share-link-description av-no-toc '>Compartir esta noticia<\/h5><ul class='av-share-box-list noLightbox'><li class='av-share-link av-social-link-facebook' ><a target=\"_blank\" aria-label=\"Compartir en Facebook\" href='https:\/\/www.facebook.com\/sharer.php?u=https:\/\/radiorevelacionfm.cl\/?p=52769&#038;t=Red%20Asistencial%20despliega%20sus%20servicios%20en%20toda%20la%20regi%C3%B3n%20este%20fin%20de%20Semana%20Santa' aria-hidden='false' data-av_icon='\ue8f3' data-av_iconfont='entypo-fontello' title='' data-avia-related-tooltip='Compartir en Facebook' rel=\"noopener\"><span class='avia_hidden_link_text'>Compartir en Facebook<\/span><\/a><\/li><li class='av-share-link av-social-link-twitter' ><a target=\"_blank\" aria-label=\"Compartir en Twitter\" href='https:\/\/twitter.com\/share?text=Red%20Asistencial%20despliega%20sus%20servicios%20en%20toda%20la%20regi%C3%B3n%20este%20fin%20de%20Semana%20Santa&#038;url=https:\/\/radiorevelacionfm.cl\/?p=52769' aria-hidden='false' data-av_icon='\ue8f1' data-av_iconfont='entypo-fontello' title='' data-avia-related-tooltip='Compartir en Twitter' rel=\"noopener\"><span class='avia_hidden_link_text'>Compartir en Twitter<\/span><\/a><\/li><li class='av-share-link av-social-link-whatsapp' ><a target=\"_blank\" aria-label=\"Compartir en Whatsapp\" href='https:\/\/api.whatsapp.com\/send?text=https:\/\/radiorevelacionfm.cl\/?p=52769' aria-hidden='false' data-av_icon='\uf232' data-av_iconfont='entypo-fontello' title='' data-avia-related-tooltip='Compartir en Whatsapp' rel=\"noopener\"><span class='avia_hidden_link_text'>Compartir en Whatsapp<\/span><\/a><\/li><li class='av-share-link av-social-link-linkedin' ><a target=\"_blank\" aria-label=\"Compartir en LinkedIn\" href='https:\/\/linkedin.com\/shareArticle?mini=true&#038;title=Red%20Asistencial%20despliega%20sus%20servicios%20en%20toda%20la%20regi%C3%B3n%20este%20fin%20de%20Semana%20Santa&#038;url=https:\/\/radiorevelacionfm.cl\/?p=52769' aria-hidden='false' data-av_icon='\ue8fc' data-av_iconfont='entypo-fontello' title='' data-avia-related-tooltip='Compartir en LinkedIn' rel=\"noopener\"><span class='avia_hidden_link_text'>Compartir en LinkedIn<\/span><\/a><\/li><li class='av-share-link av-social-link-mail' ><a  aria-label=\"Compartir por correo\" href='mailto:?subject=Red%20Asistencial%20despliega%20sus%20servicios%20en%20toda%20la%20regi%C3%B3n%20este%20fin%20de%20Semana%20Santa&#038;body=https:\/\/radiorevelacionfm.cl\/?p=52769' aria-hidden='false' data-av_icon='\ue805' data-av_iconfont='entypo-fontello' title='' data-avia-related-tooltip='Compartir por correo'><span class='avia_hidden_link_text'>Compartir por correo<\/span><\/a><\/li><\/ul><\/div><\/div>\n<div  style='height:50px' class='hr hr-invisible   avia-builder-el-8  el_after_av_social_share  el_before_av_comments_list '><span class='hr-inner ' ><span class='hr-inner-style'><\/span><\/span><\/div>\n<div  class='av-buildercomment  av-blog-meta-html-info-disabled av-blog-meta-tag-disabled  '><\/div>\n","protected":false},"excerpt":{"rendered":"","protected":false},"author":1,"featured_media":52770,"comment_status":"closed","ping_status":"closed","sticky":false,"template":"","format":"standard","meta":{"footnotes":""},"categories":[46],"tags":[],"class_list":["post-52769","post","type-post","status-publish","format-standard","has-post-thumbnail","hentry","category-salud"],"jetpack_featured_media_url":"https:\/\/radiorevelacionfm.cl\/wp-content\/uploads\/2025\/04\/SEMANA-SANTA-4-1-1.jpeg","_links":{"self":[{"href":"https:\/\/radiorevelacionfm.cl\/index.php?rest_route=\/wp\/v2\/posts\/52769","targetHints":{"allow":["GET"]}}],"collection":[{"href":"https:\/\/radiorevelacionfm.cl\/index.php?rest_route=\/wp\/v2\/posts"}],"about":[{"href":"https:\/\/radiorevelacionfm.cl\/index.php?rest_route=\/wp\/v2\/types\/post"}],"author":[{"embeddable":true,"href":"https:\/\/radiorevelacionfm.cl\/index.php?rest_route=\/wp\/v2\/users\/1"}],"replies":[{"embeddable":true,"href":"https:\/\/radiorevelacionfm.cl\/index.php?rest_route=%2Fwp%2Fv2%2Fcomments&post=52769"}],"version-history":[{"count":2,"href":"https:\/\/radiorevelacionfm.cl\/index.php?rest_route=\/wp\/v2\/posts\/52769\/revisions"}],"predecessor-version":[{"id":52783,"href":"https:\/\/radiorevelacionfm.cl\/index.php?rest_route=\/wp\/v2\/posts\/52769\/revisions\/52783"}],"wp:featuredmedia":[{"embeddable":true,"href":"https:\/\/radiorevelacionfm.cl\/index.php?rest_route=\/wp\/v2\/media\/52770"}],"wp:attachment":[{"href":"https:\/\/radiorevelacionfm.cl\/index.php?rest_route=%2Fwp%2Fv2%2Fmedia&parent=52769"}],"wp:term":[{"taxonomy":"category","embeddable":true,"href":"https:\/\/radiorevelacionfm.cl\/index.php?rest_route=%2Fwp%2Fv2%2Fcategories&post=52769"},{"taxonomy":"post_tag","embeddable":true,"href":"https:\/\/radiorevelacionfm.cl\/index.php?rest_route=%2Fwp%2Fv2%2Ftags&post=52769"}],"curies":[{"name":"wp","href":"https:\/\/api.w.org\/{rel}","templated":true}]}}