{"id":52762,"date":"2025-04-17T10:21:03","date_gmt":"2025-04-17T13:21:03","guid":{"rendered":"https:\/\/radiorevelacionfm.cl\/?p=52762"},"modified":"2025-04-17T10:21:03","modified_gmt":"2025-04-17T13:21:03","slug":"con-conversatorio-y-microdocumental-continua-proceso-de-sensibilizacion-sobre-contaminacion-en-alto-manihuales","status":"publish","type":"post","link":"https:\/\/radiorevelacionfm.cl\/?p=52762","title":{"rendered":"Con conversatorio y microdocumental contin\u00faa proceso de sensibilizaci\u00f3n sobre contaminaci\u00f3n en Alto Ma\u00f1ihuales"},"content":{"rendered":"<div class=\"flex_column av_one_full  flex_column_div av-zero-column-padding first  avia-builder-el-0  el_before_av_one_full  avia-builder-el-first  \" style='border-radius:0px; '><div  class='avia-image-container  av-styling-    avia-builder-el-1  avia-builder-el-no-sibling  avia-align-center '  itemprop=\"image\" itemscope=\"itemscope\" itemtype=\"https:\/\/schema.org\/ImageObject\"  ><div class='avia-image-container-inner'><div class='avia-image-overlay-wrap'><img decoding=\"async\" class='wp-image-52763 avia-img-lazy-loading-not-52763 avia_image' src=\"https:\/\/radiorevelacionfm.cl\/wp-content\/uploads\/2025\/04\/img_7489-1_optimized-1.jpg\" alt='' title='img_7489-(1)_optimized (1)' height=\"600\" width=\"1110\"  itemprop=\"thumbnailUrl\" srcset=\"https:\/\/radiorevelacionfm.cl\/wp-content\/uploads\/2025\/04\/img_7489-1_optimized-1.jpg 1110w, https:\/\/radiorevelacionfm.cl\/wp-content\/uploads\/2025\/04\/img_7489-1_optimized-1-300x162.jpg 300w, https:\/\/radiorevelacionfm.cl\/wp-content\/uploads\/2025\/04\/img_7489-1_optimized-1-1030x557.jpg 1030w, https:\/\/radiorevelacionfm.cl\/wp-content\/uploads\/2025\/04\/img_7489-1_optimized-1-768x415.jpg 768w, https:\/\/radiorevelacionfm.cl\/wp-content\/uploads\/2025\/04\/img_7489-1_optimized-1-705x381.jpg 705w, https:\/\/radiorevelacionfm.cl\/wp-content\/uploads\/2025\/04\/img_7489-1_optimized-1-450x243.jpg 450w, https:\/\/radiorevelacionfm.cl\/wp-content\/uploads\/2025\/04\/img_7489-1_optimized-1-600x324.jpg 600w\" sizes=\"(max-width: 1110px) 100vw, 1110px\" \/><\/div><\/div><\/div><\/div><div class=\"flex_column av_one_full  flex_column_div av-zero-column-padding first  avia-builder-el-2  el_after_av_one_full  el_before_av_one_full  column-top-margin\" style='border-radius:0px; '><section class=\"av_textblock_section \"  itemscope=\"itemscope\" itemtype=\"https:\/\/schema.org\/BlogPosting\" itemprop=\"blogPost\" ><div class='avia_textblock  '   itemprop=\"text\" ><p style=\"text-align: center;\"><span style=\"font-size: 18pt;\"><b>Con conversatorio y microdocumental contin\u00faa proceso de sensibilizaci\u00f3n sobre contaminaci\u00f3n en Alto Ma\u00f1ihuales<\/b><\/span><\/p>\n<div id=\"gtx-trans\" style=\"position: absolute; left: -50px; top: 4.31534px;\">\n<div class=\"gtx-trans-icon\"><\/div>\n<\/div>\n<\/div><\/section><\/div><div class=\"flex_column av_one_full  flex_column_div av-zero-column-padding first  avia-builder-el-4  el_after_av_one_full  el_before_av_hr  column-top-margin\" style='border-radius:0px; '><section class=\"av_textblock_section \"  itemscope=\"itemscope\" itemtype=\"https:\/\/schema.org\/BlogPosting\" itemprop=\"blogPost\" ><div class='avia_textblock  '   itemprop=\"text\" ><p><i>Se realiz\u00f3 en Coyhaique actividad que forma parte de las distintas acciones que se est\u00e1n desarrollando para informar sobre situaciones cr\u00edticas en materia medioambiental y de salud p\u00fablica.<\/i><\/p>\n<p class=\"v1MsoNormal\" style=\"text-align: justify;\">Un fruct\u00edfero di\u00e1logo sobre los problemas de contaminaci\u00f3n minera en Alto Ma\u00f1ihuales se vivi\u00f3 el jueves 10 de abril en la sede de la Asociaci\u00f3n Nacional de Empleados Fiscales (ANEF), hasta donde concurrieron decenas de personas para informarse sobre esta situaci\u00f3n.<\/p>\n<p class=\"v1MsoNormal\" style=\"text-align: justify;\">La actividad fue organizada por la Corporaci\u00f3n Privada para el Desarrollo de Ays\u00e9n junto a la Red de Defensa y Protecci\u00f3n del Territorio Patagonia-Ays\u00e9n.\u00a0\u00a0Esto, con el fin de revelar la grave vulneraci\u00f3n de derechos humanos que viven vecinos del sector producto de las operaciones hist\u00f3ricas de mina El Toqui, hoy propiedad de Compa\u00f1\u00eda Minera Pac\u00edfico del Sur.<\/p>\n<p class=\"v1MsoNormal\" style=\"text-align: justify;\">En la ocasi\u00f3n se present\u00f3 el microdocumental \u00abAguas Negras\u00bb (de 6 minutos), que recoge el audio de una reuni\u00f3n realizada en 2015 en Alto Ma\u00f1ihuales, la cual se complementa con im\u00e1genes de pobladores y de los sectores afectados.\u00a0\u00a0\u00a0En ella es posible escuchar la preocupaci\u00f3n de los vecinos que, a trav\u00e9s de dram\u00e1ticos testimonios, dan cuenta de los graves problemas de salud y afectaci\u00f3n productiva que han debido vivir por las operaciones de 40 a\u00f1os de miner\u00eda.<\/p>\n<p class=\"v1MsoNormal\" style=\"text-align: justify;\">El presidente de CODESA, Erwin Sandoval Gallardo, expuso \u00abZona de sacrificio: Impacto minero en Alto Ma\u00f1ihuales\u00bb, a trav\u00e9s de la cual inform\u00f3 sobre la historia ambiental y de salud p\u00fablica del territorio, y la falta de diligencia que los organismos del Estado han tenido en esta materia.\u00a0\u00a0Esto, dado que desde hace m\u00e1s de una d\u00e9cada se sabe de los altos niveles de plomo, mercurio y ars\u00e9nico que presentan en la sangre los pobladores y el ganado, al igual que en agua y suelo.\u00a0\u00a0Sin embargo, no ha existido desde la institucionalidad p\u00fablica un compromiso concreto para superar esta situaci\u00f3n.\u00a0\u00a0Incluso al contrario, se ha apoyado en distintos momentos e instancias que la miner\u00eda siga extendi\u00e9ndose.<\/p>\n<p class=\"v1MsoNormal\" style=\"text-align: justify;\">Desde las organizaciones se inform\u00f3 que es \u00e9sta una de las actividades que se ir\u00e1n desarrollando con el fin de sensibilizar a la ciudadan\u00eda sobre el problema que vive la comunidad de Alto Ma\u00f1ihuales.<\/p>\n<\/div><\/section><\/div><div  style='height:50px' class='hr hr-invisible   avia-builder-el-6  el_after_av_one_full  el_before_av_social_share '><span class='hr-inner ' ><span class='hr-inner-style'><\/span><\/span><\/div><\/p>\n<div  class='av-social-sharing-box  avia-builder-el-7  el_after_av_hr  el_before_av_hr  '><div class='av-share-box'><h5 class='av-share-link-description av-no-toc '>Compartir esta noticia<\/h5><ul class='av-share-box-list noLightbox'><li class='av-share-link av-social-link-facebook' ><a target=\"_blank\" aria-label=\"Compartir en Facebook\" href='https:\/\/www.facebook.com\/sharer.php?u=https:\/\/radiorevelacionfm.cl\/?p=52762&#038;t=Con%20conversatorio%20y%20microdocumental%20contin%C3%BAa%20proceso%20de%20sensibilizaci%C3%B3n%20sobre%20contaminaci%C3%B3n%20en%20Alto%20Ma%C3%B1ihuales' aria-hidden='false' data-av_icon='\ue8f3' data-av_iconfont='entypo-fontello' title='' data-avia-related-tooltip='Compartir en Facebook' rel=\"noopener\"><span class='avia_hidden_link_text'>Compartir en Facebook<\/span><\/a><\/li><li class='av-share-link av-social-link-twitter' ><a target=\"_blank\" aria-label=\"Compartir en Twitter\" href='https:\/\/twitter.com\/share?text=Con%20conversatorio%20y%20microdocumental%20contin%C3%BAa%20proceso%20de%20sensibilizaci%C3%B3n%20sobre%20contaminaci%C3%B3n%20en%20Alto%20Ma%C3%B1ihuales&#038;url=https:\/\/radiorevelacionfm.cl\/?p=52762' aria-hidden='false' data-av_icon='\ue8f1' data-av_iconfont='entypo-fontello' title='' data-avia-related-tooltip='Compartir en Twitter' rel=\"noopener\"><span class='avia_hidden_link_text'>Compartir en Twitter<\/span><\/a><\/li><li class='av-share-link av-social-link-whatsapp' ><a target=\"_blank\" aria-label=\"Compartir en Whatsapp\" href='https:\/\/api.whatsapp.com\/send?text=https:\/\/radiorevelacionfm.cl\/?p=52762' aria-hidden='false' data-av_icon='\uf232' data-av_iconfont='entypo-fontello' title='' data-avia-related-tooltip='Compartir en Whatsapp' rel=\"noopener\"><span class='avia_hidden_link_text'>Compartir en Whatsapp<\/span><\/a><\/li><li class='av-share-link av-social-link-linkedin' ><a target=\"_blank\" aria-label=\"Compartir en LinkedIn\" href='https:\/\/linkedin.com\/shareArticle?mini=true&#038;title=Con%20conversatorio%20y%20microdocumental%20contin%C3%BAa%20proceso%20de%20sensibilizaci%C3%B3n%20sobre%20contaminaci%C3%B3n%20en%20Alto%20Ma%C3%B1ihuales&#038;url=https:\/\/radiorevelacionfm.cl\/?p=52762' aria-hidden='false' data-av_icon='\ue8fc' data-av_iconfont='entypo-fontello' title='' data-avia-related-tooltip='Compartir en LinkedIn' rel=\"noopener\"><span class='avia_hidden_link_text'>Compartir en LinkedIn<\/span><\/a><\/li><li class='av-share-link av-social-link-mail' ><a  aria-label=\"Compartir por correo\" href='mailto:?subject=Con%20conversatorio%20y%20microdocumental%20contin%C3%BAa%20proceso%20de%20sensibilizaci%C3%B3n%20sobre%20contaminaci%C3%B3n%20en%20Alto%20Ma%C3%B1ihuales&#038;body=https:\/\/radiorevelacionfm.cl\/?p=52762' aria-hidden='false' data-av_icon='\ue805' data-av_iconfont='entypo-fontello' title='' data-avia-related-tooltip='Compartir por correo'><span class='avia_hidden_link_text'>Compartir por correo<\/span><\/a><\/li><\/ul><\/div><\/div>\n<div  style='height:50px' class='hr hr-invisible   avia-builder-el-8  el_after_av_social_share  el_before_av_comments_list '><span class='hr-inner ' ><span class='hr-inner-style'><\/span><\/span><\/div>\n<div  class='av-buildercomment  av-blog-meta-html-info-disabled av-blog-meta-tag-disabled  '><\/div>\n","protected":false},"excerpt":{"rendered":"","protected":false},"author":1,"featured_media":52763,"comment_status":"closed","ping_status":"closed","sticky":false,"template":"","format":"standard","meta":{"footnotes":""},"categories":[39],"tags":[],"class_list":["post-52762","post","type-post","status-publish","format-standard","has-post-thumbnail","hentry","category-medio-ambiente"],"jetpack_featured_media_url":"https:\/\/radiorevelacionfm.cl\/wp-content\/uploads\/2025\/04\/img_7489-1_optimized-1.jpg","_links":{"self":[{"href":"https:\/\/radiorevelacionfm.cl\/index.php?rest_route=\/wp\/v2\/posts\/52762","targetHints":{"allow":["GET"]}}],"collection":[{"href":"https:\/\/radiorevelacionfm.cl\/index.php?rest_route=\/wp\/v2\/posts"}],"about":[{"href":"https:\/\/radiorevelacionfm.cl\/index.php?rest_route=\/wp\/v2\/types\/post"}],"author":[{"embeddable":true,"href":"https:\/\/radiorevelacionfm.cl\/index.php?rest_route=\/wp\/v2\/users\/1"}],"replies":[{"embeddable":true,"href":"https:\/\/radiorevelacionfm.cl\/index.php?rest_route=%2Fwp%2Fv2%2Fcomments&post=52762"}],"version-history":[{"count":2,"href":"https:\/\/radiorevelacionfm.cl\/index.php?rest_route=\/wp\/v2\/posts\/52762\/revisions"}],"predecessor-version":[{"id":52800,"href":"https:\/\/radiorevelacionfm.cl\/index.php?rest_route=\/wp\/v2\/posts\/52762\/revisions\/52800"}],"wp:featuredmedia":[{"embeddable":true,"href":"https:\/\/radiorevelacionfm.cl\/index.php?rest_route=\/wp\/v2\/media\/52763"}],"wp:attachment":[{"href":"https:\/\/radiorevelacionfm.cl\/index.php?rest_route=%2Fwp%2Fv2%2Fmedia&parent=52762"}],"wp:term":[{"taxonomy":"category","embeddable":true,"href":"https:\/\/radiorevelacionfm.cl\/index.php?rest_route=%2Fwp%2Fv2%2Fcategories&post=52762"},{"taxonomy":"post_tag","embeddable":true,"href":"https:\/\/radiorevelacionfm.cl\/index.php?rest_route=%2Fwp%2Fv2%2Ftags&post=52762"}],"curies":[{"name":"wp","href":"https:\/\/api.w.org\/{rel}","templated":true}]}}