{"id":52758,"date":"2025-04-16T16:36:25","date_gmt":"2025-04-16T19:36:25","guid":{"rendered":"https:\/\/radiorevelacionfm.cl\/?p=52758"},"modified":"2025-04-16T16:36:25","modified_gmt":"2025-04-16T19:36:25","slug":"en-coyhaique-personas-cuidadoras-valoran-positivamente-intervencion-del-programa-accion-del-fosis","status":"publish","type":"post","link":"https:\/\/radiorevelacionfm.cl\/?p=52758","title":{"rendered":"En Coyhaique personas cuidadoras valoran positivamente intervenci\u00f3n del programa Acci\u00f3n del FOSIS"},"content":{"rendered":"<div class=\"flex_column av_one_full  flex_column_div av-zero-column-padding first  avia-builder-el-0  el_before_av_one_full  avia-builder-el-first  \" style='border-radius:0px; '><div  class='avia-image-container  av-styling-    avia-builder-el-1  avia-builder-el-no-sibling  avia-align-center '  itemprop=\"image\" itemscope=\"itemscope\" itemtype=\"https:\/\/schema.org\/ImageObject\"  ><div class='avia-image-container-inner'><div class='avia-image-overlay-wrap'><img decoding=\"async\" class='wp-image-52760 avia-img-lazy-loading-not-52760 avia_image' src=\"https:\/\/radiorevelacionfm.cl\/wp-content\/uploads\/2025\/04\/Programa-Accion-Coyhaique-FOSIS-1-1.jpeg\" alt='' title='Programa Acci\u00f3n Coyhaique FOSIS (1) (1)' height=\"600\" width=\"800\"  itemprop=\"thumbnailUrl\" srcset=\"https:\/\/radiorevelacionfm.cl\/wp-content\/uploads\/2025\/04\/Programa-Accion-Coyhaique-FOSIS-1-1.jpeg 800w, https:\/\/radiorevelacionfm.cl\/wp-content\/uploads\/2025\/04\/Programa-Accion-Coyhaique-FOSIS-1-1-300x225.jpeg 300w, https:\/\/radiorevelacionfm.cl\/wp-content\/uploads\/2025\/04\/Programa-Accion-Coyhaique-FOSIS-1-1-768x576.jpeg 768w, https:\/\/radiorevelacionfm.cl\/wp-content\/uploads\/2025\/04\/Programa-Accion-Coyhaique-FOSIS-1-1-705x529.jpeg 705w, https:\/\/radiorevelacionfm.cl\/wp-content\/uploads\/2025\/04\/Programa-Accion-Coyhaique-FOSIS-1-1-450x338.jpeg 450w, https:\/\/radiorevelacionfm.cl\/wp-content\/uploads\/2025\/04\/Programa-Accion-Coyhaique-FOSIS-1-1-600x450.jpeg 600w\" sizes=\"(max-width: 800px) 100vw, 800px\" \/><\/div><\/div><\/div><\/div><div class=\"flex_column av_one_full  flex_column_div av-zero-column-padding first  avia-builder-el-2  el_after_av_one_full  el_before_av_one_full  column-top-margin\" style='border-radius:0px; '><section class=\"av_textblock_section \"  itemscope=\"itemscope\" itemtype=\"https:\/\/schema.org\/BlogPosting\" itemprop=\"blogPost\" ><div class='avia_textblock  '   itemprop=\"text\" ><p style=\"text-align: center;\"><strong><span style=\"font-size: 18pt;\">En Coyhaique personas cuidadoras valoran positivamente intervenci\u00f3n del programa Acci\u00f3n del FOSIS<\/span><\/strong><\/p>\n<div id=\"gtx-trans\" style=\"position: absolute; left: -50px; top: 4.31534px;\">\n<div class=\"gtx-trans-icon\"><\/div>\n<\/div>\n<\/div><\/section><\/div><div class=\"flex_column av_one_full  flex_column_div av-zero-column-padding first  avia-builder-el-4  el_after_av_one_full  el_before_av_hr  column-top-margin\" style='border-radius:0px; '><section class=\"av_textblock_section \"  itemscope=\"itemscope\" itemtype=\"https:\/\/schema.org\/BlogPosting\" itemprop=\"blogPost\" ><div class='avia_textblock  '   itemprop=\"text\" ><p style=\"text-align: justify;\"><em>Esta instancia program\u00e1tica, de la l\u00ednea de Cohesi\u00f3n Social del FOSIS, permiti\u00f3 desarrollar habilidades para la vida en 73 hogares con presencia ni\u00f1os, ni\u00f1as y\/o adolescentes con alg\u00fan tipo de discapacidad o neurodivergencia.<\/em><\/p>\n<p style=\"text-align: justify;\">Hasta la sede de la JJ.VV. Gabriela Mistral lleg\u00f3 la Seremi de Desarrollo Social y Familia, Karina Acevedo, acompa\u00f1ada por la Directora Regional del FOSIS, Fernanda Leiva, para certificar a parte de las 73 familias de Coyhaique que participaron del programa Acci\u00f3n, financiado por el Fondo de Solidaridad e Inversi\u00f3n Social, FOSIS,<\/p>\n<p style=\"text-align: justify;\">El programa Acci\u00f3n entrega a las familias usuarias capacitaci\u00f3n y financiamiento para implementar planes de trabajo familiar, donde quienes participan priorizan sus necesidades m\u00e1s urgentes como hogar.<\/p>\n<p style=\"text-align: justify;\">Dentro de los contenidos abordados por las familias durante la ejecuci\u00f3n del programa se encuentran tem\u00e1ticas como resoluci\u00f3n de conflictos, empat\u00eda, manejo del estr\u00e9s, autoconocimiento, comunicaci\u00f3n asertiva, manejo de emociones, capacidad para tomar decisiones y comunicaci\u00f3n interpersonal.<\/p>\n<p style=\"text-align: justify;\">Dina Guajardo, usuaria del programa Acci\u00f3n ejecutado en Coyhaique, asegur\u00f3 que \u201cpara mi fue muy enriquecedor todo lo que aprend\u00ed ac\u00e1. Fueron ocho talleres con muchos fundamentos para el aprendizaje como cuidadora. Adquir\u00ed, con los recursos que nos dieron en este programa, muchas cosas para mi nieto, habilitamos su pieza y le qued\u00f3 hermosa. Estoy muy agradecida de lo que me dieron y del aprendizaje que tuve ac\u00e1\u201d.<\/p>\n<p style=\"text-align: justify;\">La Seremi de Desarrollo Social y Familia, Karina Acevedo, destac\u00f3 que \u201cnos reunimos con varias mujeres cuidadoras que dan cuenta de lo beneficioso que fue participar en este programa desde el punto de vista de los aprendizajes que tuvieron y de c\u00f3mo cambio el trato con la familia. Es un desaf\u00edo importante que tenemos como pa\u00eds el que esta pol\u00edtica p\u00fablica de Chile Cuida sea transversal a todas las instituciones del estado y que podamos llegar directamente a las familias, a las personas que cumplen roles de cuidado y a quienes son cuidados\u201d.<\/p>\n<p style=\"text-align: justify;\">Fernanda Leiva, Directora Regional del FOSIS en Ays\u00e9n, asegur\u00f3 que \u201cestuvimos con mujeres que ejercen labores de cuidado en ni\u00f1os, ni\u00f1as o personas con discapacidad o alguna neurodivergencia, dando fin a este proceso de varios meses donde se dieron diferentes talleres para entregar herramientas y habilidades para la vida. Estamos generando estos espacios y oportunidades de trabajo con estas familias para brindarles estrategias que les permitan llevar de buena manera el d\u00eda a d\u00eda y mejorar su calidad de vida en h\u00e1bitos de relaciones humanas, salud mental y diferentes aspectos que se estuvieron trabajando estos meses\u201d.<\/p>\n<p style=\"text-align: justify;\">Acci\u00f3n es parte de los programas la l\u00ednea de Cohesi\u00f3n Social del FOSIS y est\u00e1 orientado a hogares, en este caso particular se trabaj\u00f3 con familias con presencia ni\u00f1os, ni\u00f1as y\/o adolescentes de hasta 18 a\u00f1os con alg\u00fan tipo de discapacidad o neurodivergencia.<\/p>\n<\/div><\/section><\/div><div  style='height:50px' class='hr hr-invisible   avia-builder-el-6  el_after_av_one_full  el_before_av_social_share '><span class='hr-inner ' ><span class='hr-inner-style'><\/span><\/span><\/div><\/p>\n<div  class='av-social-sharing-box  avia-builder-el-7  el_after_av_hr  el_before_av_hr  '><div class='av-share-box'><h5 class='av-share-link-description av-no-toc '>Compartir esta noticia<\/h5><ul class='av-share-box-list noLightbox'><li class='av-share-link av-social-link-facebook' ><a target=\"_blank\" aria-label=\"Compartir en Facebook\" href='https:\/\/www.facebook.com\/sharer.php?u=https:\/\/radiorevelacionfm.cl\/?p=52758&#038;t=En%20Coyhaique%20personas%20cuidadoras%20valoran%20positivamente%20intervenci%C3%B3n%20del%20programa%20Acci%C3%B3n%20del%20FOSIS' aria-hidden='false' data-av_icon='\ue8f3' data-av_iconfont='entypo-fontello' title='' data-avia-related-tooltip='Compartir en Facebook' rel=\"noopener\"><span class='avia_hidden_link_text'>Compartir en Facebook<\/span><\/a><\/li><li class='av-share-link av-social-link-twitter' ><a target=\"_blank\" aria-label=\"Compartir en Twitter\" href='https:\/\/twitter.com\/share?text=En%20Coyhaique%20personas%20cuidadoras%20valoran%20positivamente%20intervenci%C3%B3n%20del%20programa%20Acci%C3%B3n%20del%20FOSIS&#038;url=https:\/\/radiorevelacionfm.cl\/?p=52758' aria-hidden='false' data-av_icon='\ue8f1' data-av_iconfont='entypo-fontello' title='' data-avia-related-tooltip='Compartir en Twitter' rel=\"noopener\"><span class='avia_hidden_link_text'>Compartir en Twitter<\/span><\/a><\/li><li class='av-share-link av-social-link-whatsapp' ><a target=\"_blank\" aria-label=\"Compartir en Whatsapp\" href='https:\/\/api.whatsapp.com\/send?text=https:\/\/radiorevelacionfm.cl\/?p=52758' aria-hidden='false' data-av_icon='\uf232' data-av_iconfont='entypo-fontello' title='' data-avia-related-tooltip='Compartir en Whatsapp' rel=\"noopener\"><span class='avia_hidden_link_text'>Compartir en Whatsapp<\/span><\/a><\/li><li class='av-share-link av-social-link-linkedin' ><a target=\"_blank\" aria-label=\"Compartir en LinkedIn\" href='https:\/\/linkedin.com\/shareArticle?mini=true&#038;title=En%20Coyhaique%20personas%20cuidadoras%20valoran%20positivamente%20intervenci%C3%B3n%20del%20programa%20Acci%C3%B3n%20del%20FOSIS&#038;url=https:\/\/radiorevelacionfm.cl\/?p=52758' aria-hidden='false' data-av_icon='\ue8fc' data-av_iconfont='entypo-fontello' title='' data-avia-related-tooltip='Compartir en LinkedIn' rel=\"noopener\"><span class='avia_hidden_link_text'>Compartir en LinkedIn<\/span><\/a><\/li><li class='av-share-link av-social-link-mail' ><a  aria-label=\"Compartir por correo\" href='mailto:?subject=En%20Coyhaique%20personas%20cuidadoras%20valoran%20positivamente%20intervenci%C3%B3n%20del%20programa%20Acci%C3%B3n%20del%20FOSIS&#038;body=https:\/\/radiorevelacionfm.cl\/?p=52758' aria-hidden='false' data-av_icon='\ue805' data-av_iconfont='entypo-fontello' title='' data-avia-related-tooltip='Compartir por correo'><span class='avia_hidden_link_text'>Compartir por correo<\/span><\/a><\/li><\/ul><\/div><\/div>\n<div  style='height:50px' class='hr hr-invisible   avia-builder-el-8  el_after_av_social_share  el_before_av_comments_list '><span class='hr-inner ' ><span class='hr-inner-style'><\/span><\/span><\/div>\n<div  class='av-buildercomment  av-blog-meta-html-info-disabled av-blog-meta-tag-disabled  '><\/div>\n","protected":false},"excerpt":{"rendered":"","protected":false},"author":1,"featured_media":52760,"comment_status":"closed","ping_status":"closed","sticky":false,"template":"","format":"standard","meta":{"footnotes":""},"categories":[38],"tags":[],"class_list":["post-52758","post","type-post","status-publish","format-standard","has-post-thumbnail","hentry","category-regional"],"jetpack_featured_media_url":"https:\/\/radiorevelacionfm.cl\/wp-content\/uploads\/2025\/04\/Programa-Accion-Coyhaique-FOSIS-1-1.jpeg","_links":{"self":[{"href":"https:\/\/radiorevelacionfm.cl\/index.php?rest_route=\/wp\/v2\/posts\/52758","targetHints":{"allow":["GET"]}}],"collection":[{"href":"https:\/\/radiorevelacionfm.cl\/index.php?rest_route=\/wp\/v2\/posts"}],"about":[{"href":"https:\/\/radiorevelacionfm.cl\/index.php?rest_route=\/wp\/v2\/types\/post"}],"author":[{"embeddable":true,"href":"https:\/\/radiorevelacionfm.cl\/index.php?rest_route=\/wp\/v2\/users\/1"}],"replies":[{"embeddable":true,"href":"https:\/\/radiorevelacionfm.cl\/index.php?rest_route=%2Fwp%2Fv2%2Fcomments&post=52758"}],"version-history":[{"count":2,"href":"https:\/\/radiorevelacionfm.cl\/index.php?rest_route=\/wp\/v2\/posts\/52758\/revisions"}],"predecessor-version":[{"id":52765,"href":"https:\/\/radiorevelacionfm.cl\/index.php?rest_route=\/wp\/v2\/posts\/52758\/revisions\/52765"}],"wp:featuredmedia":[{"embeddable":true,"href":"https:\/\/radiorevelacionfm.cl\/index.php?rest_route=\/wp\/v2\/media\/52760"}],"wp:attachment":[{"href":"https:\/\/radiorevelacionfm.cl\/index.php?rest_route=%2Fwp%2Fv2%2Fmedia&parent=52758"}],"wp:term":[{"taxonomy":"category","embeddable":true,"href":"https:\/\/radiorevelacionfm.cl\/index.php?rest_route=%2Fwp%2Fv2%2Fcategories&post=52758"},{"taxonomy":"post_tag","embeddable":true,"href":"https:\/\/radiorevelacionfm.cl\/index.php?rest_route=%2Fwp%2Fv2%2Ftags&post=52758"}],"curies":[{"name":"wp","href":"https:\/\/api.w.org\/{rel}","templated":true}]}}