{"id":52753,"date":"2025-04-16T18:56:25","date_gmt":"2025-04-16T21:56:25","guid":{"rendered":"https:\/\/radiorevelacionfm.cl\/?p=52753"},"modified":"2025-04-16T18:56:25","modified_gmt":"2025-04-16T21:56:25","slug":"cchc-coyhaique-tras-encuentro-de-la-cpc-estas-instancias-posicionan-a-la-empresa-privada-como-motor-de-crecimiento","status":"publish","type":"post","link":"https:\/\/radiorevelacionfm.cl\/?p=52753","title":{"rendered":"CChC Coyhaique tras encuentro de la CPC \u201cEstas instancias posicionan a la empresa privada como motor de crecimiento\u201d"},"content":{"rendered":"<div class=\"flex_column av_one_full  flex_column_div av-zero-column-padding first  avia-builder-el-0  el_before_av_one_full  avia-builder-el-first  \" style='border-radius:0px; '><div  class='avia-image-container  av-styling-    avia-builder-el-1  avia-builder-el-no-sibling  avia-align-center '  itemprop=\"image\" itemscope=\"itemscope\" itemtype=\"https:\/\/schema.org\/ImageObject\"  ><div class='avia-image-container-inner'><div class='avia-image-overlay-wrap'><img decoding=\"async\" class='wp-image-52754 avia-img-lazy-loading-not-52754 avia_image' src=\"https:\/\/radiorevelacionfm.cl\/wp-content\/uploads\/2025\/04\/1-2025-04-16t114348_optimized.203-1.jpg\" alt='' title='1---2025-04-16t114348_optimized.203-(1)' height=\"600\" width=\"800\"  itemprop=\"thumbnailUrl\" srcset=\"https:\/\/radiorevelacionfm.cl\/wp-content\/uploads\/2025\/04\/1-2025-04-16t114348_optimized.203-1.jpg 800w, https:\/\/radiorevelacionfm.cl\/wp-content\/uploads\/2025\/04\/1-2025-04-16t114348_optimized.203-1-300x225.jpg 300w, https:\/\/radiorevelacionfm.cl\/wp-content\/uploads\/2025\/04\/1-2025-04-16t114348_optimized.203-1-768x576.jpg 768w, https:\/\/radiorevelacionfm.cl\/wp-content\/uploads\/2025\/04\/1-2025-04-16t114348_optimized.203-1-705x529.jpg 705w, https:\/\/radiorevelacionfm.cl\/wp-content\/uploads\/2025\/04\/1-2025-04-16t114348_optimized.203-1-450x338.jpg 450w, https:\/\/radiorevelacionfm.cl\/wp-content\/uploads\/2025\/04\/1-2025-04-16t114348_optimized.203-1-600x450.jpg 600w\" sizes=\"(max-width: 800px) 100vw, 800px\" \/><\/div><\/div><\/div><\/div><div class=\"flex_column av_one_full  flex_column_div av-zero-column-padding first  avia-builder-el-2  el_after_av_one_full  el_before_av_one_full  column-top-margin\" style='border-radius:0px; '><section class=\"av_textblock_section \"  itemscope=\"itemscope\" itemtype=\"https:\/\/schema.org\/BlogPosting\" itemprop=\"blogPost\" ><div class='avia_textblock  '   itemprop=\"text\" ><p style=\"text-align: center;\"><span style=\"font-size: 18pt;\"><strong>CChC Coyhaique tras encuentro de la CPC \u201cEstas instancias posicionan a la empresa privada como motor de crecimiento\u201d<\/strong><\/span><\/p>\n<div id=\"gtx-trans\" style=\"position: absolute; left: -50px; top: 4.31534px;\">\n<div class=\"gtx-trans-icon\"><\/div>\n<\/div>\n<\/div><\/section><\/div><div class=\"flex_column av_one_full  flex_column_div av-zero-column-padding first  avia-builder-el-4  el_after_av_one_full  el_before_av_hr  column-top-margin\" style='border-radius:0px; '><section class=\"av_textblock_section \"  itemscope=\"itemscope\" itemtype=\"https:\/\/schema.org\/BlogPosting\" itemprop=\"blogPost\" ><div class='avia_textblock  '   itemprop=\"text\" ><p style=\"text-align: justify;\"><em>Las propuestas levantadas desde la regi\u00f3n, ser\u00e1n parte del documento que la Confederaci\u00f3n de la Producci\u00f3n y el Comercio, entregar\u00e1 a los candidatos presidenciales.<\/em><\/p>\n<p style=\"text-align: justify;\">La C\u00e1mara Chilena de la Construcci\u00f3n estuvo presente en el encuentro Gremios por Chile, organizado por la Confederaci\u00f3n de la Producci\u00f3n y el Comercio (CPC) en la ciudad de Coyhaique, que tuvo por finalidad, conocer las problem\u00e1ticas que la industria local enfrenta y apoyar con soluciones.<\/p>\n<p style=\"text-align: justify;\">La actividad comenz\u00f3 la jornada del lunes con una reuni\u00f3n de directorio, donde estuvo presente el presidente nacional del gremio de los constructores, Alfredo Echavarr\u00eda, para continuar el martes con una intensa jornada de trabajo, que se realiz\u00f3 en dependencias de la sede local de Inacap, donde m\u00e1s de 70 empresarios, nacionales y locales, dieron a conocer su visi\u00f3n respecto de c\u00f3mo potenciar el desarrollo de Ays\u00e9n de acuerdo a sus potenciales productivos.<\/p>\n<p style=\"text-align: justify;\">Desde la CChC Coyhaique, su presidente, Pablo Carrasco, manifest\u00f3 que estas instancias de di\u00e1logo permiten posicionar a la empresa privada como motor de crecimiento \u201cNos parece una iniciativa que es realmente destacable, porque une a los gremios, se los escucha y, adem\u00e1s, se trata de llevar nuestra voz a nivel central, de reflejar nuestros problemas y de ver c\u00f3mo podemos avanzar en el desarrollo regional\u201d, puntualiz\u00f3.<\/p>\n<p style=\"text-align: justify;\">Respecto de los temas levantados, destacan la conectividad, tanto intra como extra regional, el desarrollo de capital humano, la generaci\u00f3n energ\u00e9tica y mejorar las leyes de excepci\u00f3n que rigen para Ays\u00e9n como zona extrema. \u201cCreo que hay una visi\u00f3n bien similar en los puntos que la regi\u00f3n necesita desarrollar. Conectividad, energ\u00eda, y una propuesta robusta de leyes de excepci\u00f3n, que permitan el desarrollo de la empresa privada como motor de crecimiento\u201d, agreg\u00f3 Carrasco.<\/p>\n<p style=\"text-align: justify;\">Son estos temas, los que precisamente viene la CChC abordando desde hace un tiempo, entregando propuestas concretas para su soluci\u00f3n, entre ellas, el estudio de an\u00e1lisis de las leyes de excepci\u00f3n que est\u00e1 en poder del ministro de Hacienda, y de las autoridades locales.<\/p>\n<p style=\"text-align: justify;\">Respecto de qu\u00e9 suceder\u00e1 con los insumos obtenidos en el di\u00e1logo local, la presidenta de la CPC a nivel nacional, Susana Jim\u00e9nez, detall\u00f3 que se sistematizar\u00e1n y que ser\u00e1n parte de un documento que se entregar\u00e1 a los candidatos presidenciales.<\/p>\n<p style=\"text-align: justify;\">\u201cComo CPC estamos realizando un trabajo que hemos denominado \u201cMotores para el Desarrollo de Chile sostenible\u201d, y ese trabajo no puede ser sino desde el trabajo en conjunto con las regiones, de sus particularidades, pero tambi\u00e9n desde esas problem\u00e1ticas que son transversales a lo largo de todo el pa\u00eds, por lo tanto, van a ser parte de esta propuesta que vamos a presentar\u201d, indic\u00f3.<\/p>\n<p style=\"text-align: justify;\"><strong>Reconocimiento a empresas <\/strong><\/p>\n<p style=\"text-align: justify;\">Durante la jornada, no solo prim\u00f3 el di\u00e1logo, tambi\u00e9n hubo espacio para reconocer el trabajo que se ha desarrollado en la regi\u00f3n por el rubro privado, particularmente en materia de innovaci\u00f3n, lo que permite mostrar el trabajo que se desarrolla en Ays\u00e9n, al resto del pa\u00eds.<\/p>\n<p style=\"text-align: justify;\">En ese contexto, desde la CPC reconocieron a dos empresas locales, la primera de ellas, cervecer\u00eda Dolbek, sum\u00e1ndose a esta, Ays\u00e9n Recircular, socia de la C\u00e1mara Chilena de la Construcci\u00f3n. En el caso de esta \u00faltima, se destac\u00f3 la labor que realizan reciclando el poliestireno expandido (Plumavit) que utiliza la industria de la salmonicultura local, para el desarrollo de dos productos: paneles pre fabricados para la industria de la construcci\u00f3n y la elaboraci\u00f3n de pinturas.<\/p>\n<\/div><\/section><\/div><div  style='height:50px' class='hr hr-invisible   avia-builder-el-6  el_after_av_one_full  el_before_av_social_share '><span class='hr-inner ' ><span class='hr-inner-style'><\/span><\/span><\/div><\/p>\n<div  class='av-social-sharing-box  avia-builder-el-7  el_after_av_hr  el_before_av_hr  '><div class='av-share-box'><h5 class='av-share-link-description av-no-toc '>Compartir esta noticia<\/h5><ul class='av-share-box-list noLightbox'><li class='av-share-link av-social-link-facebook' ><a target=\"_blank\" aria-label=\"Compartir en Facebook\" href='https:\/\/www.facebook.com\/sharer.php?u=https:\/\/radiorevelacionfm.cl\/?p=52753&#038;t=CChC%20Coyhaique%20tras%20encuentro%20de%20la%20CPC%20%E2%80%9CEstas%20instancias%20posicionan%20a%20la%20empresa%20privada%20como%20motor%20de%20crecimiento%E2%80%9D' aria-hidden='false' data-av_icon='\ue8f3' data-av_iconfont='entypo-fontello' title='' data-avia-related-tooltip='Compartir en Facebook' rel=\"noopener\"><span class='avia_hidden_link_text'>Compartir en Facebook<\/span><\/a><\/li><li class='av-share-link av-social-link-twitter' ><a target=\"_blank\" aria-label=\"Compartir en Twitter\" href='https:\/\/twitter.com\/share?text=CChC%20Coyhaique%20tras%20encuentro%20de%20la%20CPC%20%E2%80%9CEstas%20instancias%20posicionan%20a%20la%20empresa%20privada%20como%20motor%20de%20crecimiento%E2%80%9D&#038;url=https:\/\/radiorevelacionfm.cl\/?p=52753' aria-hidden='false' data-av_icon='\ue8f1' data-av_iconfont='entypo-fontello' title='' data-avia-related-tooltip='Compartir en Twitter' rel=\"noopener\"><span class='avia_hidden_link_text'>Compartir en Twitter<\/span><\/a><\/li><li class='av-share-link av-social-link-whatsapp' ><a target=\"_blank\" aria-label=\"Compartir en Whatsapp\" href='https:\/\/api.whatsapp.com\/send?text=https:\/\/radiorevelacionfm.cl\/?p=52753' aria-hidden='false' data-av_icon='\uf232' data-av_iconfont='entypo-fontello' title='' data-avia-related-tooltip='Compartir en Whatsapp' rel=\"noopener\"><span class='avia_hidden_link_text'>Compartir en Whatsapp<\/span><\/a><\/li><li class='av-share-link av-social-link-linkedin' ><a target=\"_blank\" aria-label=\"Compartir en LinkedIn\" href='https:\/\/linkedin.com\/shareArticle?mini=true&#038;title=CChC%20Coyhaique%20tras%20encuentro%20de%20la%20CPC%20%E2%80%9CEstas%20instancias%20posicionan%20a%20la%20empresa%20privada%20como%20motor%20de%20crecimiento%E2%80%9D&#038;url=https:\/\/radiorevelacionfm.cl\/?p=52753' aria-hidden='false' data-av_icon='\ue8fc' data-av_iconfont='entypo-fontello' title='' data-avia-related-tooltip='Compartir en LinkedIn' rel=\"noopener\"><span class='avia_hidden_link_text'>Compartir en LinkedIn<\/span><\/a><\/li><li class='av-share-link av-social-link-mail' ><a  aria-label=\"Compartir por correo\" href='mailto:?subject=CChC%20Coyhaique%20tras%20encuentro%20de%20la%20CPC%20%E2%80%9CEstas%20instancias%20posicionan%20a%20la%20empresa%20privada%20como%20motor%20de%20crecimiento%E2%80%9D&#038;body=https:\/\/radiorevelacionfm.cl\/?p=52753' aria-hidden='false' data-av_icon='\ue805' data-av_iconfont='entypo-fontello' title='' data-avia-related-tooltip='Compartir por correo'><span class='avia_hidden_link_text'>Compartir por correo<\/span><\/a><\/li><\/ul><\/div><\/div>\n<div  style='height:50px' class='hr hr-invisible   avia-builder-el-8  el_after_av_social_share  el_before_av_comments_list '><span class='hr-inner ' ><span class='hr-inner-style'><\/span><\/span><\/div>\n<div  class='av-buildercomment  av-blog-meta-html-info-disabled av-blog-meta-tag-disabled  '><\/div>\n","protected":false},"excerpt":{"rendered":"","protected":false},"author":1,"featured_media":52754,"comment_status":"closed","ping_status":"closed","sticky":false,"template":"","format":"standard","meta":{"footnotes":""},"categories":[38],"tags":[],"class_list":["post-52753","post","type-post","status-publish","format-standard","has-post-thumbnail","hentry","category-regional"],"jetpack_featured_media_url":"https:\/\/radiorevelacionfm.cl\/wp-content\/uploads\/2025\/04\/1-2025-04-16t114348_optimized.203-1.jpg","_links":{"self":[{"href":"https:\/\/radiorevelacionfm.cl\/index.php?rest_route=\/wp\/v2\/posts\/52753","targetHints":{"allow":["GET"]}}],"collection":[{"href":"https:\/\/radiorevelacionfm.cl\/index.php?rest_route=\/wp\/v2\/posts"}],"about":[{"href":"https:\/\/radiorevelacionfm.cl\/index.php?rest_route=\/wp\/v2\/types\/post"}],"author":[{"embeddable":true,"href":"https:\/\/radiorevelacionfm.cl\/index.php?rest_route=\/wp\/v2\/users\/1"}],"replies":[{"embeddable":true,"href":"https:\/\/radiorevelacionfm.cl\/index.php?rest_route=%2Fwp%2Fv2%2Fcomments&post=52753"}],"version-history":[{"count":2,"href":"https:\/\/radiorevelacionfm.cl\/index.php?rest_route=\/wp\/v2\/posts\/52753\/revisions"}],"predecessor-version":[{"id":52787,"href":"https:\/\/radiorevelacionfm.cl\/index.php?rest_route=\/wp\/v2\/posts\/52753\/revisions\/52787"}],"wp:featuredmedia":[{"embeddable":true,"href":"https:\/\/radiorevelacionfm.cl\/index.php?rest_route=\/wp\/v2\/media\/52754"}],"wp:attachment":[{"href":"https:\/\/radiorevelacionfm.cl\/index.php?rest_route=%2Fwp%2Fv2%2Fmedia&parent=52753"}],"wp:term":[{"taxonomy":"category","embeddable":true,"href":"https:\/\/radiorevelacionfm.cl\/index.php?rest_route=%2Fwp%2Fv2%2Fcategories&post=52753"},{"taxonomy":"post_tag","embeddable":true,"href":"https:\/\/radiorevelacionfm.cl\/index.php?rest_route=%2Fwp%2Fv2%2Ftags&post=52753"}],"curies":[{"name":"wp","href":"https:\/\/api.w.org\/{rel}","templated":true}]}}